{"id":1789,"date":"2020-11-23T12:00:00","date_gmt":"2020-11-23T10:00:00","guid":{"rendered":"https:\/\/blogs.fu-berlin.de\/dachadobeconnect\/?p=1789"},"modified":"2020-12-14T14:48:58","modified_gmt":"2020-12-14T12:48:58","slug":"drittes-online-seminar-im-wise-2020-21-am-02-12-2020","status":"publish","type":"post","link":"https:\/\/blogs.fu-berlin.de\/dachadobeconnect\/2020\/11\/23\/drittes-online-seminar-im-wise-2020-21-am-02-12-2020\/","title":{"rendered":"Drittes Online-Seminar im WiSe 2020\/21 am 02.12.2020"},"content":{"rendered":"\n<h3 class=\"wp-block-heading\">Mittwoch, 02.12.2020, 15.30 Uhr<\/h3>\n\n\n\n<p><strong>Thema: \u201cZoom\u201d<\/strong><\/p>\n\n\n\n<p>Zoom ist einer der Shootingstars der Coronakrise. Urspr\u00fcnglich als Webkonferenztool im Businessbereich gestartet wird es seit dem Fr\u00fchjahr 2020 an vielen Hochschulen genutzt. Um die M\u00f6glichkeiten und Grenzen f\u00fcr die Onlinelehre gleich direkt erfahren zu k\u00f6nnen, finden das Onlineseminar in Zoom statt. Wir werden uns die verschiedenen Funktionen des Systems ansehen und sie auch ganz direkt ausprobieren. <\/p>\n\n\n\n<p>Weiterhin wird Hr. Br\u00f6ker seine Erfahrungen als Zoom-Admin einer gro\u00dfen Hochschule teilen. Eine Diskussion der didaktischen M\u00f6glichkeiten dieses Tools rundet das Seminar ab.<\/p>\n\n\n\n<p><strong>Referenten:<\/strong> Prof.  Dr. Robert Lehmann (<a rel=\"noreferrer noopener\" href=\"https:\/\/www.th-nuernberg.de\/de\/person\/lehmann-robert\/\" target=\"_blank\">https:\/\/www.th-nuernberg.de\/de\/person\/lehmann-robert\/<\/a>) und Dr. Thomas Br\u00f6ker (<a rel=\"noreferrer noopener\" href=\"https:\/\/twitter.com\/puzzknow\" target=\"_blank\">https:\/\/twitter.com\/puzzknow<\/a>), Technische Hochschule N\u00fcrnberg<\/p>\n\n\n\n<figure class=\"wp-block-gallery columns-2 is-cropped wp-block-gallery-1 is-layout-flex wp-block-gallery-is-layout-flex\"><ul class=\"blocks-gallery-grid\"><li class=\"blocks-gallery-item\"><figure><img loading=\"lazy\" decoding=\"async\" width=\"100\" height=\"140\" src=\"https:\/\/blogs.fu-berlin.de\/dachadobeconnect\/files\/2020\/10\/csm_281028-8_ac122219c6-1-1.jpg\" alt=\"\" data-id=\"1823\" data-full-url=\"https:\/\/blogs.fu-berlin.de\/dachadobeconnect\/files\/2020\/10\/csm_281028-8_ac122219c6-1-1.jpg\" data-link=\"https:\/\/blogs.fu-berlin.de\/dachadobeconnect\/?attachment_id=1823\" class=\"wp-image-1823\" \/><figcaption class=\"blocks-gallery-item__caption\">Robert Lehmann<\/figcaption><\/figure><\/li><li class=\"blocks-gallery-item\"><figure><img loading=\"lazy\" decoding=\"async\" width=\"152\" height=\"140\" src=\"https:\/\/blogs.fu-berlin.de\/dachadobeconnect\/files\/2020\/10\/Profilbild_klein-Kopie.jpg\" alt=\"\" data-id=\"1816\" data-full-url=\"https:\/\/blogs.fu-berlin.de\/dachadobeconnect\/files\/2020\/10\/Profilbild_klein-Kopie.jpg\" data-link=\"https:\/\/blogs.fu-berlin.de\/dachadobeconnect\/?attachment_id=1816\" class=\"wp-image-1816\" \/><figcaption class=\"blocks-gallery-item__caption\">Thomas Br\u00f6ker<\/figcaption><\/figure><\/li><\/ul><\/figure>\n\n\n\n<p>Alle interessierten Kolleginnen und Kollegen sind herzlich eingeladen. Die Teilnahme ist wie immer kostenfrei.<\/p>\n\n\n\n<p>Weitere Informationen finden Sie auch unter <a href=\"https:\/\/blogs.fu-berlin.de\/dachadobeconnect\/programm\/\">Programm<\/a>.<\/p>\n","protected":false},"excerpt":{"rendered":"<p>Mittwoch, 02.12.2020, 15.30 Uhr Thema: \u201cZoom\u201d Zoom ist einer der Shootingstars der Coronakrise. Urspr\u00fcnglich als Webkonferenztool im Businessbereich gestartet wird es seit dem Fr\u00fchjahr 2020 an vielen Hochschulen genutzt. Um die M\u00f6glichkeiten und Grenzen f\u00fcr die Onlinelehre gleich direkt erfahren zu k\u00f6nnen, finden das Onlineseminar in Zoom statt. Wir werden uns die verschiedenen Funktionen des &hellip; <a href=\"https:\/\/blogs.fu-berlin.de\/dachadobeconnect\/2020\/11\/23\/drittes-online-seminar-im-wise-2020-21-am-02-12-2020\/\" class=\"more-link\">Continue reading<span class=\"screen-reader-text\"> &#8220;Drittes Online-Seminar im WiSe 2020\/21 am 02.12.2020&#8221;<\/span><\/a><\/p>\n","protected":false},"author":2870,"featured_media":0,"comment_status":"open","ping_status":"open","sticky":false,"template":"","format":"standard","meta":{"footnotes":""},"categories":[9],"tags":[361666],"class_list":["post-1789","post","type-post","status-publish","format-standard","hentry","category-allgemein","tag-zoom"],"_links":{"self":[{"href":"https:\/\/blogs.fu-berlin.de\/dachadobeconnect\/wp-json\/wp\/v2\/posts\/1789","targetHints":{"allow":["GET"]}}],"collection":[{"href":"https:\/\/blogs.fu-berlin.de\/dachadobeconnect\/wp-json\/wp\/v2\/posts"}],"about":[{"href":"https:\/\/blogs.fu-berlin.de\/dachadobeconnect\/wp-json\/wp\/v2\/types\/post"}],"author":[{"embeddable":true,"href":"https:\/\/blogs.fu-berlin.de\/dachadobeconnect\/wp-json\/wp\/v2\/users\/2870"}],"replies":[{"embeddable":true,"href":"https:\/\/blogs.fu-berlin.de\/dachadobeconnect\/wp-json\/wp\/v2\/comments?post=1789"}],"version-history":[{"count":20,"href":"https:\/\/blogs.fu-berlin.de\/dachadobeconnect\/wp-json\/wp\/v2\/posts\/1789\/revisions"}],"predecessor-version":[{"id":1853,"href":"https:\/\/blogs.fu-berlin.de\/dachadobeconnect\/wp-json\/wp\/v2\/posts\/1789\/revisions\/1853"}],"wp:attachment":[{"href":"https:\/\/blogs.fu-berlin.de\/dachadobeconnect\/wp-json\/wp\/v2\/media?parent=1789"}],"wp:term":[{"taxonomy":"category","embeddable":true,"href":"https:\/\/blogs.fu-berlin.de\/dachadobeconnect\/wp-json\/wp\/v2\/categories?post=1789"},{"taxonomy":"post_tag","embeddable":true,"href":"https:\/\/blogs.fu-berlin.de\/dachadobeconnect\/wp-json\/wp\/v2\/tags?post=1789"}],"curies":[{"name":"wp","href":"https:\/\/api.w.org\/{rel}","templated":true}]}}