{"id":2010,"date":"2021-12-15T17:50:14","date_gmt":"2021-12-15T15:50:14","guid":{"rendered":"https:\/\/blogs.fu-berlin.de\/dachadobeconnect\/?p=2010"},"modified":"2021-12-20T12:19:17","modified_gmt":"2021-12-20T10:19:17","slug":"ruckblick-auf-zweites-online-seminar-im-wise-2021-22-am-15-12-2021","status":"publish","type":"post","link":"https:\/\/blogs.fu-berlin.de\/dachadobeconnect\/2021\/12\/15\/ruckblick-auf-zweites-online-seminar-im-wise-2021-22-am-15-12-2021\/","title":{"rendered":"R\u00fcckblick auf zweites Online-Seminar im WiSe 2021\/22 am 15.12.2021"},"content":{"rendered":"\n<p>Die Aufzeichnung des zweiten Online-Seminars vom 15.12.2021 zum Thema  &#8220;<strong><strong>M\u00f6glichkeiten der Gestaltung von Kommunikation und Interaktion in Webkonferenzen (bspw. in Zoom)<\/strong><\/strong>&#8221; mit Kathrin Braungardt von RUHR UNIVERSIT\u00c4T BOCHUM ist nun online.<\/p>\n\n\n\n<figure class=\"wp-block-image size-large is-resized\"><img loading=\"lazy\" decoding=\"async\" src=\"https:\/\/blogs.fu-berlin.de\/dachadobeconnect\/files\/2021\/12\/Bildschirmfoto-2021-12-15-um-16.40.12-1024x582.png\" alt=\"\" class=\"wp-image-2011\" width=\"512\" height=\"291\" srcset=\"https:\/\/blogs.fu-berlin.de\/dachadobeconnect\/files\/2021\/12\/Bildschirmfoto-2021-12-15-um-16.40.12-1024x582.png 1024w, https:\/\/blogs.fu-berlin.de\/dachadobeconnect\/files\/2021\/12\/Bildschirmfoto-2021-12-15-um-16.40.12-300x171.png 300w, https:\/\/blogs.fu-berlin.de\/dachadobeconnect\/files\/2021\/12\/Bildschirmfoto-2021-12-15-um-16.40.12-768x437.png 768w, https:\/\/blogs.fu-berlin.de\/dachadobeconnect\/files\/2021\/12\/Bildschirmfoto-2021-12-15-um-16.40.12-1200x682.png 1200w, https:\/\/blogs.fu-berlin.de\/dachadobeconnect\/files\/2021\/12\/Bildschirmfoto-2021-12-15-um-16.40.12.png 1456w\" sizes=\"auto, (max-width: 512px) 85vw, 512px\" \/><\/figure>\n\n\n\n<p>Die Aufzeichnung des Online-Seminars finden Sie <a rel=\"noreferrer noopener\" href=\"https:\/\/webconf.vc.dfn.de\/pjpksx0equfk\/\" target=\"_blank\">hier. <\/a><\/p>\n\n\n\n<div class=\"wp-block-file\"><a href=\"https:\/\/blogs.fu-berlin.de\/dachadobeconnect\/files\/2021\/12\/interaktion_webkonferenzen-15-12-21-.pdf\">Download: Folien des Online-Seminars vom 15.12.2021<\/a><\/div>\n\n\n\n<p>Wir w\u00fcnschen allen eine sch\u00f6ne Vorweihnachtszeit, erholsame Feiertage und einen guten Rutsch ins neue Jahr 2022! Wir freuen uns, Sie bei unserem n\u00e4chsten Online-Seminar im Januar wieder zu begr\u00fc\u00dfen. Weitere Informationen dazu finden Sie unter <a href=\"https:\/\/blogs.fu-berlin.de\/dachadobeconnect\/programm\/\">Programm<\/a>. <\/p>\n","protected":false},"excerpt":{"rendered":"<p>Die Aufzeichnung des zweiten Online-Seminars vom 15.12.2021 zum Thema &#8220;M\u00f6glichkeiten der Gestaltung von Kommunikation und Interaktion in Webkonferenzen (bspw. in Zoom)&#8221; mit Kathrin Braungardt von RUHR UNIVERSIT\u00c4T BOCHUM ist nun online. Die Aufzeichnung des Online-Seminars finden Sie hier. Wir w\u00fcnschen allen eine sch\u00f6ne Vorweihnachtszeit, erholsame Feiertage und einen guten Rutsch ins neue Jahr 2022! Wir &hellip; <a href=\"https:\/\/blogs.fu-berlin.de\/dachadobeconnect\/2021\/12\/15\/ruckblick-auf-zweites-online-seminar-im-wise-2021-22-am-15-12-2021\/\" class=\"more-link\">Continue reading<span class=\"screen-reader-text\"> &#8220;R\u00fcckblick auf zweites Online-Seminar im WiSe 2021\/22 am 15.12.2021&#8221;<\/span><\/a><\/p>\n","protected":false},"author":2870,"featured_media":0,"comment_status":"open","ping_status":"open","sticky":false,"template":"","format":"standard","meta":{"footnotes":""},"categories":[39950],"tags":[23153,1468],"class_list":["post-2010","post","type-post","status-publish","format-standard","hentry","category-rueckblick","tag-interaktion","tag-kommunikation"],"_links":{"self":[{"href":"https:\/\/blogs.fu-berlin.de\/dachadobeconnect\/wp-json\/wp\/v2\/posts\/2010","targetHints":{"allow":["GET"]}}],"collection":[{"href":"https:\/\/blogs.fu-berlin.de\/dachadobeconnect\/wp-json\/wp\/v2\/posts"}],"about":[{"href":"https:\/\/blogs.fu-berlin.de\/dachadobeconnect\/wp-json\/wp\/v2\/types\/post"}],"author":[{"embeddable":true,"href":"https:\/\/blogs.fu-berlin.de\/dachadobeconnect\/wp-json\/wp\/v2\/users\/2870"}],"replies":[{"embeddable":true,"href":"https:\/\/blogs.fu-berlin.de\/dachadobeconnect\/wp-json\/wp\/v2\/comments?post=2010"}],"version-history":[{"count":2,"href":"https:\/\/blogs.fu-berlin.de\/dachadobeconnect\/wp-json\/wp\/v2\/posts\/2010\/revisions"}],"predecessor-version":[{"id":2017,"href":"https:\/\/blogs.fu-berlin.de\/dachadobeconnect\/wp-json\/wp\/v2\/posts\/2010\/revisions\/2017"}],"wp:attachment":[{"href":"https:\/\/blogs.fu-berlin.de\/dachadobeconnect\/wp-json\/wp\/v2\/media?parent=2010"}],"wp:term":[{"taxonomy":"category","embeddable":true,"href":"https:\/\/blogs.fu-berlin.de\/dachadobeconnect\/wp-json\/wp\/v2\/categories?post=2010"},{"taxonomy":"post_tag","embeddable":true,"href":"https:\/\/blogs.fu-berlin.de\/dachadobeconnect\/wp-json\/wp\/v2\/tags?post=2010"}],"curies":[{"name":"wp","href":"https:\/\/api.w.org\/{rel}","templated":true}]}}