{"id":2021,"date":"2022-01-17T14:29:39","date_gmt":"2022-01-17T12:29:39","guid":{"rendered":"https:\/\/blogs.fu-berlin.de\/dachadobeconnect\/?p=2021"},"modified":"2022-01-17T14:33:03","modified_gmt":"2022-01-17T12:33:03","slug":"drittes-online-seminar-im-wise-2021-22","status":"publish","type":"post","link":"https:\/\/blogs.fu-berlin.de\/dachadobeconnect\/2022\/01\/17\/drittes-online-seminar-im-wise-2021-22\/","title":{"rendered":"Drittes Online-Seminar im WiSe 2021\/22"},"content":{"rendered":"\n<h2 class=\"wp-block-heading\">Mittwoch, 26.01.2022, 15:30 Uhr<\/h2>\n\n\n\n<p><strong>Titel: Die Herausforderung informeller Kommunikation in Hybrid-Settings<\/strong><\/p>\n\n\n\n<p>In unserem dritten Online-Seminar des laufenden Wintersemesters 2021\/22 widmen wir uns dem Thema informeller Kommunikation in Hybrid-Settings. Die Pandemie seit Fr\u00fchjahr 2020 hat zu einer enormen Zunahme von Online-Bildungsformaten gef\u00fchrt. Mittlerweile wurde der Umgang mit den jeweiligen Tools und Methoden selbstverst\u00e4ndlich. Dennoch freuen sich Viele auf eine R\u00fcckkehr zu den etablierten Pr\u00e4senzformaten, denn die pers\u00f6nliche Begegnung und der Austausch kommen online oft zu kurz. <\/p>\n\n\n\n<p>Andererseits hat man sich an die einfache Online-Zug\u00e4nglichkeit ohne aufw\u00e4ndige Anreisen gew\u00f6hnt. Daher d\u00fcrften Hybrid-Settings \u201cthe new normal\u201d werden, wobei sich bei Online- und Hybrid-Settings zus\u00e4tzlich zu den technischen und methodischen Herausforderungen noch diejenige des informellen Austauschs zwischen Online- und Offline-Teilnehmenden gesellt. Der Impuls besch\u00e4ftigt sich &#8211; neben dem Versuch den Begriff \u201chybrid\u201d zu kl\u00e4ren &#8211; mit den gegenw\u00e4rtigen M\u00f6glichkeiten f\u00fcr Socialising, informelle Kommunikation, Vernetzung in hybriden Bildungsformaten und gibt einen Ausblick auf zuk\u00fcnftige Entwicklungen.<\/p>\n\n\n\n<p><strong>Referent:<\/strong> David R\u00f6thler <a rel=\"noreferrer noopener\" href=\"https:\/\/david.roethler.at\/\" target=\"_blank\">(Universit\u00e4tslektor, Erwachsenenbildner, Berater) <\/a><\/p>\n\n\n\n<figure class=\"wp-block-image size-large is-resized\"><img loading=\"lazy\" decoding=\"async\" src=\"https:\/\/blogs.fu-berlin.de\/dachadobeconnect\/files\/2022\/01\/portrait_david-225x300-1.jpg\" alt=\"\" class=\"wp-image-2025\" width=\"169\" height=\"225\" \/><\/figure>\n\n\n\n<p>Die URL zur Veranstaltung: <a rel=\"noreferrer noopener\" href=\"https:\/\/webconf.vc.dfn.de\/dachadobeconnect\/\" target=\"_blank\">https:\/\/webconf.vc.dfn.de\/dachadobeconnect\/<\/a><\/p>\n\n\n\n<p>Alle interessierten Personen sind herzlich eingeladen. Die Teilnahme ist wie immer kostenfrei.<\/p>\n\n\n\n<p>Weitere Informationen finden Sie auch unter <a href=\"https:\/\/blogs.fu-berlin.de\/dachadobeconnect\/programm\/\">Programm<\/a>.<\/p>\n","protected":false},"excerpt":{"rendered":"<p>Mittwoch, 26.01.2022, 15:30 Uhr Titel: Die Herausforderung informeller Kommunikation in Hybrid-Settings In unserem dritten Online-Seminar des laufenden Wintersemesters 2021\/22 widmen wir uns dem Thema informeller Kommunikation in Hybrid-Settings. Die Pandemie seit Fr\u00fchjahr 2020 hat zu einer enormen Zunahme von Online-Bildungsformaten gef\u00fchrt. Mittlerweile wurde der Umgang mit den jeweiligen Tools und Methoden selbstverst\u00e4ndlich. Dennoch freuen sich &hellip; <a href=\"https:\/\/blogs.fu-berlin.de\/dachadobeconnect\/2022\/01\/17\/drittes-online-seminar-im-wise-2021-22\/\" class=\"more-link\">Continue reading<span class=\"screen-reader-text\"> &#8220;Drittes Online-Seminar im WiSe 2021\/22&#8221;<\/span><\/a><\/p>\n","protected":false},"author":2870,"featured_media":0,"comment_status":"open","ping_status":"open","sticky":false,"template":"","format":"standard","meta":{"footnotes":""},"categories":[9],"tags":[350813,56051,56083,1468,405682],"class_list":["post-2021","post","type-post","status-publish","format-standard","hentry","category-allgemein","tag-hybrid","tag-hybridmeeting","tag-hybridmeetings","tag-kommunikation","tag-socialising"],"_links":{"self":[{"href":"https:\/\/blogs.fu-berlin.de\/dachadobeconnect\/wp-json\/wp\/v2\/posts\/2021","targetHints":{"allow":["GET"]}}],"collection":[{"href":"https:\/\/blogs.fu-berlin.de\/dachadobeconnect\/wp-json\/wp\/v2\/posts"}],"about":[{"href":"https:\/\/blogs.fu-berlin.de\/dachadobeconnect\/wp-json\/wp\/v2\/types\/post"}],"author":[{"embeddable":true,"href":"https:\/\/blogs.fu-berlin.de\/dachadobeconnect\/wp-json\/wp\/v2\/users\/2870"}],"replies":[{"embeddable":true,"href":"https:\/\/blogs.fu-berlin.de\/dachadobeconnect\/wp-json\/wp\/v2\/comments?post=2021"}],"version-history":[{"count":4,"href":"https:\/\/blogs.fu-berlin.de\/dachadobeconnect\/wp-json\/wp\/v2\/posts\/2021\/revisions"}],"predecessor-version":[{"id":2027,"href":"https:\/\/blogs.fu-berlin.de\/dachadobeconnect\/wp-json\/wp\/v2\/posts\/2021\/revisions\/2027"}],"wp:attachment":[{"href":"https:\/\/blogs.fu-berlin.de\/dachadobeconnect\/wp-json\/wp\/v2\/media?parent=2021"}],"wp:term":[{"taxonomy":"category","embeddable":true,"href":"https:\/\/blogs.fu-berlin.de\/dachadobeconnect\/wp-json\/wp\/v2\/categories?post=2021"},{"taxonomy":"post_tag","embeddable":true,"href":"https:\/\/blogs.fu-berlin.de\/dachadobeconnect\/wp-json\/wp\/v2\/tags?post=2021"}],"curies":[{"name":"wp","href":"https:\/\/api.w.org\/{rel}","templated":true}]}}