{"id":2029,"date":"2022-01-26T18:14:40","date_gmt":"2022-01-26T16:14:40","guid":{"rendered":"https:\/\/blogs.fu-berlin.de\/dachadobeconnect\/?p=2029"},"modified":"2022-01-26T18:14:40","modified_gmt":"2022-01-26T16:14:40","slug":"ruckblick-auf-drittes-online-seminar-im-wise-2021-22-am-26-01-2022","status":"publish","type":"post","link":"https:\/\/blogs.fu-berlin.de\/dachadobeconnect\/2022\/01\/26\/ruckblick-auf-drittes-online-seminar-im-wise-2021-22-am-26-01-2022\/","title":{"rendered":"R\u00fcckblick auf drittes Online-Seminar im WiSe 2021\/22 am 26.01.2022"},"content":{"rendered":"\n<p>Die Aufzeichnung unseres dritten Online-Seminars vom 26.01.2022 zum Thema <strong>&#8220;Die Herausforderung informeller Kommunikation in Hybrid-Settings<\/strong>&#8221; mit David R\u00f6thler ist online verf\u00fcgbar. <\/p>\n\n\n\n<figure class=\"wp-block-image size-large is-resized\"><img loading=\"lazy\" decoding=\"async\" src=\"https:\/\/blogs.fu-berlin.de\/dachadobeconnect\/files\/2022\/01\/Bildschirmfoto-2022-01-26-um-17.10.48-1024x583.png\" alt=\"\" class=\"wp-image-2030\" width=\"512\" height=\"292\" srcset=\"https:\/\/blogs.fu-berlin.de\/dachadobeconnect\/files\/2022\/01\/Bildschirmfoto-2022-01-26-um-17.10.48-1024x583.png 1024w, https:\/\/blogs.fu-berlin.de\/dachadobeconnect\/files\/2022\/01\/Bildschirmfoto-2022-01-26-um-17.10.48-300x171.png 300w, https:\/\/blogs.fu-berlin.de\/dachadobeconnect\/files\/2022\/01\/Bildschirmfoto-2022-01-26-um-17.10.48-768x437.png 768w, https:\/\/blogs.fu-berlin.de\/dachadobeconnect\/files\/2022\/01\/Bildschirmfoto-2022-01-26-um-17.10.48-1536x874.png 1536w, https:\/\/blogs.fu-berlin.de\/dachadobeconnect\/files\/2022\/01\/Bildschirmfoto-2022-01-26-um-17.10.48-1200x683.png 1200w, https:\/\/blogs.fu-berlin.de\/dachadobeconnect\/files\/2022\/01\/Bildschirmfoto-2022-01-26-um-17.10.48.png 1630w\" sizes=\"auto, (max-width: 512px) 85vw, 512px\" \/><\/figure>\n\n\n\n<p>Die Aufzeichnung des Online-Seminars finden Sie <a rel=\"noreferrer noopener\" href=\"https:\/\/webconf.vc.dfn.de\/pfp329ktm6h5\/\" target=\"_blank\">hier.<\/a> <\/p>\n\n\n\n<p>Weitere Informationen zu unserem n\u00e4chsten Extra-Online-Seminar im Februar 2022 finden Sie unter &#8220;<a href=\"https:\/\/blogs.fu-berlin.de\/dachadobeconnect\/programm\/\">Programm<\/a>&#8220;. <\/p>\n","protected":false},"excerpt":{"rendered":"<p>Die Aufzeichnung unseres dritten Online-Seminars vom 26.01.2022 zum Thema &#8220;Die Herausforderung informeller Kommunikation in Hybrid-Settings&#8221; mit David R\u00f6thler ist online verf\u00fcgbar. Die Aufzeichnung des Online-Seminars finden Sie hier. Weitere Informationen zu unserem n\u00e4chsten Extra-Online-Seminar im Februar 2022 finden Sie unter &#8220;Programm&#8220;.<\/p>\n","protected":false},"author":2870,"featured_media":0,"comment_status":"open","ping_status":"open","sticky":false,"template":"","format":"standard","meta":{"footnotes":""},"categories":[39950],"tags":[350813,56051,56083,1468,405682],"class_list":["post-2029","post","type-post","status-publish","format-standard","hentry","category-rueckblick","tag-hybrid","tag-hybridmeeting","tag-hybridmeetings","tag-kommunikation","tag-socialising"],"_links":{"self":[{"href":"https:\/\/blogs.fu-berlin.de\/dachadobeconnect\/wp-json\/wp\/v2\/posts\/2029","targetHints":{"allow":["GET"]}}],"collection":[{"href":"https:\/\/blogs.fu-berlin.de\/dachadobeconnect\/wp-json\/wp\/v2\/posts"}],"about":[{"href":"https:\/\/blogs.fu-berlin.de\/dachadobeconnect\/wp-json\/wp\/v2\/types\/post"}],"author":[{"embeddable":true,"href":"https:\/\/blogs.fu-berlin.de\/dachadobeconnect\/wp-json\/wp\/v2\/users\/2870"}],"replies":[{"embeddable":true,"href":"https:\/\/blogs.fu-berlin.de\/dachadobeconnect\/wp-json\/wp\/v2\/comments?post=2029"}],"version-history":[{"count":1,"href":"https:\/\/blogs.fu-berlin.de\/dachadobeconnect\/wp-json\/wp\/v2\/posts\/2029\/revisions"}],"predecessor-version":[{"id":2031,"href":"https:\/\/blogs.fu-berlin.de\/dachadobeconnect\/wp-json\/wp\/v2\/posts\/2029\/revisions\/2031"}],"wp:attachment":[{"href":"https:\/\/blogs.fu-berlin.de\/dachadobeconnect\/wp-json\/wp\/v2\/media?parent=2029"}],"wp:term":[{"taxonomy":"category","embeddable":true,"href":"https:\/\/blogs.fu-berlin.de\/dachadobeconnect\/wp-json\/wp\/v2\/categories?post=2029"},{"taxonomy":"post_tag","embeddable":true,"href":"https:\/\/blogs.fu-berlin.de\/dachadobeconnect\/wp-json\/wp\/v2\/tags?post=2029"}],"curies":[{"name":"wp","href":"https:\/\/api.w.org\/{rel}","templated":true}]}}