{"id":298,"date":"2015-05-20T12:14:18","date_gmt":"2015-05-20T10:14:18","guid":{"rendered":"https:\/\/blogs.fu-berlin.de\/dachadobeconnect\/?p=298"},"modified":"2020-10-23T16:22:57","modified_gmt":"2020-10-23T14:22:57","slug":"grundlagen-zu-audio-und-videoeinsatz","status":"publish","type":"post","link":"https:\/\/blogs.fu-berlin.de\/dachadobeconnect\/2015\/05\/20\/grundlagen-zu-audio-und-videoeinsatz\/","title":{"rendered":"Grundlagen zu Audio- und Videoeinsatz"},"content":{"rendered":"<p>F\u00fcr die sinnvolle Verwendung der audiovisuellen Kommunikation mittels Adobe Connect ist der Einsatz eines Headsets unerl\u00e4sslich und die Verwendung einer Webcam w\u00fcnschenswert. Damit bei diesen grunds\u00e4tzlichen Hilfsmitteln keine Probleme auftreten, werden die notwendigen Grundlagen dazu erl\u00e4utert. Es wird auch Tipps f\u00fcr die &#8220;Erste Hilfe&#8221; geben, wenn der Ton knirscht und die Bilder rauschen.<\/p>\n<p><strong>Termin: 02. Juni 2015, 16:00 Uhr<\/strong><\/p>\n<p><strong>Moderation:<\/strong> Sebastian Liebscher und Frank Schulze<\/p>\n<p><strong>Zielgruppe:<\/strong> Anf\u00e4ngerInnen<\/p>\n","protected":false},"excerpt":{"rendered":"<p>F\u00fcr die sinnvolle Verwendung der audiovisuellen Kommunikation mittels Adobe Connect ist der Einsatz eines Headsets unerl\u00e4sslich und die Verwendung einer Webcam w\u00fcnschenswert. Damit bei diesen grunds\u00e4tzlichen Hilfsmitteln keine Probleme auftreten, werden die notwendigen Grundlagen dazu erl\u00e4utert. Es wird auch Tipps f\u00fcr die &#8220;Erste Hilfe&#8221; geben, wenn der Ton knirscht und die Bilder rauschen. Termin: 02. &hellip; <a href=\"https:\/\/blogs.fu-berlin.de\/dachadobeconnect\/2015\/05\/20\/grundlagen-zu-audio-und-videoeinsatz\/\" class=\"more-link\">Continue reading<span class=\"screen-reader-text\"> &#8220;Grundlagen zu Audio- und Videoeinsatz&#8221;<\/span><\/a><\/p>\n","protected":false},"author":2201,"featured_media":0,"comment_status":"open","ping_status":"open","sticky":false,"template":"","format":"standard","meta":{"footnotes":""},"categories":[9],"tags":[12627,56050,233,56049],"class_list":["post-298","post","type-post","status-publish","format-standard","hentry","category-allgemein","tag-audio","tag-headset","tag-video","tag-webcam"],"_links":{"self":[{"href":"https:\/\/blogs.fu-berlin.de\/dachadobeconnect\/wp-json\/wp\/v2\/posts\/298","targetHints":{"allow":["GET"]}}],"collection":[{"href":"https:\/\/blogs.fu-berlin.de\/dachadobeconnect\/wp-json\/wp\/v2\/posts"}],"about":[{"href":"https:\/\/blogs.fu-berlin.de\/dachadobeconnect\/wp-json\/wp\/v2\/types\/post"}],"author":[{"embeddable":true,"href":"https:\/\/blogs.fu-berlin.de\/dachadobeconnect\/wp-json\/wp\/v2\/users\/2201"}],"replies":[{"embeddable":true,"href":"https:\/\/blogs.fu-berlin.de\/dachadobeconnect\/wp-json\/wp\/v2\/comments?post=298"}],"version-history":[{"count":4,"href":"https:\/\/blogs.fu-berlin.de\/dachadobeconnect\/wp-json\/wp\/v2\/posts\/298\/revisions"}],"predecessor-version":[{"id":1716,"href":"https:\/\/blogs.fu-berlin.de\/dachadobeconnect\/wp-json\/wp\/v2\/posts\/298\/revisions\/1716"}],"wp:attachment":[{"href":"https:\/\/blogs.fu-berlin.de\/dachadobeconnect\/wp-json\/wp\/v2\/media?parent=298"}],"wp:term":[{"taxonomy":"category","embeddable":true,"href":"https:\/\/blogs.fu-berlin.de\/dachadobeconnect\/wp-json\/wp\/v2\/categories?post=298"},{"taxonomy":"post_tag","embeddable":true,"href":"https:\/\/blogs.fu-berlin.de\/dachadobeconnect\/wp-json\/wp\/v2\/tags?post=298"}],"curies":[{"name":"wp","href":"https:\/\/api.w.org\/{rel}","templated":true}]}}