{"id":393,"date":"2015-09-09T10:02:31","date_gmt":"2015-09-09T08:02:31","guid":{"rendered":"https:\/\/blogs.fu-berlin.de\/dachadobeconnect\/?p=393"},"modified":"2015-09-09T10:02:31","modified_gmt":"2015-09-09T08:02:31","slug":"was-ist-mit-adobe-connect-moeglich-einsatzmoeglichkeiten-praxisbeispiele","status":"publish","type":"post","link":"https:\/\/blogs.fu-berlin.de\/dachadobeconnect\/2015\/09\/09\/was-ist-mit-adobe-connect-moeglich-einsatzmoeglichkeiten-praxisbeispiele\/","title":{"rendered":"Was ist mit Adobe Connect m\u00f6glich: Einsatzm\u00f6glichkeiten \/ Praxisbeispiele"},"content":{"rendered":"<p>Mit Adobe Connect lassen sich sehr verschiedene und vielf\u00e4ltige Lehr- und Lernszenarien realisieren, sowohl ausschlie\u00dflich online als auch in Kombination mit Pr\u00e4senzsituationen.<br \/>\nIm Vortrag \u201eWas ist mit Adobe Connect m\u00f6glich: Einsatzm\u00f6glichkeiten \/ Praxisbeispiele\u201c werden Vorteile von Adobe Connect erl\u00e4utert und Einsatzszenarien aufgef\u00fchrt, wie zum Beispiel Seminare oder Sprechstunden. Vorgestellt wird auch ein Beispiel, in welchem Connect in Kombination mit einem Smartboard verwendet wird.<\/p>\n<p><strong>Termin: 15.September 2015, 16:00 Uhr<\/strong><\/p>\n<p><strong>Moderation:<\/strong> Sabine Spohr (Hochschule Magdeburg-Stendal),\u00a0Kathrin Braungardt (Ruhr-Universit\u00e4t Bochum), Daniela Wolf (Ferdinand Porsche FernFH)<\/p>\n<p><strong>Zielgruppe:<\/strong> Anf\u00e4nger und Fortgeschrittene<\/p>\n<p><strong>URL: <a href=\"https:\/\/webconf.vc.dfn.de\/dachadobeconnect\/\">https:\/\/webconf.vc.dfn.de\/dachadobeconnect\/<\/a><\/strong><\/p>\n","protected":false},"excerpt":{"rendered":"<p>Mit Adobe Connect lassen sich sehr verschiedene und vielf\u00e4ltige Lehr- und Lernszenarien realisieren, sowohl ausschlie\u00dflich online als auch in Kombination mit Pr\u00e4senzsituationen. Im Vortrag \u201eWas ist mit Adobe Connect m\u00f6glich: Einsatzm\u00f6glichkeiten \/ Praxisbeispiele\u201c werden Vorteile von Adobe Connect erl\u00e4utert und Einsatzszenarien aufgef\u00fchrt, wie zum Beispiel Seminare oder Sprechstunden. Vorgestellt wird auch ein Beispiel, in welchem &hellip; <a href=\"https:\/\/blogs.fu-berlin.de\/dachadobeconnect\/2015\/09\/09\/was-ist-mit-adobe-connect-moeglich-einsatzmoeglichkeiten-praxisbeispiele\/\" class=\"more-link\">Continue reading<span class=\"screen-reader-text\"> &#8220;Was ist mit Adobe Connect m\u00f6glich: Einsatzm\u00f6glichkeiten \/ Praxisbeispiele&#8221;<\/span><\/a><\/p>\n","protected":false},"author":2207,"featured_media":0,"comment_status":"open","ping_status":"open","sticky":false,"template":"","format":"standard","meta":{"footnotes":""},"categories":[9],"tags":[],"class_list":["post-393","post","type-post","status-publish","format-standard","hentry","category-allgemein"],"_links":{"self":[{"href":"https:\/\/blogs.fu-berlin.de\/dachadobeconnect\/wp-json\/wp\/v2\/posts\/393","targetHints":{"allow":["GET"]}}],"collection":[{"href":"https:\/\/blogs.fu-berlin.de\/dachadobeconnect\/wp-json\/wp\/v2\/posts"}],"about":[{"href":"https:\/\/blogs.fu-berlin.de\/dachadobeconnect\/wp-json\/wp\/v2\/types\/post"}],"author":[{"embeddable":true,"href":"https:\/\/blogs.fu-berlin.de\/dachadobeconnect\/wp-json\/wp\/v2\/users\/2207"}],"replies":[{"embeddable":true,"href":"https:\/\/blogs.fu-berlin.de\/dachadobeconnect\/wp-json\/wp\/v2\/comments?post=393"}],"version-history":[{"count":1,"href":"https:\/\/blogs.fu-berlin.de\/dachadobeconnect\/wp-json\/wp\/v2\/posts\/393\/revisions"}],"predecessor-version":[{"id":394,"href":"https:\/\/blogs.fu-berlin.de\/dachadobeconnect\/wp-json\/wp\/v2\/posts\/393\/revisions\/394"}],"wp:attachment":[{"href":"https:\/\/blogs.fu-berlin.de\/dachadobeconnect\/wp-json\/wp\/v2\/media?parent=393"}],"wp:term":[{"taxonomy":"category","embeddable":true,"href":"https:\/\/blogs.fu-berlin.de\/dachadobeconnect\/wp-json\/wp\/v2\/categories?post=393"},{"taxonomy":"post_tag","embeddable":true,"href":"https:\/\/blogs.fu-berlin.de\/dachadobeconnect\/wp-json\/wp\/v2\/tags?post=393"}],"curies":[{"name":"wp","href":"https:\/\/api.w.org\/{rel}","templated":true}]}}