{"id":631,"date":"2015-11-27T15:37:33","date_gmt":"2015-11-27T13:37:33","guid":{"rendered":"https:\/\/blogs.fu-berlin.de\/dachadobeconnect\/?p=631"},"modified":"2020-10-23T16:29:48","modified_gmt":"2020-10-23T14:29:48","slug":"rueckblick-einsatzszenarien-in-der-praesenzlehre-2","status":"publish","type":"post","link":"https:\/\/blogs.fu-berlin.de\/dachadobeconnect\/2015\/11\/27\/rueckblick-einsatzszenarien-in-der-praesenzlehre-2\/","title":{"rendered":"R\u00fcckblick: Einsatzszenarien in der Pr\u00e4senzlehre"},"content":{"rendered":"<p>Im Online-Seminar wurden bew\u00e4hrte Szenarien, in denen sich Pr\u00e4senz- und Webkonferenzveranstaltungen gut erg\u00e4nzen, vorgestellt.<\/p>\n<p>Die Aufzeichnung des Vortrags finden Sie <a href=\"https:\/\/webconf.vc.dfn.de\/p5elsa7xtwh\/\" target=\"_blank\" rel=\"noopener noreferrer\">hier<\/a><\/p>\n<p>Die Folien stehen Ihnen\u00a0<a href=\"https:\/\/blogs.fu-berlin.de\/dachadobeconnect\/files\/2015\/11\/vortragsreihe_ac_didaktik-24-11-2015_dw-002.pdf\">hier<\/a> zur Verf\u00fcgung.<\/p>\n","protected":false},"excerpt":{"rendered":"<p>Im Online-Seminar wurden bew\u00e4hrte Szenarien, in denen sich Pr\u00e4senz- und Webkonferenzveranstaltungen gut erg\u00e4nzen, vorgestellt. Die Aufzeichnung des Vortrags finden Sie hier Die Folien stehen Ihnen\u00a0hier zur Verf\u00fcgung.<\/p>\n","protected":false},"author":2201,"featured_media":0,"comment_status":"open","ping_status":"open","sticky":false,"template":"","format":"standard","meta":{"footnotes":""},"categories":[9,39950],"tags":[56043,56051,42327,54862,1761,49921,55934,51131],"class_list":["post-631","post","type-post","status-publish","format-standard","hentry","category-allgemein","category-rueckblick","tag-einsatzmoeglichkeiten","tag-hybridmeeting","tag-praesenzlehre","tag-praxisbeispiele","tag-seminar","tag-sprechstunde","tag-verteidigung","tag-vorlesung"],"_links":{"self":[{"href":"https:\/\/blogs.fu-berlin.de\/dachadobeconnect\/wp-json\/wp\/v2\/posts\/631","targetHints":{"allow":["GET"]}}],"collection":[{"href":"https:\/\/blogs.fu-berlin.de\/dachadobeconnect\/wp-json\/wp\/v2\/posts"}],"about":[{"href":"https:\/\/blogs.fu-berlin.de\/dachadobeconnect\/wp-json\/wp\/v2\/types\/post"}],"author":[{"embeddable":true,"href":"https:\/\/blogs.fu-berlin.de\/dachadobeconnect\/wp-json\/wp\/v2\/users\/2201"}],"replies":[{"embeddable":true,"href":"https:\/\/blogs.fu-berlin.de\/dachadobeconnect\/wp-json\/wp\/v2\/comments?post=631"}],"version-history":[{"count":3,"href":"https:\/\/blogs.fu-berlin.de\/dachadobeconnect\/wp-json\/wp\/v2\/posts\/631\/revisions"}],"predecessor-version":[{"id":1730,"href":"https:\/\/blogs.fu-berlin.de\/dachadobeconnect\/wp-json\/wp\/v2\/posts\/631\/revisions\/1730"}],"wp:attachment":[{"href":"https:\/\/blogs.fu-berlin.de\/dachadobeconnect\/wp-json\/wp\/v2\/media?parent=631"}],"wp:term":[{"taxonomy":"category","embeddable":true,"href":"https:\/\/blogs.fu-berlin.de\/dachadobeconnect\/wp-json\/wp\/v2\/categories?post=631"},{"taxonomy":"post_tag","embeddable":true,"href":"https:\/\/blogs.fu-berlin.de\/dachadobeconnect\/wp-json\/wp\/v2\/tags?post=631"}],"curies":[{"name":"wp","href":"https:\/\/api.w.org\/{rel}","templated":true}]}}