{"id":660,"date":"2015-12-17T14:58:25","date_gmt":"2015-12-17T12:58:25","guid":{"rendered":"https:\/\/blogs.fu-berlin.de\/dachadobeconnect\/?p=660"},"modified":"2020-10-23T16:38:32","modified_gmt":"2020-10-23T14:38:32","slug":"gruppenraeume-in-adobe-connect-nutzen-2","status":"publish","type":"post","link":"https:\/\/blogs.fu-berlin.de\/dachadobeconnect\/2015\/12\/17\/gruppenraeume-in-adobe-connect-nutzen-2\/","title":{"rendered":"Gruppenr\u00e4ume in Adobe Connect nutzen"},"content":{"rendered":"<p>Gro\u00dfe Gruppen sind nur schwer zur Diskussion zu bewegen und h\u00e4ufig beteiligen sich nur wenige. \u00dcber die Arbeitsgruppenr\u00e4ume in Adobe Connect k\u00f6nnen solche Gruppen in mehrere Kleingruppen unterteilt werden.<br \/>\nProduktive Arbeitsphasen, in denen die Interaktion unter den Teilnehmern in Vordergrund r\u00fcckt, und lebhafte Diskussionen, die die Erarbeitung gemeinsamer Ergebnisse f\u00fchren, sind das Resultat.<br \/>\nDieses wertvolle Werkzeug erlaubt den Dozierenden verschiedene gruppendynamische Techniken, die in Pr\u00e4senzlehrveranstaltungen als Seminarform \u00fcbrig sind, auch in der virtuellen Lehre einzusetzen.<\/p>\n<p>In diesem Online-Seminar werden unterschiedliche M\u00f6glichkeiten vorgestellt, Arbeitsgruppenr\u00e4ume einzusetzen und wie dabei vorzugehen ist. Neben einigen Fallstricken werden auch wertvolle Tipps &amp; Tricks verraten.<\/p>\n<p><strong>Termin:<\/strong> 12.01.2016, 16:00-16:30 Uhr<\/p>\n<p><strong>Moderator\/in:<\/strong> Nicole Engelhardt (FernUniversit\u00e4t in Hagen), Cristina Trujillo (Nordakademie &#8211; Hochschule der Wirtschaft)<\/p>\n<p><strong>Zielgruppe:<\/strong> Fortgeschrittene Nutzer\/innen<\/p>\n","protected":false},"excerpt":{"rendered":"<p>Gro\u00dfe Gruppen sind nur schwer zur Diskussion zu bewegen und h\u00e4ufig beteiligen sich nur wenige. \u00dcber die Arbeitsgruppenr\u00e4ume in Adobe Connect k\u00f6nnen solche Gruppen in mehrere Kleingruppen unterteilt werden. Produktive Arbeitsphasen, in denen die Interaktion unter den Teilnehmern in Vordergrund r\u00fcckt, und lebhafte Diskussionen, die die Erarbeitung gemeinsamer Ergebnisse f\u00fchren, sind das Resultat. Dieses wertvolle &hellip; <a href=\"https:\/\/blogs.fu-berlin.de\/dachadobeconnect\/2015\/12\/17\/gruppenraeume-in-adobe-connect-nutzen-2\/\" class=\"more-link\">Continue reading<span class=\"screen-reader-text\"> &#8220;Gruppenr\u00e4ume in Adobe Connect nutzen&#8221;<\/span><\/a><\/p>\n","protected":false},"author":2201,"featured_media":0,"comment_status":"open","ping_status":"open","sticky":false,"template":"","format":"standard","meta":{"footnotes":""},"categories":[9],"tags":[56090,15591,1392,50440,56092],"class_list":["post-660","post","type-post","status-publish","format-standard","hentry","category-allgemein","tag-arbeitsgruppen","tag-aufgabe","tag-gruppen","tag-gruppenraeume","tag-raeume"],"_links":{"self":[{"href":"https:\/\/blogs.fu-berlin.de\/dachadobeconnect\/wp-json\/wp\/v2\/posts\/660","targetHints":{"allow":["GET"]}}],"collection":[{"href":"https:\/\/blogs.fu-berlin.de\/dachadobeconnect\/wp-json\/wp\/v2\/posts"}],"about":[{"href":"https:\/\/blogs.fu-berlin.de\/dachadobeconnect\/wp-json\/wp\/v2\/types\/post"}],"author":[{"embeddable":true,"href":"https:\/\/blogs.fu-berlin.de\/dachadobeconnect\/wp-json\/wp\/v2\/users\/2201"}],"replies":[{"embeddable":true,"href":"https:\/\/blogs.fu-berlin.de\/dachadobeconnect\/wp-json\/wp\/v2\/comments?post=660"}],"version-history":[{"count":4,"href":"https:\/\/blogs.fu-berlin.de\/dachadobeconnect\/wp-json\/wp\/v2\/posts\/660\/revisions"}],"predecessor-version":[{"id":1742,"href":"https:\/\/blogs.fu-berlin.de\/dachadobeconnect\/wp-json\/wp\/v2\/posts\/660\/revisions\/1742"}],"wp:attachment":[{"href":"https:\/\/blogs.fu-berlin.de\/dachadobeconnect\/wp-json\/wp\/v2\/media?parent=660"}],"wp:term":[{"taxonomy":"category","embeddable":true,"href":"https:\/\/blogs.fu-berlin.de\/dachadobeconnect\/wp-json\/wp\/v2\/categories?post=660"},{"taxonomy":"post_tag","embeddable":true,"href":"https:\/\/blogs.fu-berlin.de\/dachadobeconnect\/wp-json\/wp\/v2\/tags?post=660"}],"curies":[{"name":"wp","href":"https:\/\/api.w.org\/{rel}","templated":true}]}}