{"id":687,"date":"2016-01-14T11:31:02","date_gmt":"2016-01-14T09:31:02","guid":{"rendered":"https:\/\/blogs.fu-berlin.de\/dachadobeconnect\/?p=687"},"modified":"2020-10-23T16:37:51","modified_gmt":"2020-10-23T14:37:51","slug":"rueckblick-gruppenraeume-in-adobe-connect-nutzen-2","status":"publish","type":"post","link":"https:\/\/blogs.fu-berlin.de\/dachadobeconnect\/2016\/01\/14\/rueckblick-gruppenraeume-in-adobe-connect-nutzen-2\/","title":{"rendered":"R\u00fcckblick: Gruppenr\u00e4ume in Adobe Connect nutzen"},"content":{"rendered":"<p>Im Online-Seminar wurde die Funktion der Gruppenr\u00e4ume vorgestellt. Zum einen anhand von Praxisbeispielen und zum anderen anhand einer Live-Demonstration durch Bildschirmfreigabe.<\/p>\n<p><a href=\"https:\/\/blogs.fu-berlin.de\/dachadobeconnect\/files\/2016\/01\/Nicole_cristina.jpg\"><img loading=\"lazy\" decoding=\"async\" class=\" size-thumbnail wp-image-689 alignnone\" src=\"https:\/\/blogs.fu-berlin.de\/dachadobeconnect\/files\/2016\/01\/Nicole_cristina-150x150.jpg\" alt=\"Nicole_cristina\" width=\"150\" height=\"150\" \/><\/a><\/p>\n<p>Die Folien der Aufzeichnung finden Sie <a href=\"https:\/\/blogs.fu-berlin.de\/dachadobeconnect\/files\/2016\/01\/vortragsreihe_ac_didaktik_gruppenr\u00e4ume.pdf\" target=\"_blank\" rel=\"noopener noreferrer\">hier<\/a><\/p>\n<p>Die Aufzeichnung finden Sie <a href=\"https:\/\/webconf.vc.dfn.de\/p1420p7667n\/\" target=\"_blank\" rel=\"noopener noreferrer\">hier<\/a><\/p>\n","protected":false},"excerpt":{"rendered":"<p>Im Online-Seminar wurde die Funktion der Gruppenr\u00e4ume vorgestellt. Zum einen anhand von Praxisbeispielen und zum anderen anhand einer Live-Demonstration durch Bildschirmfreigabe. Die Folien der Aufzeichnung finden Sie hier Die Aufzeichnung finden Sie hier<\/p>\n","protected":false},"author":1248,"featured_media":0,"comment_status":"open","ping_status":"open","sticky":false,"template":"","format":"standard","meta":{"footnotes":""},"categories":[39950],"tags":[50440],"class_list":["post-687","post","type-post","status-publish","format-standard","hentry","category-rueckblick","tag-gruppenraeume"],"_links":{"self":[{"href":"https:\/\/blogs.fu-berlin.de\/dachadobeconnect\/wp-json\/wp\/v2\/posts\/687","targetHints":{"allow":["GET"]}}],"collection":[{"href":"https:\/\/blogs.fu-berlin.de\/dachadobeconnect\/wp-json\/wp\/v2\/posts"}],"about":[{"href":"https:\/\/blogs.fu-berlin.de\/dachadobeconnect\/wp-json\/wp\/v2\/types\/post"}],"author":[{"embeddable":true,"href":"https:\/\/blogs.fu-berlin.de\/dachadobeconnect\/wp-json\/wp\/v2\/users\/1248"}],"replies":[{"embeddable":true,"href":"https:\/\/blogs.fu-berlin.de\/dachadobeconnect\/wp-json\/wp\/v2\/comments?post=687"}],"version-history":[{"count":2,"href":"https:\/\/blogs.fu-berlin.de\/dachadobeconnect\/wp-json\/wp\/v2\/posts\/687\/revisions"}],"predecessor-version":[{"id":1741,"href":"https:\/\/blogs.fu-berlin.de\/dachadobeconnect\/wp-json\/wp\/v2\/posts\/687\/revisions\/1741"}],"wp:attachment":[{"href":"https:\/\/blogs.fu-berlin.de\/dachadobeconnect\/wp-json\/wp\/v2\/media?parent=687"}],"wp:term":[{"taxonomy":"category","embeddable":true,"href":"https:\/\/blogs.fu-berlin.de\/dachadobeconnect\/wp-json\/wp\/v2\/categories?post=687"},{"taxonomy":"post_tag","embeddable":true,"href":"https:\/\/blogs.fu-berlin.de\/dachadobeconnect\/wp-json\/wp\/v2\/tags?post=687"}],"curies":[{"name":"wp","href":"https:\/\/api.w.org\/{rel}","templated":true}]}}