{"id":826,"date":"2016-05-13T14:59:33","date_gmt":"2016-05-13T12:59:33","guid":{"rendered":"https:\/\/blogs.fu-berlin.de\/dachadobeconnect\/?p=826"},"modified":"2020-10-29T18:40:23","modified_gmt":"2020-10-29T16:40:23","slug":"gruppenraeume-in-adobe-connect-nutzen-3","status":"publish","type":"post","link":"https:\/\/blogs.fu-berlin.de\/dachadobeconnect\/2016\/05\/13\/gruppenraeume-in-adobe-connect-nutzen-3\/","title":{"rendered":"Gruppenr\u00e4ume in Adobe Connect nutzen"},"content":{"rendered":"<h2><strong>Mittwoch, 25. Mai 2016 16.00 \u2013 16.30 Uhr<br \/>\n<\/strong><\/h2>\n<h3 class=\"main_headline clearfix\">Gruppenr\u00e4ume in Adobe Connect nutzen<\/h3>\n<p>Gro\u00dfe Gruppen sind nur schwer zur Diskussion zu bewegen und h\u00e4ufig beteiligen sich nur wenige. \u00dcber die Arbeitsgruppenr\u00e4ume in Adobe Connect k\u00f6nnen solche Gruppen in mehrere Kleingruppen unterteilt werden.\u00a0Produktive Arbeitsphasen, in denen die Interaktion unter den Teilnehmern in Vordergrund r\u00fcckt, und lebhafte Diskussionen, die die Erarbeitung gemeinsamer Ergebnisse f\u00fchren, sind das Resultat.<\/p>\n<p>Dieses wertvolle Werkzeug erlaubt den Dozierenden verschiedene gruppendynamische Techniken, die in Pr\u00e4senzlehrveranstaltungen als Seminarform \u00fcbrig sind, auch in der virtuellen Lehre einzusetzen. In diesem Online-Seminar werden unterschiedliche M\u00f6glichkeiten vorgestellt, Arbeitsgruppenr\u00e4ume einzusetzen und wie dabei vorzugehen ist. Neben einigen Fallstricken werden auch wertvolle Tipps &amp; Tricks verraten.<\/p>\n<figure id=\"attachment_753\" aria-describedby=\"caption-attachment-753\" style=\"width: 150px\" class=\"wp-caption alignleft\"><a class=\"fancybox image\" href=\"https:\/\/blogs.fu-berlin.de\/dachadobeconnect\/files\/2015\/04\/nicole_engelhardt_640-480.jpg\"><img loading=\"lazy\" decoding=\"async\" class=\"wp-image-753 size-thumbnail\" src=\"https:\/\/blogs.fu-berlin.de\/dachadobeconnect\/files\/2015\/04\/nicole_engelhardt_640-480-150x150.jpg\" alt=\"nicole_engelhardt_640-480\" width=\"150\" height=\"150\" \/><\/a><figcaption id=\"caption-attachment-753\" class=\"wp-caption-text\">Nicole Engelhardt (FernUniversit\u00e4t in Hagen)<\/figcaption><\/figure>\n<figure id=\"attachment_757\" aria-describedby=\"caption-attachment-757\" style=\"width: 101px\" class=\"wp-caption alignleft\"><a class=\"fancybox image\" href=\"https:\/\/blogs.fu-berlin.de\/dachadobeconnect\/files\/2015\/04\/cristinaTru.jpg\"><img loading=\"lazy\" decoding=\"async\" class=\"wp-image-757\" src=\"https:\/\/blogs.fu-berlin.de\/dachadobeconnect\/files\/2015\/04\/cristinaTru-201x300.jpg\" alt=\"cristinaTru\" width=\"101\" height=\"151\" srcset=\"https:\/\/blogs.fu-berlin.de\/dachadobeconnect\/files\/2015\/04\/cristinaTru-201x300.jpg 201w, https:\/\/blogs.fu-berlin.de\/dachadobeconnect\/files\/2015\/04\/cristinaTru.jpg 301w\" sizes=\"auto, (max-width: 101px) 85vw, 101px\" \/><\/a><figcaption id=\"caption-attachment-757\" class=\"wp-caption-text\">Cristina Trujillo (Nordakademie \u2013 Hochschule der Wirtschaft)<\/figcaption><\/figure>\n<figure id=\"attachment_807\" aria-describedby=\"caption-attachment-807\" style=\"width: 120px\" class=\"wp-caption alignleft\"><a class=\"fancybox image\" href=\"https:\/\/blogs.fu-berlin.de\/dachadobeconnect\/files\/2016\/04\/Voula.jpg\"><img loading=\"lazy\" decoding=\"async\" class=\"wp-image-807\" src=\"https:\/\/blogs.fu-berlin.de\/dachadobeconnect\/files\/2016\/04\/Voula.jpg\" alt=\"Voula\" width=\"120\" height=\"141\" \/><\/a><figcaption id=\"caption-attachment-807\" class=\"wp-caption-text\">Paraskevi V. Marapidou (Hochschule M\u00fcnchen)<\/figcaption><\/figure>\n","protected":false},"excerpt":{"rendered":"<p>Mittwoch, 25. Mai 2016 16.00 \u2013 16.30 Uhr Gruppenr\u00e4ume in Adobe Connect nutzen Gro\u00dfe Gruppen sind nur schwer zur Diskussion zu bewegen und h\u00e4ufig beteiligen sich nur wenige. \u00dcber die Arbeitsgruppenr\u00e4ume in Adobe Connect k\u00f6nnen solche Gruppen in mehrere Kleingruppen unterteilt werden.\u00a0Produktive Arbeitsphasen, in denen die Interaktion unter den Teilnehmern in Vordergrund r\u00fcckt, und lebhafte &hellip; <a href=\"https:\/\/blogs.fu-berlin.de\/dachadobeconnect\/2016\/05\/13\/gruppenraeume-in-adobe-connect-nutzen-3\/\" class=\"more-link\">Continue reading<span class=\"screen-reader-text\"> &#8220;Gruppenr\u00e4ume in Adobe Connect nutzen&#8221;<\/span><\/a><\/p>\n","protected":false},"author":1248,"featured_media":0,"comment_status":"open","ping_status":"open","sticky":false,"template":"","format":"standard","meta":{"footnotes":""},"categories":[9],"tags":[1392,56101,17583],"class_list":["post-826","post","type-post","status-publish","format-standard","hentry","category-allgemein","tag-gruppen","tag-gruppensetting","tag-methoden"],"_links":{"self":[{"href":"https:\/\/blogs.fu-berlin.de\/dachadobeconnect\/wp-json\/wp\/v2\/posts\/826","targetHints":{"allow":["GET"]}}],"collection":[{"href":"https:\/\/blogs.fu-berlin.de\/dachadobeconnect\/wp-json\/wp\/v2\/posts"}],"about":[{"href":"https:\/\/blogs.fu-berlin.de\/dachadobeconnect\/wp-json\/wp\/v2\/types\/post"}],"author":[{"embeddable":true,"href":"https:\/\/blogs.fu-berlin.de\/dachadobeconnect\/wp-json\/wp\/v2\/users\/1248"}],"replies":[{"embeddable":true,"href":"https:\/\/blogs.fu-berlin.de\/dachadobeconnect\/wp-json\/wp\/v2\/comments?post=826"}],"version-history":[{"count":4,"href":"https:\/\/blogs.fu-berlin.de\/dachadobeconnect\/wp-json\/wp\/v2\/posts\/826\/revisions"}],"predecessor-version":[{"id":1809,"href":"https:\/\/blogs.fu-berlin.de\/dachadobeconnect\/wp-json\/wp\/v2\/posts\/826\/revisions\/1809"}],"wp:attachment":[{"href":"https:\/\/blogs.fu-berlin.de\/dachadobeconnect\/wp-json\/wp\/v2\/media?parent=826"}],"wp:term":[{"taxonomy":"category","embeddable":true,"href":"https:\/\/blogs.fu-berlin.de\/dachadobeconnect\/wp-json\/wp\/v2\/categories?post=826"},{"taxonomy":"post_tag","embeddable":true,"href":"https:\/\/blogs.fu-berlin.de\/dachadobeconnect\/wp-json\/wp\/v2\/tags?post=826"}],"curies":[{"name":"wp","href":"https:\/\/api.w.org\/{rel}","templated":true}]}}