{"id":882,"date":"2016-10-27T10:30:17","date_gmt":"2016-10-27T08:30:17","guid":{"rendered":"https:\/\/blogs.fu-berlin.de\/dachadobeconnect\/?p=882"},"modified":"2020-10-29T18:36:22","modified_gmt":"2020-10-29T16:36:22","slug":"namensaenderung-der-gruppe-und-adobe-connect-sprechstunde-im-ws-20162017","status":"publish","type":"post","link":"https:\/\/blogs.fu-berlin.de\/dachadobeconnect\/2016\/10\/27\/namensaenderung-der-gruppe-und-adobe-connect-sprechstunde-im-ws-20162017\/","title":{"rendered":"Namens\u00e4nderung der Gruppe und Adobe Connect-Sprechstunde im WS 2016\/2017"},"content":{"rendered":"<p>Zum Wintersemester 2016\/2017 startet unsere Gruppe mit neuem Namen und Logo in die Zukunft: Unser neuer Name &#8220;Adobe Connect DACH Nutzergruppe Forschung &amp; Lehre&#8221; soll die zahlreichen Facetten und Themengebiete bei der Nutzung von Adobe Connect im Hochschulkontext widerspiegeln, welche wir zuk\u00fcnftig in unseren unterschiedlichen Online-Veranstaltungsreihen w\u00e4hrend der Semester eingehender thematisieren m\u00f6chten. Wir laden Sie deshalb herzlich ein, an unseren neuen Online-Veranstaltungen in den kommenden Monaten teilzunehmen.<\/p>\n<p>Sie haben Fragen zum Einsatz von Adobe Connect und m\u00f6chten sich bei erfahrenen Kolleg\/inn\/en aus dem Hochschulbereich informieren? Die &#8220;Adobe Connect DACH Nutzergruppe Forschung &amp; Lehre&#8221; bietet hierzu im Wintersemester 2016\/2017 an drei Terminen eine offene Sprechstunde mit jeweils verschiedenen Themenschwerpunkten an. Die Auftaktveranstaltung findet am 9. November 2016, 16 Uhr statt. Die Teilnahme an den Veranstaltungen ist wie immer kostenlos; eine Anmeldung ist nicht erforderlich.<\/p>\n<p>&nbsp;<\/p>\n<h2><strong>Mittwoch, 9. November 2016, 16.00 &#8211; 16.30 Uhr <\/strong><\/h2>\n<h3>Einstieg, Vorbereitung, Meeting, Grundlagen, Pods<strong><br \/>\n<\/strong><\/h3>\n<p>Bei der Planung und Durchf\u00fchrung einer Online-Lehrveranstaltung gibt es vielf\u00e4ltige Aspekte zu ber\u00fccksichtigen. Vielleicht haben Sie schon erste Erfahrungen mit Adobe Connect im Hochschulbereich gemacht und bringen spezielle Fragen zu den Grundlagen mit? Wir freuen uns darauf, diese zu h\u00f6ren und mit Ihnen in der Sprechstunde zu diskutieren.<\/p>\n<figure id=\"attachment_888\" aria-describedby=\"caption-attachment-888\" style=\"width: 100px\" class=\"wp-caption alignleft\"><a href=\"https:\/\/blogs.fu-berlin.de\/dachadobeconnect\/files\/2016\/10\/dethloff-100x100.jpg\"><img loading=\"lazy\" decoding=\"async\" class=\"wp-image-888 size-full\" src=\"https:\/\/blogs.fu-berlin.de\/dachadobeconnect\/files\/2016\/10\/dethloff-100x100.jpg\" alt=\"Foto Dethloff\" width=\"100\" height=\"100\" \/><\/a><figcaption id=\"caption-attachment-888\" class=\"wp-caption-text\">Ingrid Dethloff (Universit\u00e4t Heidelberg)<\/figcaption><\/figure>\n<figure id=\"attachment_887\" aria-describedby=\"caption-attachment-887\" style=\"width: 100px\" class=\"wp-caption alignleft\"><a href=\"https:\/\/blogs.fu-berlin.de\/dachadobeconnect\/files\/2016\/10\/schaefer-100x100.jpg\"><img loading=\"lazy\" decoding=\"async\" class=\"wp-image-887 size-full\" src=\"https:\/\/blogs.fu-berlin.de\/dachadobeconnect\/files\/2016\/10\/schaefer-100x100.jpg\" alt=\"Foto Schaefer\" width=\"100\" height=\"100\" \/><\/a><figcaption id=\"caption-attachment-887\" class=\"wp-caption-text\">Marcel Sch\u00e4fer (DKFZ, Heidelberg)<\/figcaption><\/figure>\n","protected":false},"excerpt":{"rendered":"<p>Zum Wintersemester 2016\/2017 startet unsere Gruppe mit neuem Namen und Logo in die Zukunft: Unser neuer Name &#8220;Adobe Connect DACH Nutzergruppe Forschung &amp; Lehre&#8221; soll die zahlreichen Facetten und Themengebiete bei der Nutzung von Adobe Connect im Hochschulkontext widerspiegeln, welche wir zuk\u00fcnftig in unseren unterschiedlichen Online-Veranstaltungsreihen w\u00e4hrend der Semester eingehender thematisieren m\u00f6chten. Wir laden Sie &hellip; <a href=\"https:\/\/blogs.fu-berlin.de\/dachadobeconnect\/2016\/10\/27\/namensaenderung-der-gruppe-und-adobe-connect-sprechstunde-im-ws-20162017\/\" class=\"more-link\">Continue reading<span class=\"screen-reader-text\"> &#8220;Namens\u00e4nderung der Gruppe und Adobe Connect-Sprechstunde im WS 2016\/2017&#8221;<\/span><\/a><\/p>\n","protected":false},"author":2203,"featured_media":0,"comment_status":"open","ping_status":"open","sticky":false,"template":"","format":"standard","meta":{"footnotes":""},"categories":[9],"tags":[56108,17123,50743,49921,1193],"class_list":["post-882","post","type-post","status-publish","format-standard","hentry","category-allgemein","tag-einstieg","tag-grundlagen","tag-pods","tag-sprechstunde","tag-vorbereitung"],"_links":{"self":[{"href":"https:\/\/blogs.fu-berlin.de\/dachadobeconnect\/wp-json\/wp\/v2\/posts\/882","targetHints":{"allow":["GET"]}}],"collection":[{"href":"https:\/\/blogs.fu-berlin.de\/dachadobeconnect\/wp-json\/wp\/v2\/posts"}],"about":[{"href":"https:\/\/blogs.fu-berlin.de\/dachadobeconnect\/wp-json\/wp\/v2\/types\/post"}],"author":[{"embeddable":true,"href":"https:\/\/blogs.fu-berlin.de\/dachadobeconnect\/wp-json\/wp\/v2\/users\/2203"}],"replies":[{"embeddable":true,"href":"https:\/\/blogs.fu-berlin.de\/dachadobeconnect\/wp-json\/wp\/v2\/comments?post=882"}],"version-history":[{"count":11,"href":"https:\/\/blogs.fu-berlin.de\/dachadobeconnect\/wp-json\/wp\/v2\/posts\/882\/revisions"}],"predecessor-version":[{"id":1804,"href":"https:\/\/blogs.fu-berlin.de\/dachadobeconnect\/wp-json\/wp\/v2\/posts\/882\/revisions\/1804"}],"wp:attachment":[{"href":"https:\/\/blogs.fu-berlin.de\/dachadobeconnect\/wp-json\/wp\/v2\/media?parent=882"}],"wp:term":[{"taxonomy":"category","embeddable":true,"href":"https:\/\/blogs.fu-berlin.de\/dachadobeconnect\/wp-json\/wp\/v2\/categories?post=882"},{"taxonomy":"post_tag","embeddable":true,"href":"https:\/\/blogs.fu-berlin.de\/dachadobeconnect\/wp-json\/wp\/v2\/tags?post=882"}],"curies":[{"name":"wp","href":"https:\/\/api.w.org\/{rel}","templated":true}]}}