{"id":931,"date":"2016-12-19T13:23:24","date_gmt":"2016-12-19T11:23:24","guid":{"rendered":"https:\/\/blogs.fu-berlin.de\/dachadobeconnect\/?p=931"},"modified":"2020-10-29T18:33:34","modified_gmt":"2020-10-29T16:33:34","slug":"dritte-adobe-connect-sprechstunde-im-ws-20162017","status":"publish","type":"post","link":"https:\/\/blogs.fu-berlin.de\/dachadobeconnect\/2016\/12\/19\/dritte-adobe-connect-sprechstunde-im-ws-20162017\/","title":{"rendered":"Dritte Adobe Connect-Sprechstunde im WS 2016\/2017"},"content":{"rendered":"<h2><strong>Mittwoch, 11.01.2017, 16 &#8211; 16.30 Uhr<\/strong><\/h2>\n<h3>Spezielle Technik- und Anwendungsfragen (z. B. Apps, Aufzeichnung, Hybridmeetings)<\/h3>\n<p>Sie haben technische Fragen zu Adobe Connect oder zur Nutzung der Adobe Connect Apps? Sie wollen ein Hybridmeeting veranstalten und ben\u00f6tigen noch Hardware-Tipps? Sie haben eine konzeptionelle Idee, wissen aber nicht, ob sich ihr Vorhaben \u00fcberhaupt mit Adobe Connect umsetzen l\u00e4sst? Diskutieren Sie mit uns Ihre speziellen Ideen und Probleme! Wir beraten Sie gerne und freuen uns auf den Erfahrungsaustausch mit Ihnen!<\/p>\n<p>Die Veranstaltung wird nicht aufgezeichnet.<\/p>\n<p><strong>Moderatoren:<\/strong><\/p>\n<figure id=\"attachment_933\" aria-describedby=\"caption-attachment-933\" style=\"width: 100px\" class=\"wp-caption alignleft\"><a href=\"https:\/\/blogs.fu-berlin.de\/dachadobeconnect\/files\/2016\/12\/serwe-100x100.jpg\"><img loading=\"lazy\" decoding=\"async\" class=\"wp-image-933 size-full\" src=\"https:\/\/blogs.fu-berlin.de\/dachadobeconnect\/files\/2016\/12\/s-liebscher-100x110.jpg\" alt=\"s-liebscher-100x110\" width=\"100\" height=\"110\" \/><\/a><figcaption id=\"caption-attachment-933\" class=\"wp-caption-text\">Sebastian Liebscher (TU Dresden)<\/figcaption><\/figure>\n<figure id=\"attachment_934\" aria-describedby=\"caption-attachment-934\" style=\"width: 100px\" class=\"wp-caption alignleft\"><img loading=\"lazy\" decoding=\"async\" class=\"wp-image-934 size-full\" src=\"https:\/\/blogs.fu-berlin.de\/dachadobeconnect\/files\/2016\/12\/serwe-100x100.jpg\" alt=\"serwe-100x100\" width=\"100\" height=\"100\" \/><figcaption id=\"caption-attachment-934\" class=\"wp-caption-text\">Sascha Serwe (FernUniversit\u00e4t Hagen)<\/figcaption><\/figure>\n<figure id=\"attachment_935\" aria-describedby=\"caption-attachment-935\" style=\"width: 100px\" class=\"wp-caption alignleft\"><a href=\"https:\/\/blogs.fu-berlin.de\/dachadobeconnect\/files\/2016\/12\/Detlef-VBU_2-100x100.jpg\"><img loading=\"lazy\" decoding=\"async\" class=\"wp-image-935 size-full\" src=\"https:\/\/blogs.fu-berlin.de\/dachadobeconnect\/files\/2016\/12\/Detlef-VBU_2-100x100.jpg\" alt=\"Detlef-VBU_2-100x100\" width=\"100\" height=\"100\" \/><\/a><figcaption id=\"caption-attachment-935\" class=\"wp-caption-text\">Detlef Woschitzke (Europa-Universit\u00e4t Viadrina)<\/figcaption><\/figure>\n","protected":false},"excerpt":{"rendered":"<p>Mittwoch, 11.01.2017, 16 &#8211; 16.30 Uhr Spezielle Technik- und Anwendungsfragen (z. B. Apps, Aufzeichnung, Hybridmeetings) Sie haben technische Fragen zu Adobe Connect oder zur Nutzung der Adobe Connect Apps? Sie wollen ein Hybridmeeting veranstalten und ben\u00f6tigen noch Hardware-Tipps? Sie haben eine konzeptionelle Idee, wissen aber nicht, ob sich ihr Vorhaben \u00fcberhaupt mit Adobe Connect umsetzen &hellip; <a href=\"https:\/\/blogs.fu-berlin.de\/dachadobeconnect\/2016\/12\/19\/dritte-adobe-connect-sprechstunde-im-ws-20162017\/\" class=\"more-link\">Continue reading<span class=\"screen-reader-text\"> &#8220;Dritte Adobe Connect-Sprechstunde im WS 2016\/2017&#8221;<\/span><\/a><\/p>\n","protected":false},"author":2870,"featured_media":0,"comment_status":"open","ping_status":"open","sticky":false,"template":"","format":"standard","meta":{"footnotes":""},"categories":[9],"tags":[12555,56051,2185,1601,56100],"class_list":["post-931","post","type-post","status-publish","format-standard","hentry","category-allgemein","tag-hardware","tag-hybridmeeting","tag-mobile-apps","tag-tagung","tag-tipps"],"_links":{"self":[{"href":"https:\/\/blogs.fu-berlin.de\/dachadobeconnect\/wp-json\/wp\/v2\/posts\/931","targetHints":{"allow":["GET"]}}],"collection":[{"href":"https:\/\/blogs.fu-berlin.de\/dachadobeconnect\/wp-json\/wp\/v2\/posts"}],"about":[{"href":"https:\/\/blogs.fu-berlin.de\/dachadobeconnect\/wp-json\/wp\/v2\/types\/post"}],"author":[{"embeddable":true,"href":"https:\/\/blogs.fu-berlin.de\/dachadobeconnect\/wp-json\/wp\/v2\/users\/2870"}],"replies":[{"embeddable":true,"href":"https:\/\/blogs.fu-berlin.de\/dachadobeconnect\/wp-json\/wp\/v2\/comments?post=931"}],"version-history":[{"count":7,"href":"https:\/\/blogs.fu-berlin.de\/dachadobeconnect\/wp-json\/wp\/v2\/posts\/931\/revisions"}],"predecessor-version":[{"id":1802,"href":"https:\/\/blogs.fu-berlin.de\/dachadobeconnect\/wp-json\/wp\/v2\/posts\/931\/revisions\/1802"}],"wp:attachment":[{"href":"https:\/\/blogs.fu-berlin.de\/dachadobeconnect\/wp-json\/wp\/v2\/media?parent=931"}],"wp:term":[{"taxonomy":"category","embeddable":true,"href":"https:\/\/blogs.fu-berlin.de\/dachadobeconnect\/wp-json\/wp\/v2\/categories?post=931"},{"taxonomy":"post_tag","embeddable":true,"href":"https:\/\/blogs.fu-berlin.de\/dachadobeconnect\/wp-json\/wp\/v2\/tags?post=931"}],"curies":[{"name":"wp","href":"https:\/\/api.w.org\/{rel}","templated":true}]}}