{"id":980,"date":"2017-06-02T15:36:23","date_gmt":"2017-06-02T13:36:23","guid":{"rendered":"https:\/\/blogs.fu-berlin.de\/dachadobeconnect\/?p=980"},"modified":"2017-07-03T13:15:21","modified_gmt":"2017-07-03T11:15:21","slug":"einladung-zum-9-nutzertreffen-2017","status":"publish","type":"post","link":"https:\/\/blogs.fu-berlin.de\/dachadobeconnect\/2017\/06\/02\/einladung-zum-9-nutzertreffen-2017\/","title":{"rendered":"Einladung zum 9. Nutzertreffen 2017"},"content":{"rendered":"<p>Am 13. und 14. Juli 2017 findet das 9. Adobe Connect DACH Nutzertreffen an der Fachhochschule des Mittelstandes (FHM) in Bielefeld statt. Wir freuen uns sehr auf den gemeinsamen Erfahrungsauftausch und auf ein interessantes Programm, welches auf der Website der FHM Bielefeld verf\u00fcgbar ist (<a href=\"https:\/\/www.fh-mittelstand.de\/fileadmin\/Standorte\/Bielefeld\/Adobe\/DACH_Treffen_FHM.pdf\" target=\"_blank\" rel=\"noopener\">Download Programm<\/a>).<\/p>\n<p>F\u00fcr Interessierte, die nicht nach Bielefeld anreisen k\u00f6nnen, bietet die FHM Bielfeld die M\u00f6glichkeit, die Vortr\u00e4ge am Donnerstag von 13.15 &#8211; 14.30 Uhr per Webkonferenz \u00fcber Adobe Connect anzuh\u00f6ren.<\/p>\n<p>N\u00e4here Informationen zur Veranstaltung\u00a0 finden Sie unter <a href=\"https:\/\/blogs.fu-berlin.de\/dachadobeconnect\/dach-treffen\/\">&#8220;DACH Nutzertreffen&#8221;. <\/a><\/p>\n<p>Wir freuen uns auf die gemeinsame Veranstaltung!<\/p>\n","protected":false},"excerpt":{"rendered":"<p>Am 13. und 14. Juli 2017 findet das 9. Adobe Connect DACH Nutzertreffen an der Fachhochschule des Mittelstandes (FHM) in Bielefeld statt. Wir freuen uns sehr auf den gemeinsamen Erfahrungsauftausch und auf ein interessantes Programm, welches auf der Website der FHM Bielefeld verf\u00fcgbar ist (Download Programm). F\u00fcr Interessierte, die nicht nach Bielefeld anreisen k\u00f6nnen, bietet &hellip; <a href=\"https:\/\/blogs.fu-berlin.de\/dachadobeconnect\/2017\/06\/02\/einladung-zum-9-nutzertreffen-2017\/\" class=\"more-link\">Continue reading<span class=\"screen-reader-text\"> &#8220;Einladung zum 9. Nutzertreffen 2017&#8221;<\/span><\/a><\/p>\n","protected":false},"author":2870,"featured_media":0,"comment_status":"open","ping_status":"open","sticky":false,"template":"","format":"standard","meta":{"footnotes":""},"categories":[9],"tags":[],"class_list":["post-980","post","type-post","status-publish","format-standard","hentry","category-allgemein"],"_links":{"self":[{"href":"https:\/\/blogs.fu-berlin.de\/dachadobeconnect\/wp-json\/wp\/v2\/posts\/980","targetHints":{"allow":["GET"]}}],"collection":[{"href":"https:\/\/blogs.fu-berlin.de\/dachadobeconnect\/wp-json\/wp\/v2\/posts"}],"about":[{"href":"https:\/\/blogs.fu-berlin.de\/dachadobeconnect\/wp-json\/wp\/v2\/types\/post"}],"author":[{"embeddable":true,"href":"https:\/\/blogs.fu-berlin.de\/dachadobeconnect\/wp-json\/wp\/v2\/users\/2870"}],"replies":[{"embeddable":true,"href":"https:\/\/blogs.fu-berlin.de\/dachadobeconnect\/wp-json\/wp\/v2\/comments?post=980"}],"version-history":[{"count":5,"href":"https:\/\/blogs.fu-berlin.de\/dachadobeconnect\/wp-json\/wp\/v2\/posts\/980\/revisions"}],"predecessor-version":[{"id":989,"href":"https:\/\/blogs.fu-berlin.de\/dachadobeconnect\/wp-json\/wp\/v2\/posts\/980\/revisions\/989"}],"wp:attachment":[{"href":"https:\/\/blogs.fu-berlin.de\/dachadobeconnect\/wp-json\/wp\/v2\/media?parent=980"}],"wp:term":[{"taxonomy":"category","embeddable":true,"href":"https:\/\/blogs.fu-berlin.de\/dachadobeconnect\/wp-json\/wp\/v2\/categories?post=980"},{"taxonomy":"post_tag","embeddable":true,"href":"https:\/\/blogs.fu-berlin.de\/dachadobeconnect\/wp-json\/wp\/v2\/tags?post=980"}],"curies":[{"name":"wp","href":"https:\/\/api.w.org\/{rel}","templated":true}]}}