{"id":992,"date":"2017-07-25T10:11:53","date_gmt":"2017-07-25T08:11:53","guid":{"rendered":"https:\/\/blogs.fu-berlin.de\/dachadobeconnect\/?p=992"},"modified":"2017-07-25T10:17:12","modified_gmt":"2017-07-25T08:17:12","slug":"rueckblick-9-nutzertreffen-der-dach-gruppe-in-bielefeld","status":"publish","type":"post","link":"https:\/\/blogs.fu-berlin.de\/dachadobeconnect\/2017\/07\/25\/rueckblick-9-nutzertreffen-der-dach-gruppe-in-bielefeld\/","title":{"rendered":"R\u00fcckblick: 9. Nutzertreffen der DACH Gruppe in Bielefeld"},"content":{"rendered":"<p>Am 13. und 14. Juli 2017 fand das 9. Adobe Connect DACH Nutzertreffen an der Fachhochschule des Mittelstandes (FHM) in Bielefeld statt, zu dem wir aus unterschiedlichen Regionen im deutschsprachigen Raum anreisten (Regensburg, Elmshorn, Berlin, Heidelberg, Frankfurt (Oder), Hagen, Bochum).<\/p>\n<p>Unser Gastgeber Prof. Dr. Stefan Bieletzke hatte ein abwechslungsreiches Programm organisiert: Nach der Begr\u00fc\u00dfung durch Prof. Dr. Astrid Kruse (Dekanin des Fachbereichs Medien) startete der intensive Austausch mit zwei Vortr\u00e4gen. Prof. Prof. h.c. Dr. Christoph Brake (FHM, Medientechnologien &amp; Management) schilderte eindrucksvoll seine Erfahrungen bei der Implementierung und Nutzung von Adobe Connect in multinationalen Projektmeetings. Sebastian Wieschowski (Fachhochschule der Diakonie (FHdD), Bielefeld) stellte Ergebnisse einer Akzeptanzbefragung von Studierenden vor, welche Adobe Connect im Rahmen eines Seminars w\u00e4hrend ihres Studiums an der FHdD regelm\u00e4\u00dfig nutzten. Im Anschluss daran wurden von der Reflact-AG zahlreiche Neuigkeiten aus der Adobe Connect-Welt vorgestellt (bspw. wurde \u00fcber die kommende Version Adobe Connect 9.7 berichtet). Der gemeinsame Spaziergang zum Wahrzeichen Bielefelds, der Sparrenburg, und das Abendessen \u00fcber den D\u00e4chern von Bielefeld stellten einen sch\u00f6nen Abschluss des ersten Tages dar.<\/p>\n<p><a href=\"https:\/\/blogs.fu-berlin.de\/dachadobeconnect\/files\/2017\/07\/FullSizeRender_.jpg\"><img loading=\"lazy\" decoding=\"async\" class=\"alignnone size-medium wp-image-993\" src=\"https:\/\/blogs.fu-berlin.de\/dachadobeconnect\/files\/2017\/07\/FullSizeRender_-300x270.jpg\" alt=\"\" width=\"300\" height=\"270\" srcset=\"https:\/\/blogs.fu-berlin.de\/dachadobeconnect\/files\/2017\/07\/FullSizeRender_-300x270.jpg 300w, https:\/\/blogs.fu-berlin.de\/dachadobeconnect\/files\/2017\/07\/FullSizeRender_-768x690.jpg 768w, https:\/\/blogs.fu-berlin.de\/dachadobeconnect\/files\/2017\/07\/FullSizeRender_-1024x921.jpg 1024w, https:\/\/blogs.fu-berlin.de\/dachadobeconnect\/files\/2017\/07\/FullSizeRender_-1200x1079.jpg 1200w, https:\/\/blogs.fu-berlin.de\/dachadobeconnect\/files\/2017\/07\/FullSizeRender_.jpg 1682w\" sizes=\"auto, (max-width: 300px) 85vw, 300px\" \/><\/a><\/p>\n<p>Der zweite Tag stand ganz im Zeichen der Arbeitsgruppen zu Themen wie \u201e<em>Didaktisches Best-Practice in unterschiedlichen Lehr-Szenarien<\/em>\u201c, \u201e<em>Handling von Aufzeichnungen und technische Hilfsmittel und Plugins, wie Tisch-Scanner, E-Paper, Gong oder Youtube-Integration<\/em>\u201c, \u201e<em>Erfahrungen mit Hybrid-Veranstaltungen und Event-Broadcast<\/em>\u201c und \u201e<em>Zukunft der DACH-Gruppe<\/em>\u201c, deren Ergebnisse als Abschluss dem Plenum pr\u00e4sentiert wurden.<\/p>\n<p>W\u00e4hrend der gesamten Veranstaltung konnten wir die Vorteile eines Nutzertreffens vor Ort voll auskosten. Neben tollem und leckerem Catering (<a href=\"https:\/\/www.facebook.com\/TraiNex24\/photos\/pb.150882821592087.-2207520000.1500969951.\/1749623701717983\/?type=3&amp;theater\" target=\"_blank\" rel=\"noopener\">Bild auf Facebook (externer Link)<\/a>), das immer reichlich zur Verf\u00fcgung stand (hierf\u00fcr nochmals herzlichen Dank an die FHM!), hatten wir die M\u00f6glichkeit, im \u201eVirtual Reality Studio\u201c der FHM wieder in die virtuelle Welt einzutauchen.<\/p>\n<p>Mit diesem kurzen Beitrag \u00fcber das 9. DACH Nutzertreffen 2017 m\u00f6chten wir uns in die Sommerpause verabschieden und w\u00fcnschen allen Kolleginnen und Kollegen eine sch\u00f6ne Urlaubszeit. Ab Oktober 2017 werden wir unsere n\u00e4chsten geplanten Online-Veranstaltungen hier in unserem Blog ank\u00fcndigen. Mehr dazu erfahren Sie dann unter \u201e<a href=\"https:\/\/blogs.fu-berlin.de\/dachadobeconnect\/programm\/\">Programm<\/a>\u201c.<\/p>\n","protected":false},"excerpt":{"rendered":"<p>Am 13. und 14. Juli 2017 fand das 9. Adobe Connect DACH Nutzertreffen an der Fachhochschule des Mittelstandes (FHM) in Bielefeld statt, zu dem wir aus unterschiedlichen Regionen im deutschsprachigen Raum anreisten (Regensburg, Elmshorn, Berlin, Heidelberg, Frankfurt (Oder), Hagen, Bochum). Unser Gastgeber Prof. Dr. Stefan Bieletzke hatte ein abwechslungsreiches Programm organisiert: Nach der Begr\u00fc\u00dfung durch &hellip; <a href=\"https:\/\/blogs.fu-berlin.de\/dachadobeconnect\/2017\/07\/25\/rueckblick-9-nutzertreffen-der-dach-gruppe-in-bielefeld\/\" class=\"more-link\">Continue reading<span class=\"screen-reader-text\"> &#8220;R\u00fcckblick: 9. Nutzertreffen der DACH Gruppe in Bielefeld&#8221;<\/span><\/a><\/p>\n","protected":false},"author":2870,"featured_media":0,"comment_status":"open","ping_status":"open","sticky":false,"template":"","format":"standard","meta":{"footnotes":""},"categories":[9,39950],"tags":[],"class_list":["post-992","post","type-post","status-publish","format-standard","hentry","category-allgemein","category-rueckblick"],"_links":{"self":[{"href":"https:\/\/blogs.fu-berlin.de\/dachadobeconnect\/wp-json\/wp\/v2\/posts\/992","targetHints":{"allow":["GET"]}}],"collection":[{"href":"https:\/\/blogs.fu-berlin.de\/dachadobeconnect\/wp-json\/wp\/v2\/posts"}],"about":[{"href":"https:\/\/blogs.fu-berlin.de\/dachadobeconnect\/wp-json\/wp\/v2\/types\/post"}],"author":[{"embeddable":true,"href":"https:\/\/blogs.fu-berlin.de\/dachadobeconnect\/wp-json\/wp\/v2\/users\/2870"}],"replies":[{"embeddable":true,"href":"https:\/\/blogs.fu-berlin.de\/dachadobeconnect\/wp-json\/wp\/v2\/comments?post=992"}],"version-history":[{"count":2,"href":"https:\/\/blogs.fu-berlin.de\/dachadobeconnect\/wp-json\/wp\/v2\/posts\/992\/revisions"}],"predecessor-version":[{"id":995,"href":"https:\/\/blogs.fu-berlin.de\/dachadobeconnect\/wp-json\/wp\/v2\/posts\/992\/revisions\/995"}],"wp:attachment":[{"href":"https:\/\/blogs.fu-berlin.de\/dachadobeconnect\/wp-json\/wp\/v2\/media?parent=992"}],"wp:term":[{"taxonomy":"category","embeddable":true,"href":"https:\/\/blogs.fu-berlin.de\/dachadobeconnect\/wp-json\/wp\/v2\/categories?post=992"},{"taxonomy":"post_tag","embeddable":true,"href":"https:\/\/blogs.fu-berlin.de\/dachadobeconnect\/wp-json\/wp\/v2\/tags?post=992"}],"curies":[{"name":"wp","href":"https:\/\/api.w.org\/{rel}","templated":true}]}}