{"id":429,"date":"2020-11-30T23:26:14","date_gmt":"2020-11-30T22:26:14","guid":{"rendered":"https:\/\/blogs.fu-berlin.de\/dezfba-erz-psy\/?p=429"},"modified":"2021-03-12T11:17:36","modified_gmt":"2021-03-12T10:17:36","slug":"marie-schlei-preis-2020","status":"publish","type":"post","link":"https:\/\/blogs.fu-berlin.de\/dezfba-erz-psy\/2020\/11\/30\/marie-schlei-preis-2020\/","title":{"rendered":"Marie-Schlei-Preis 2020"},"content":{"rendered":"\n<h3 class=\"wp-block-heading\">Marie-Schlei-Preis und Preis f\u00fcr beste Lehre wurde in gemeinsamer Veranstaltung verliehen<\/h3>\n\n\n\n<p>Der 26. November 2020 war ein besonderer Tag: Um 15 Uhr w\u00e4hlten sich fast 70 Mitglieder des Fachbereichs Erziehungswissenschaft und Psychologie in eine WebEx-Konferenz ein. Die Beteiligten kamen aus allen Statusgruppen und aus allen Wissensbereichen des Fachbereichs, z.T. festlich gekleidet, das Lieblingsgetr\u00e4nk zur Hand und einige demonstrierten ganz dezent Schokoladen und Blumenstr\u00e4u\u00dfe.<\/p>\n\n\n\n<p>Anlass f\u00fcr diese etwas ungew\u00f6hnliche Veranstaltung waren gleich zwei Preisverleihungen: So verliehen Studierende des Fachbereichs den Preis f\u00fcr beste Lehre 2020 in mehreren Kategorien und der Fachbereich zeichnete vier junge Wissenschaftlerinnen f\u00fcr ihre exzellenten Abschlussarbeiten mit dem Marie-Schlei-Preis 2020 aus.<\/p>\n\n\n\n<div class=\"wp-block-group\"><div class=\"wp-block-group__inner-container is-layout-flow wp-block-group-is-layout-flow\">\n<div class=\"wp-block-group\"><div class=\"wp-block-group__inner-container is-layout-flow wp-block-group-is-layout-flow\">\n<div class=\"wp-block-group\"><div class=\"wp-block-group__inner-container is-layout-flow wp-block-group-is-layout-flow\">\n<div class=\"wp-block-image\"><figure class=\"alignleft size-large is-resized\"><img loading=\"lazy\" decoding=\"async\" src=\"https:\/\/blogs.fu-berlin.de\/dezfba-erz-psy\/files\/2020\/11\/Preis-beste-Lehre-2020-4.jpg\" alt=\"\" class=\"wp-image-439\" width=\"385\" height=\"198\" srcset=\"https:\/\/blogs.fu-berlin.de\/dezfba-erz-psy\/files\/2020\/11\/Preis-beste-Lehre-2020-4.jpg 573w, https:\/\/blogs.fu-berlin.de\/dezfba-erz-psy\/files\/2020\/11\/Preis-beste-Lehre-2020-4-300x154.jpg 300w\" sizes=\"auto, (max-width: 385px) 85vw, 385px\" \/><figcaption>Preis f\u00fcr beste Lehre 2020<\/figcaption><\/figure><\/div>\n\n\n\n<p>Da der Fachbereichstag dieses Jahr ausfallen musste und leider auch zur Absolvent:innenfeier pandemiebedingt nicht eingeladen werden konnte, entstand die Idee, die beiden Preise gemeinsam zu feiern. Beim <strong>Preis f\u00fcr beste Lehre <\/strong>waren die \u00dcberraschungen f\u00fcr die Betroffenen perfekt. Hier wiederholte sich die Schilderung der z.T. sichtlich ber\u00fchrten Preistr\u00e4ger:innen, dass kurz vor der Veranstaltung ein &#8222;Mann mit Maske und Blumenstrau\u00df&#8220; vor der T\u00fcr gestanden hatte  und den verbl\u00fcfften  Empf\u00e4nger:innen eben diesen Blumenstrau\u00df \u00fcberreicht hatte. <\/p>\n\n\n\n<p>Der Zufall wollte zudem, dass der Fachbereich Erziehungswissenschaft und Psychologie zum 21. Mal den Marie-Schlei-Preis an eben dem Tag verlieh, an seine Namensgeberin Marie Schlei ihren 101. Geburtstag gefeiert h\u00e4tte. <\/p>\n\n\n\n<div class=\"wp-block-image\"><figure class=\"aligncenter size-large is-resized\"><img loading=\"lazy\" decoding=\"async\" src=\"https:\/\/blogs.fu-berlin.de\/dezfba-erz-psy\/files\/2020\/11\/MSP-2020.jpg\" alt=\"\" class=\"wp-image-434\" width=\"635\" height=\"357\" srcset=\"https:\/\/blogs.fu-berlin.de\/dezfba-erz-psy\/files\/2020\/11\/MSP-2020.jpg 953w, https:\/\/blogs.fu-berlin.de\/dezfba-erz-psy\/files\/2020\/11\/MSP-2020-300x169.jpg 300w\" sizes=\"auto, (max-width: 709px) 85vw, (max-width: 909px) 67vw, (max-width: 984px) 61vw, (max-width: 1362px) 45vw, 600px\" \/><figcaption>Marie-Schlei-Preis 2020<\/figcaption><\/figure><\/div>\n<\/div><\/div>\n<\/div><\/div>\n<\/div><\/div>\n\n\n\n<p>Die Preistr\u00e4gerinnen des Marie-Schlei-Preises hatten sich auch schon \u00fcber ihre Blumen gefreut, waren aber etwas vorbereiteter, weil sie z.T. ihre nun ausgezeichneten Arbeiten vorstellten und daher vorher informiert worden waren. So lernten die Anwesenden nebenbei noch etwas dar\u00fcber, was Sch\u00fcler:innen hilft, wenn sie vom Gymnasium an eine Sekundarschule wechseln, und wann Messfehler in Berechnungen ber\u00fccksichtigt werden sollten, um ggf. valide kausale Schl\u00fcsse zu ziehen,  und wann dies verzichtbar ist. <em>Neugierig geworden? <\/em>Dann schauen Sie sich gern die ausgezeichneten Arbeiten an! <\/p>\n","protected":false},"excerpt":{"rendered":"<p>Marie-Schlei-Preis und Preis f\u00fcr beste Lehre wurde in gemeinsamer Veranstaltung verliehen Der 26. November 2020 war ein besonderer Tag: Um 15 Uhr w\u00e4hlten sich fast 70 Mitglieder des Fachbereichs Erziehungswissenschaft und Psychologie in eine WebEx-Konferenz ein. Die Beteiligten kamen aus allen Statusgruppen und aus allen Wissensbereichen des Fachbereichs, z.T. festlich gekleidet, das Lieblingsgetr\u00e4nk zur Hand &hellip; <a href=\"https:\/\/blogs.fu-berlin.de\/dezfba-erz-psy\/2020\/11\/30\/marie-schlei-preis-2020\/\" class=\"more-link\"><span class=\"screen-reader-text\">\u201eMarie-Schlei-Preis 2020\u201c<\/span> weiterlesen<\/a><\/p>\n","protected":false},"author":220,"featured_media":431,"comment_status":"open","ping_status":"open","sticky":false,"template":"","format":"standard","meta":{"footnotes":""},"categories":[9,301208,367],"tags":[314940,314938],"class_list":["post-429","post","type-post","status-publish","format-standard","has-post-thumbnail","hentry","category-allgemein","category-frauenfoerderung","category-lehre","tag-beste-lehre","tag-frauenfoerderpreis"],"_links":{"self":[{"href":"https:\/\/blogs.fu-berlin.de\/dezfba-erz-psy\/wp-json\/wp\/v2\/posts\/429","targetHints":{"allow":["GET"]}}],"collection":[{"href":"https:\/\/blogs.fu-berlin.de\/dezfba-erz-psy\/wp-json\/wp\/v2\/posts"}],"about":[{"href":"https:\/\/blogs.fu-berlin.de\/dezfba-erz-psy\/wp-json\/wp\/v2\/types\/post"}],"author":[{"embeddable":true,"href":"https:\/\/blogs.fu-berlin.de\/dezfba-erz-psy\/wp-json\/wp\/v2\/users\/220"}],"replies":[{"embeddable":true,"href":"https:\/\/blogs.fu-berlin.de\/dezfba-erz-psy\/wp-json\/wp\/v2\/comments?post=429"}],"version-history":[{"count":9,"href":"https:\/\/blogs.fu-berlin.de\/dezfba-erz-psy\/wp-json\/wp\/v2\/posts\/429\/revisions"}],"predecessor-version":[{"id":511,"href":"https:\/\/blogs.fu-berlin.de\/dezfba-erz-psy\/wp-json\/wp\/v2\/posts\/429\/revisions\/511"}],"wp:featuredmedia":[{"embeddable":true,"href":"https:\/\/blogs.fu-berlin.de\/dezfba-erz-psy\/wp-json\/wp\/v2\/media\/431"}],"wp:attachment":[{"href":"https:\/\/blogs.fu-berlin.de\/dezfba-erz-psy\/wp-json\/wp\/v2\/media?parent=429"}],"wp:term":[{"taxonomy":"category","embeddable":true,"href":"https:\/\/blogs.fu-berlin.de\/dezfba-erz-psy\/wp-json\/wp\/v2\/categories?post=429"},{"taxonomy":"post_tag","embeddable":true,"href":"https:\/\/blogs.fu-berlin.de\/dezfba-erz-psy\/wp-json\/wp\/v2\/tags?post=429"}],"curies":[{"name":"wp","href":"https:\/\/api.w.org\/{rel}","templated":true}]}}