{"id":744,"date":"2021-09-30T20:55:55","date_gmt":"2021-09-30T18:55:55","guid":{"rendered":"https:\/\/blogs.fu-berlin.de\/dezfba-erz-psy\/?p=744"},"modified":"2024-08-29T17:38:49","modified_gmt":"2024-08-29T15:38:49","slug":"stimmungsbild-7-8-2021","status":"publish","type":"post","link":"https:\/\/blogs.fu-berlin.de\/dezfba-erz-psy\/2021\/09\/30\/stimmungsbild-7-8-2021\/","title":{"rendered":"Stimmungsbild 7-8\/2021"},"content":{"rendered":"\n<p>Auch dieses Jahr wollten wir wissen, wie sich die Corona-Pandemie auf den privaten und beruflichen bzw. Studienalltag der Mitglieder unseres Fachbereichs (FB) ausgewirkt hat. Uns interessierte die aktuelle Situation der Mitglieder, wie auch letztes Jahr in unserem <a href=\"https:\/\/blogs.fu-berlin.de\/dezfba-erz-psy\/stimmungsbild-6-2020\/\">Stimmungsbild<\/a> erhoben, vor allem aber auch die Wahrnehmung des Oster-Lockdowns (April\/Mai 2021) und Ver\u00e4nderungen im Vergleich zum letzten Jahr. Dazu luden wir vom 14. Juli bis zum 15. August 2021 wieder alle Angeh\u00f6rigen des FB zur Teilnahme an einem zweiten Stimmungsbild ein. Hier also die Ergebnisse der diesj\u00e4hrigen Befragung.<\/p>\n\n\n\n<h2 class=\"wp-block-heading\">Wer hat an der Befragung teilgenommen?<\/h2>\n\n\n\n<p><\/p>\n\n\n<div class=\"wp-block-image\">\n<figure class=\"alignleft size-large is-resized\"><img loading=\"lazy\" decoding=\"async\" src=\"https:\/\/blogs.fu-berlin.de\/dezfba-erz-psy\/files\/2021\/09\/diagramm_teilnahme-1024x615.jpg\" alt=\"\" class=\"wp-image-743\" width=\"589\" height=\"352\" \/><figcaption><em>Abbildung 1:<br>Teilnahme an der Umfrage nach Rolle am Fachbereich und Geschlecht<\/em><\/figcaption><\/figure><\/div>\n\n\n<p><\/p>\n\n\n\n<p>Die Teilnahme am Stimmungsbild fiel dieses Jahr deutlich niedriger aus als im letzten, was h\u00f6chstwahrscheinlich daran lag, dass der Befragungszeitraum in die Semesterferien fiel. Daher danken wir an dieser Stelle den \u00fcber 200 Personen ganz besonders, dass sie sich daf\u00fcr Zeit genommen haben! 151 Studierende (davon 19 HiWis), 11 Professor*innen, 23 Sonstige Mitarbeitende (davon sind zwei Personen auch Studierende), 37 Wissenschaftliche Mitarbeitende (davon drei Studis) nahmen an der Befragung teil. Damit liegt die Beteiligung zwischen 5% (Studierende) und 27 % (SoMis). Letztes Jahr haben sich fast zwei F\u00fcnftel der Befragten dazu entschieden, zu ihrem Geschlecht keine Angaben zu machen. Dieses Jahr waren es etwas mehr: 43,5% der Befragten w\u00e4hlten <em>keine Angabe<\/em> (siehe Abb.1), v.a. Professor*innen verzichteten auf eine Angabe (was angesichts der geringen Grundrate besonders nachvollziehbar ist).<\/p>\n\n\n\n<h2 class=\"wp-block-heading\"><strong>Was wollten wir wissen?<\/strong><\/h2>\n\n\n\n<p>Dieses Jahr wollten wir in der Befragung wissen, (a) in welchem Ausma\u00df die Befragten seit Juli 2020 Ver\u00e4nderungen im privaten wie im beruflichen Bereich erleben und wie sie diese bewerten, (b) wie zufrieden und wie belastet sie waren, sowohl zum Zeitpunkt der Befragung als auch w\u00e4hrend des Lockdowns im April und Mai 2021, (c) was sie als die gr\u00f6\u00dften Herausforderungen und die gr\u00f6\u00dften Belastungen erleben, (d) was ihnen momentan fehlt und (e) was sie derzeit positiv bewerten. Als letztes wollten wir herausfinden, (f) was sie ggf. aus dem Lockdown in den ganz beruflichen bzw. privaten Alltag hin\u00fcberretten m\u00f6chten.<\/p>\n\n\n\n<p><em><strong>(A) ERLEBTE VER\u00c4NDERUNGEN AUFGRUND VON CORONA<\/strong><\/em><\/p>\n\n\n\n<p>Abbildung 2a zeigt, dass die erlebten Ver\u00e4nderungen auch dieses Jahr eher stark ausfielen, wobei es diesmal keine gro\u00dfen Unterschiede zwischen dem Ausma\u00df erlebter Ver\u00e4nderungen im privaten und beruflichen Alltag gab. Eine Ausnahme ist die Gruppe der Studierenden, bei denen die Ver\u00e4nderungen im beruflichen (in ihrem Fall Studien-) Alltag etwas schw\u00e4cher ausfielen. Sowohl im privaten als auch im beruflichen Alltag wurden die Ver\u00e4nderungen als teils\/teils bis negativ bewertet, wobei es keinen bedeutsamen Unterschied zwischen den Gruppen gab. In Abbildung 2b ist allerdings deutlich zu erkennen, dass Studierende die Ver\u00e4nderungen im beruflichen Alltag als negativer erleben als Ver\u00e4nderungen im privaten Alltag.<\/p>\n\n\n\n<figure class=\"wp-block-gallery has-nested-images columns-default is-cropped wp-block-gallery-1 is-layout-flex wp-block-gallery-is-layout-flex\">\n<figure class=\"wp-block-image size-large\"><img loading=\"lazy\" decoding=\"async\" width=\"1024\" height=\"782\" data-id=\"765\" src=\"https:\/\/blogs.fu-berlin.de\/dezfba-erz-psy\/files\/2021\/09\/diagram_ver\u00e4nderungen-1-1024x782.jpg\" alt=\"\" class=\"wp-image-765\" srcset=\"https:\/\/blogs.fu-berlin.de\/dezfba-erz-psy\/files\/2021\/09\/diagram_ver\u00e4nderungen-1-1024x782.jpg 1024w, https:\/\/blogs.fu-berlin.de\/dezfba-erz-psy\/files\/2021\/09\/diagram_ver\u00e4nderungen-1-300x229.jpg 300w, https:\/\/blogs.fu-berlin.de\/dezfba-erz-psy\/files\/2021\/09\/diagram_ver\u00e4nderungen-1-768x586.jpg 768w, https:\/\/blogs.fu-berlin.de\/dezfba-erz-psy\/files\/2021\/09\/diagram_ver\u00e4nderungen-1-1536x1173.jpg 1536w, https:\/\/blogs.fu-berlin.de\/dezfba-erz-psy\/files\/2021\/09\/diagram_ver\u00e4nderungen-1-1200x916.jpg 1200w, https:\/\/blogs.fu-berlin.de\/dezfba-erz-psy\/files\/2021\/09\/diagram_ver\u00e4nderungen-1.jpg 1564w\" sizes=\"auto, (max-width: 709px) 85vw, (max-width: 909px) 67vw, (max-width: 1362px) 62vw, 840px\" \/><\/figure>\n\n\n\n<figure class=\"wp-block-image size-large\"><img loading=\"lazy\" decoding=\"async\" width=\"1024\" height=\"730\" data-id=\"778\" src=\"https:\/\/blogs.fu-berlin.de\/dezfba-erz-psy\/files\/2021\/10\/diagram_ver\u00e4nderungen_val-1024x730.jpg\" alt=\"\" class=\"wp-image-778\" srcset=\"https:\/\/blogs.fu-berlin.de\/dezfba-erz-psy\/files\/2021\/10\/diagram_ver\u00e4nderungen_val-1024x730.jpg 1024w, https:\/\/blogs.fu-berlin.de\/dezfba-erz-psy\/files\/2021\/10\/diagram_ver\u00e4nderungen_val-300x214.jpg 300w, https:\/\/blogs.fu-berlin.de\/dezfba-erz-psy\/files\/2021\/10\/diagram_ver\u00e4nderungen_val-768x548.jpg 768w, https:\/\/blogs.fu-berlin.de\/dezfba-erz-psy\/files\/2021\/10\/diagram_ver\u00e4nderungen_val-1200x856.jpg 1200w, https:\/\/blogs.fu-berlin.de\/dezfba-erz-psy\/files\/2021\/10\/diagram_ver\u00e4nderungen_val.jpg 1392w\" sizes=\"auto, (max-width: 709px) 85vw, (max-width: 909px) 67vw, (max-width: 1362px) 62vw, 840px\" \/><\/figure>\n<figcaption class=\"blocks-gallery-caption\"><em>Abbildung 2:<br>(a) Ausma\u00df und (b) Valenz der erlebten Ver\u00e4nderungen nach Rolle am Fachbereich<\/em><\/figcaption><\/figure>\n\n\n\n<p><em><strong>(B) ZUFRIEDENHEITS- UND BELASTUNGSERLEBEN<\/strong><\/em><\/p>\n\n\n\n<p>Dieses Jahr gingen die Angaben zur allgemeinen und spezifischen Zufriedenheit sowie der Belastung durch Zeitdruck in den betrachteten Gruppen nicht bedeutsam auseinander, was aber auch an der kleineren Stichprobengr\u00f6\u00dfe liegen k\u00f6nnte. Verglichen mit den Angaben aus 2020 (Abb. 2a, links) weisen die WiMis niedrigere Zufriedenheitsratings als letztes Jahr auf.<\/p>\n\n\n\n<figure class=\"wp-block-gallery has-nested-images columns-default is-cropped wp-block-gallery-2 is-layout-flex wp-block-gallery-is-layout-flex\">\n<figure class=\"wp-block-image size-large\"><img loading=\"lazy\" decoding=\"async\" width=\"1024\" height=\"817\" data-id=\"333\" src=\"https:\/\/blogs.fu-berlin.de\/dezfba-erz-psy\/files\/2020\/07\/Zufriedenheitsratings-2-1024x817.png\" alt=\"\" class=\"wp-image-333\" srcset=\"https:\/\/blogs.fu-berlin.de\/dezfba-erz-psy\/files\/2020\/07\/Zufriedenheitsratings-2-1024x817.png 1024w, https:\/\/blogs.fu-berlin.de\/dezfba-erz-psy\/files\/2020\/07\/Zufriedenheitsratings-2-300x239.png 300w, https:\/\/blogs.fu-berlin.de\/dezfba-erz-psy\/files\/2020\/07\/Zufriedenheitsratings-2-768x613.png 768w, https:\/\/blogs.fu-berlin.de\/dezfba-erz-psy\/files\/2020\/07\/Zufriedenheitsratings-2-1200x958.png 1200w, https:\/\/blogs.fu-berlin.de\/dezfba-erz-psy\/files\/2020\/07\/Zufriedenheitsratings-2.png 1288w\" sizes=\"auto, (max-width: 709px) 85vw, (max-width: 909px) 67vw, (max-width: 1362px) 62vw, 840px\" \/><\/figure>\n\n\n\n<figure class=\"wp-block-image size-large\"><img loading=\"lazy\" decoding=\"async\" width=\"1024\" height=\"803\" data-id=\"756\" src=\"https:\/\/blogs.fu-berlin.de\/dezfba-erz-psy\/files\/2021\/09\/diagram_zuf_bel-4-1024x803.jpg\" alt=\"\" class=\"wp-image-756\" srcset=\"https:\/\/blogs.fu-berlin.de\/dezfba-erz-psy\/files\/2021\/09\/diagram_zuf_bel-4-1024x803.jpg 1024w, https:\/\/blogs.fu-berlin.de\/dezfba-erz-psy\/files\/2021\/09\/diagram_zuf_bel-4-300x235.jpg 300w, https:\/\/blogs.fu-berlin.de\/dezfba-erz-psy\/files\/2021\/09\/diagram_zuf_bel-4-768x602.jpg 768w, https:\/\/blogs.fu-berlin.de\/dezfba-erz-psy\/files\/2021\/09\/diagram_zuf_bel-4-1536x1204.jpg 1536w, https:\/\/blogs.fu-berlin.de\/dezfba-erz-psy\/files\/2021\/09\/diagram_zuf_bel-4-1200x941.jpg 1200w, https:\/\/blogs.fu-berlin.de\/dezfba-erz-psy\/files\/2021\/09\/diagram_zuf_bel-4.jpg 1583w\" sizes=\"auto, (max-width: 709px) 85vw, (max-width: 909px) 67vw, (max-width: 1362px) 62vw, 840px\" \/><\/figure>\n<figcaption class=\"blocks-gallery-caption\">Abbildung 3:<br>Mittelwerte allgemeiner und spezifischer Zufriedenheitsratings und der erlebten Belastung durch Zeitdruck (a) im Juni 2020 und (b) im Juli\/August 2021<br>(getrennt f\u00fcr verschiedene Gruppen am Fachbereich; <strong>*<\/strong> bedeutet, dass mindestens 2 Gruppen sich bedeutsam unterscheiden)<\/figcaption><\/figure>\n\n\n\n<p>Abbildung 4 zeigt Ergebnisse zu den Belastungsquellen. Dieses Jahr fragten wir zus\u00e4tzlich nach der Belastung bez\u00fcglich technischer Probleme sowie der Belastung durch Mangel an sozialen Kontakten. Vergleicht man die Verl\u00e4ufe der Linien mit denen des letzten Jahres, ergibt sich au\u00dfer in der Signifikanz der Unterschiede zwischen Gruppen kein gro\u00dfer Unterschied (letztes Jahr waren au\u00dfer bei der Pflege von Familienangeh\u00f6rigen bei allen anderen Belastungsquellen mindestens zwei Mittelwerte bedeutsam voneinander verschieden). Zum Zeitpunkt der Befragung war die Gruppe der Professor*innen st\u00e4rker belastet als die Gruppe der Studierenden und SoMis; ein Unterschied, der w\u00e4hrend des Oster-Lockdowns noch gr\u00f6\u00dfer ausfiel. W\u00e4hrend des Lockdowns fiel au\u00dferdem noch die Belastung der WiMis durch die Betreuung von Kindern h\u00f6her aus als bei Studis und SoMis. Bez\u00fcglich finanzieller Probleme zeigen die Ergebnisse eine deutlich h\u00f6here Belastung der Studis zum Befragungszeitpunkt als bei allen anderen Gruppen; auch w\u00e4hrend des Lockdowns waren sie finanziell st\u00e4rker belastet als Profs und WiMis. Die Belastung fiel auch dieses Jahr bei allen Gruppen gering aus, wenn es um die Pflege von Familienangeh\u00f6rigen ging, und alle waren st\u00e4rker belastet in Bezug auf ihre psychische Gesundheit und den Mangel an sozialen Kontakten.<\/p>\n\n\n\n<figure class=\"wp-block-gallery has-nested-images columns-default is-cropped wp-block-gallery-3 is-layout-flex wp-block-gallery-is-layout-flex\">\n<figure class=\"wp-block-image size-large\"><img loading=\"lazy\" decoding=\"async\" width=\"1024\" height=\"614\" data-id=\"758\" src=\"https:\/\/blogs.fu-berlin.de\/dezfba-erz-psy\/files\/2021\/09\/belastungen_lockdown-1024x614.jpg\" alt=\"\" class=\"wp-image-758\" srcset=\"https:\/\/blogs.fu-berlin.de\/dezfba-erz-psy\/files\/2021\/09\/belastungen_lockdown-1024x614.jpg 1024w, https:\/\/blogs.fu-berlin.de\/dezfba-erz-psy\/files\/2021\/09\/belastungen_lockdown-300x180.jpg 300w, https:\/\/blogs.fu-berlin.de\/dezfba-erz-psy\/files\/2021\/09\/belastungen_lockdown-768x461.jpg 768w, https:\/\/blogs.fu-berlin.de\/dezfba-erz-psy\/files\/2021\/09\/belastungen_lockdown-1536x922.jpg 1536w, https:\/\/blogs.fu-berlin.de\/dezfba-erz-psy\/files\/2021\/09\/belastungen_lockdown-1200x720.jpg 1200w, https:\/\/blogs.fu-berlin.de\/dezfba-erz-psy\/files\/2021\/09\/belastungen_lockdown.jpg 1650w\" sizes=\"auto, (max-width: 709px) 85vw, (max-width: 909px) 67vw, (max-width: 1362px) 62vw, 840px\" \/><\/figure>\n\n\n\n<figure class=\"wp-block-image size-large\"><img loading=\"lazy\" decoding=\"async\" width=\"1024\" height=\"616\" data-id=\"759\" src=\"https:\/\/blogs.fu-berlin.de\/dezfba-erz-psy\/files\/2021\/09\/diagram_belastungen-1024x616.jpg\" alt=\"\" class=\"wp-image-759\" srcset=\"https:\/\/blogs.fu-berlin.de\/dezfba-erz-psy\/files\/2021\/09\/diagram_belastungen-1024x616.jpg 1024w, https:\/\/blogs.fu-berlin.de\/dezfba-erz-psy\/files\/2021\/09\/diagram_belastungen-300x181.jpg 300w, https:\/\/blogs.fu-berlin.de\/dezfba-erz-psy\/files\/2021\/09\/diagram_belastungen-768x462.jpg 768w, https:\/\/blogs.fu-berlin.de\/dezfba-erz-psy\/files\/2021\/09\/diagram_belastungen-1536x924.jpg 1536w, https:\/\/blogs.fu-berlin.de\/dezfba-erz-psy\/files\/2021\/09\/diagram_belastungen-1200x722.jpg 1200w, https:\/\/blogs.fu-berlin.de\/dezfba-erz-psy\/files\/2021\/09\/diagram_belastungen.jpg 1655w\" sizes=\"auto, (max-width: 709px) 85vw, (max-width: 909px) 67vw, (max-width: 1362px) 62vw, 840px\" \/><\/figure>\n<figcaption class=\"blocks-gallery-caption\">Abbildung 4:<br>Mittelwerte der erlebten Belastung in verschiedenen Bereichen (a) im April\/Mai 2021 und (b) im Juli\/August 2021<br>(getrennt f\u00fcr verschiedene Gruppen am Fachbereich;  die rote Raute bedeutet, dass mindestens 2 Gruppen sich bedeutsam unterscheiden)<\/figcaption><\/figure>\n\n\n\n<p><strong><em>(C) ERLEBTE HERAUSFORDERUNGEN<\/em><\/strong><\/p>\n\n\n\n<p>Dieses Jahr fiel keine der Antworten der Befragten bez\u00fcglich ihrer gr\u00f6\u00dften momentanen Herausforderung in die Kategorien &#8222;arbeitsbezogene Verz\u00f6gerungen&#8220; und &#8222;L\u00e4rm&#8220;, daf\u00fcr kamen die zwei neuen Kategorien &#8222;psychische Probleme&#8220; sowie &#8222;Meinungsverschiedenheiten zu Corona&#8220; hinzu.<\/p>\n\n\n\n<p><mark style=\"color:#c00000\" class=\"has-inline-color\">TOP five: Mangel an Motivation, zeitlicher Organisation und Sicherheit bez\u00fcglich der Zukunft.<\/mark> Mehr als ein F\u00fcnftel der Befragten gab als gr\u00f6\u00dfte Herausforderung an, sich selbst zu steuern bzw. zu motivieren. Letztes Jahr (siehe Abb. 5a) stand diese Herausforderung noch an achter Stelle! \u00dcber 10 % der Befragten berichteten jeweils von Problemen mit der Alltagsstruktur und Life-Balance sowie von Zeitmangel oder schwierigem Zeitmanagement, etwa 9% nannten Zukunfts\u00e4ngste bzw. Planungsunsicherheit, und ca. 7% die digitale Lehre bzw. das digitale Studium.  <\/p>\n\n\n\n<p><mark style=\"color:#f4b183\" class=\"has-inline-color\">NEXT five: Mangel an Austausch in Studium\/Beruf und Privatleben, Arbeitsmenge, Stress und psychische Probleme<\/mark>. Jeweils 6% der Befragten fehlte der soziale Austausch, erlebte Mehrfachbelastung und leidete unter erh\u00f6hter Arbeitsmenge sowie psychischen Problemen. Fast 5% nannten Pr\u00fcfungsstress als gr\u00f6\u00dfte Herausforderung. <\/p>\n\n\n\n<p>Fast ein Viertel (23%) der Teilnehmenden machten zu dieser Frage keine Angabe.<\/p>\n\n\n\n<figure class=\"wp-block-gallery has-nested-images columns-default is-cropped wp-block-gallery-4 is-layout-flex wp-block-gallery-is-layout-flex\">\n<figure class=\"wp-block-image size-large\"><img loading=\"lazy\" decoding=\"async\" width=\"998\" height=\"1024\" data-id=\"366\" src=\"https:\/\/blogs.fu-berlin.de\/dezfba-erz-psy\/files\/2020\/07\/Belastungen-freie-Nennungen-998x1024.png\" alt=\"\" class=\"wp-image-366\" srcset=\"https:\/\/blogs.fu-berlin.de\/dezfba-erz-psy\/files\/2020\/07\/Belastungen-freie-Nennungen-998x1024.png 998w, https:\/\/blogs.fu-berlin.de\/dezfba-erz-psy\/files\/2020\/07\/Belastungen-freie-Nennungen-292x300.png 292w, https:\/\/blogs.fu-berlin.de\/dezfba-erz-psy\/files\/2020\/07\/Belastungen-freie-Nennungen-768x788.png 768w, https:\/\/blogs.fu-berlin.de\/dezfba-erz-psy\/files\/2020\/07\/Belastungen-freie-Nennungen.png 1024w\" sizes=\"auto, (max-width: 709px) 85vw, (max-width: 909px) 67vw, (max-width: 1362px) 62vw, 840px\" \/><\/figure>\n\n\n\n<figure class=\"wp-block-image size-large\"><img loading=\"lazy\" decoding=\"async\" width=\"517\" height=\"553\" data-id=\"790\" src=\"https:\/\/blogs.fu-berlin.de\/dezfba-erz-psy\/files\/2021\/10\/g227.png\" alt=\"\" class=\"wp-image-790\" srcset=\"https:\/\/blogs.fu-berlin.de\/dezfba-erz-psy\/files\/2021\/10\/g227.png 517w, https:\/\/blogs.fu-berlin.de\/dezfba-erz-psy\/files\/2021\/10\/g227-280x300.png 280w\" sizes=\"auto, (max-width: 517px) 85vw, 517px\" \/><\/figure>\n<figcaption class=\"blocks-gallery-caption\">Abbildung 5:<br> In der letzten Befragung genannten Herausforderungen (a) sowie aktuelle Herausforderungen (b)<br>(Die 10. bzw. 12. Kategorie hei\u00dft vollst\u00e4ndig: wissenschaftliches Projekt vorantreiben\/beruflich vorankommen.)<\/figcaption><\/figure>\n\n\n\n<p><strong><em>(C) ERLEBTE BELASTUNGEN<\/em><\/strong><\/p>\n\n\n\n<p>Da viele der Antworten der Befragten den Antworten aus der Frage nach ihren aktuellen Herausforderungen \u00e4hnelten, wurden bei dieser Auswertung dieselben Kategorien verwendet. Da jedoch diesmal nach Belastungen gefragt wurde, haben die Angaben der Befragten hier eine eher negative Konnotation als bei den Herausforderungen. <\/p>\n\n\n\n<p>Hinzugef\u00fcgt wurden die Kategorien &#8222;Corona-bezogenes&#8220; (damit sind zum Beispiel bestimmte Ma\u00dfnahmen oder Meinungsverschiedenheiten zu diesen gemeint) sowie &#8222;zwischenmenschliche Probleme&#8220;. Die Kategorie &#8222;r\u00e4umliche Multifunktionalit\u00e4t&#8220; wurde herausgenommen. Auch in der Rangfolge der Kategorien bestehen wesentliche Unterschiede.<\/p>\n\n\n\n<p><mark class=\"has-inline-color has-bright-blue-color\">TOP five: fehlender Kontakt, Zukunfts\u00e4ngste, Motivation, zu viel Arbeit in zu wenig Zeit<\/mark>. Nahezu ein F\u00fcnftel der Befragten gab an, dass sie fehlende Kontakte als besonders belastend erleben w\u00fcrden. Ca. 16% berichteten von Zukunfts\u00e4ngsten, 12% machte die digitale Lehre bzw. das digitale Studium zu schaffen. 9% k\u00e4mpften mit Zeitmangel bzw. -mangement und ca. 8% der Befragten hatten Schwierigkeiten, das eigene Verhalten zu steuern oder sich zu motivieren.<\/p>\n\n\n\n<p><mark class=\"has-inline-color has-bright-blue-color\">NEXT five: Arbeitsmenge, Psyche, Struktur, Kontakte erhalten<\/mark>. Ungef\u00e4hr 7% der Befragten waren durch eine hohe Arbeitsmenge belastet. Um die 5%-Marke liegen die Belastungen durch psychische Beeintr\u00e4chtigungen, dem Aufrechterhalten einer Life-Balance, bevorstehenden Pr\u00fcfungen und dem allm\u00e4hlichen Wegfallen bereits bestehender sozialer Kontakte. <\/p>\n\n\n\n<p>Ca. ein Viertel (26%) der Befragten verzichtete auf eine Angabe.<\/p>\n\n\n\n<figure class=\"wp-block-image size-large\"><img loading=\"lazy\" decoding=\"async\" width=\"973\" height=\"1024\" src=\"https:\/\/blogs.fu-berlin.de\/dezfba-erz-psy\/files\/2022\/01\/belastungen-973x1024.png\" alt=\"\" class=\"wp-image-836\" srcset=\"https:\/\/blogs.fu-berlin.de\/dezfba-erz-psy\/files\/2022\/01\/belastungen-973x1024.png 973w, https:\/\/blogs.fu-berlin.de\/dezfba-erz-psy\/files\/2022\/01\/belastungen-285x300.png 285w, https:\/\/blogs.fu-berlin.de\/dezfba-erz-psy\/files\/2022\/01\/belastungen-768x808.png 768w, https:\/\/blogs.fu-berlin.de\/dezfba-erz-psy\/files\/2022\/01\/belastungen-1460x1536.png 1460w, https:\/\/blogs.fu-berlin.de\/dezfba-erz-psy\/files\/2022\/01\/belastungen-1200x1262.png 1200w, https:\/\/blogs.fu-berlin.de\/dezfba-erz-psy\/files\/2022\/01\/belastungen.png 1709w\" sizes=\"auto, (max-width: 709px) 85vw, (max-width: 909px) 67vw, (max-width: 1362px) 62vw, 840px\" \/><figcaption>Abbildung 6: <br>Genannte aktuelle Herausforderungen. Die zw\u00f6lfte Kategorie hei\u00dft vollst\u00e4ndig: wissenschaftliches Projekt vorantreiben\/beruflich vorankommen.)<\/figcaption><\/figure>\n\n\n\n<p><strong><em>(D) WAS FEHLT?<\/em><\/strong><\/p>\n\n\n\n<p><mark style=\"color:#6000a3\" class=\"has-inline-color\">TOP five: soziale <\/mark><mark style=\"color:#7400a3\" class=\"has-inline-color\">Kontakte privat und beruflich, Spontaneit\u00e4t, Stabilit\u00e4t<\/mark>. Ganz deutlich fehlten vielen der Befragten soziale Aspekte: nahezu ein Viertel vermissten den privaten und fast genauso viele den beruflichen bzw. akademischen Austausch. In Verbindung damit steht der Uni- oder Berufsalltag in Pr\u00e4senz, der ca. 14% der Befragten fehlte. Dar\u00fcber hinaus w\u00fcnschen sich ungef\u00e4hr 13% eine gewisse Unbeschwertheit, Spontaneit\u00e4t und Sorglosigkeit zur\u00fcck, knapp \u00fcber 10% sehnen sich nach Ruhe, Stabilit\u00e4t und Struktur.<\/p>\n\n\n\n<p><mark style=\"color:#6000a3\" class=\"has-inline-color\">NEXT four: Veranstaltungen, Freizeit, Urlaub, Abwechslung<\/mark>. Durch Corona empfanden viele der Befragten einen R\u00fcckgang des Spa\u00dffaktors, der sich in den Aspekten widerspiegelte, die von knapp \u00fcber 5% als fehlend beschrieben wurden: Veranstaltungen wie Konzerte oder Festivals, Zeit und Freizeit, Urlaub und Verreisen sowie Spa\u00df und Abwechslung im Allgemeinen. <\/p>\n\n\n\n<p>Ein Viertel der Teilnehmenden verzichteten auf eine Angabe.<\/p>\n\n\n\n<figure class=\"wp-block-image size-large\"><img loading=\"lazy\" decoding=\"async\" width=\"1024\" height=\"842\" src=\"https:\/\/blogs.fu-berlin.de\/dezfba-erz-psy\/files\/2022\/01\/fehlt-4-1024x842.png\" alt=\"\" class=\"wp-image-841\" srcset=\"https:\/\/blogs.fu-berlin.de\/dezfba-erz-psy\/files\/2022\/01\/fehlt-4-1024x842.png 1024w, https:\/\/blogs.fu-berlin.de\/dezfba-erz-psy\/files\/2022\/01\/fehlt-4-300x247.png 300w, https:\/\/blogs.fu-berlin.de\/dezfba-erz-psy\/files\/2022\/01\/fehlt-4-768x631.png 768w, https:\/\/blogs.fu-berlin.de\/dezfba-erz-psy\/files\/2022\/01\/fehlt-4-1536x1263.png 1536w, https:\/\/blogs.fu-berlin.de\/dezfba-erz-psy\/files\/2022\/01\/fehlt-4-2048x1684.png 2048w, https:\/\/blogs.fu-berlin.de\/dezfba-erz-psy\/files\/2022\/01\/fehlt-4-1200x987.png 1200w\" sizes=\"auto, (max-width: 709px) 85vw, (max-width: 909px) 67vw, (max-width: 1362px) 62vw, 840px\" \/><figcaption>Abbildung 7:<br>Genannte aktuell fehlende Aspekte. <\/figcaption><\/figure>\n\n\n\n<p><strong><em>(E)<\/em><\/strong> <strong><em>WAS IST POSITIV?<\/em><\/strong><\/p>\n\n\n\n<p><mark style=\"color:#278f28\" class=\"has-inline-color\">TOP five: kein Fahrtweg, Lockerungen, soziale Kontakte, zeitliche Flexibilit\u00e4t, Home Office<\/mark>. Ungef\u00e4hr 17% der Befragten empfanden es als besonders positiv, dass sie durch die ergriffenen Ma\u00dfnahmen mehr Ortsunabh\u00e4ngigkeit erlangten. Auch die Lockerungen der Ma\u00dfnahmen nach dem Lockdown erlebten ca. 14% als positiv, 12% gefiel ein aufbl\u00fchendes Sozialleben besonders. Ungef\u00e4hr 10% der Befragten erlebten zeitliche Flexibilit\u00e4t im allgemeinen als besonders positiv, wieder 10% bezogen sich ganz spezifisch auf gute Arbeitsbedingungen insbesondere, was die M\u00f6glichkeit des Home Office anbelangt.<\/p>\n\n\n\n<p><mark style=\"color:#278f28\" class=\"has-inline-color\">NEXT three: Drau\u00dfen, Kooperation, Online-Lehre<\/mark>. Ungef\u00e4hr 8% der Befragten gefiel es besonders, \u00f6fters drau\u00dfen sein oder das gute Wetter genie\u00dfen zu k\u00f6nnen. 6% mochten vor allem die gelungene Kooperation zwischen Studierenden oder Mitarbeitenden. Wieder 6% empfanden die gute Qualit\u00e4t der Online-Lehre als besonders positiv.<\/p>\n\n\n\n<p>27% der Befragten verzichtete auf eine Angabe.<\/p>\n\n\n\n<figure class=\"wp-block-image size-large is-resized\"><img loading=\"lazy\" decoding=\"async\" src=\"https:\/\/blogs.fu-berlin.de\/dezfba-erz-psy\/files\/2022\/01\/positiv-3-791x1024.png\" alt=\"\" class=\"wp-image-849\" width=\"826\" height=\"1069\" srcset=\"https:\/\/blogs.fu-berlin.de\/dezfba-erz-psy\/files\/2022\/01\/positiv-3-791x1024.png 791w, https:\/\/blogs.fu-berlin.de\/dezfba-erz-psy\/files\/2022\/01\/positiv-3-232x300.png 232w, https:\/\/blogs.fu-berlin.de\/dezfba-erz-psy\/files\/2022\/01\/positiv-3-768x994.png 768w, https:\/\/blogs.fu-berlin.de\/dezfba-erz-psy\/files\/2022\/01\/positiv-3-1187x1536.png 1187w, https:\/\/blogs.fu-berlin.de\/dezfba-erz-psy\/files\/2022\/01\/positiv-3-1200x1553.png 1200w, https:\/\/blogs.fu-berlin.de\/dezfba-erz-psy\/files\/2022\/01\/positiv-3.png 1534w\" sizes=\"auto, (max-width: 709px) 85vw, (max-width: 909px) 67vw, (max-width: 984px) 61vw, (max-width: 1362px) 45vw, 600px\" \/><figcaption>Abbildung 8:<br>Genannte aktuell positive Aspekte.<\/figcaption><\/figure>\n\n\n\n<p>(<strong><em>F) WAS SOLL IN DEN BERUFLICHEN BZW. STUDIENALLTAG SOWIE IN DEN PRIVATEN ALLTAG GERETTET WERDEN?<\/em><\/strong><\/p>\n\n\n\n<p>Bei diesen Fragen waren sich die Teilnehmenden eher einig als bei den vorherigen, was durch die geringere Anzahl an Kategorien deutlich wird.<\/p>\n\n\n\n<p><mark class=\"has-inline-color has-medium-brown-color\">TOP four Berufs- bzw. Studienalltag: Online LVs, zeitliche Flexibilit\u00e4t, nichts, Online-Meetings<\/mark>. Fast 35% der Befragten empfanden zeitunabh\u00e4ngige Lehrveranstaltungen als etwas, das sie in ihren Berufs- bzw. Studienalltag \u00fcbernehmen m\u00f6chten. Home Office und allgemein eine flexible Zeiteinteilung sind mit ca. 27% an zweiter Stelle. 10% der Befragten konnten sich nicht vorstellen, irgendetwas in ihren beruflichen oder Studienalltag zu retten, weitere 10% nannte ganz spezifisch Online-Meetings als \u00fcbernehmenswert.<\/p>\n\n\n\n<p><mark style=\"color:#00a37c\" class=\"has-inline-color\">TOP five privater Alltag: nichts, mehr Zeit, weniger sozialer Stress, Achtsamkeit<\/mark>. Im privaten Bereich ist die Kategorie &#8222;nichts&#8220; ganz oben, mit einem Anteil von knapp \u00fcber 15% der Befragten. 12% m\u00f6chten weiterhin einen vergr\u00f6\u00dferten Anteil ihrer Zeit den eigenen Hobbys oder Hausarbeit widmen. L\u00e4ngerfristig w\u00fcnschen sich ca. 9% den durch die Ma\u00dfnahmen etablierten geringeren sozialen Druck, weitere 9% m\u00f6chten mehr Zeit f\u00fcr ihre Familie oder Freunde in den privaten Alltag retten, und weitere 9% weiterhin bewusster und achtsamer leben.<\/p>\n\n\n\n<p>Die Frage zum beruflichen Alltag wurde von 26% der Teilnehmenden nicht beantwortet, beim privaten Alltag verzichtete fast die H\u00e4lfte (47%) der Befragten auf eine Angabe.<\/p>\n\n\n\n<figure class=\"wp-block-gallery has-nested-images columns-default is-cropped wp-block-gallery-5 is-layout-flex wp-block-gallery-is-layout-flex\">\n<figure class=\"wp-block-image size-large\"><img loading=\"lazy\" decoding=\"async\" width=\"969\" height=\"1024\" data-id=\"847\" src=\"https:\/\/blogs.fu-berlin.de\/dezfba-erz-psy\/files\/2022\/01\/Berufsalltag-2-969x1024.png\" alt=\"\" class=\"wp-image-847\" srcset=\"https:\/\/blogs.fu-berlin.de\/dezfba-erz-psy\/files\/2022\/01\/Berufsalltag-2-969x1024.png 969w, https:\/\/blogs.fu-berlin.de\/dezfba-erz-psy\/files\/2022\/01\/Berufsalltag-2-284x300.png 284w, https:\/\/blogs.fu-berlin.de\/dezfba-erz-psy\/files\/2022\/01\/Berufsalltag-2-768x812.png 768w, https:\/\/blogs.fu-berlin.de\/dezfba-erz-psy\/files\/2022\/01\/Berufsalltag-2-1453x1536.png 1453w, https:\/\/blogs.fu-berlin.de\/dezfba-erz-psy\/files\/2022\/01\/Berufsalltag-2-1937x2048.png 1937w, https:\/\/blogs.fu-berlin.de\/dezfba-erz-psy\/files\/2022\/01\/Berufsalltag-2-1200x1269.png 1200w\" sizes=\"auto, (max-width: 709px) 85vw, (max-width: 909px) 67vw, (max-width: 1362px) 62vw, 840px\" \/><\/figure>\n\n\n\n<figure class=\"wp-block-image size-large\"><img loading=\"lazy\" decoding=\"async\" width=\"1014\" height=\"1024\" data-id=\"845\" src=\"https:\/\/blogs.fu-berlin.de\/dezfba-erz-psy\/files\/2022\/01\/privat-1014x1024.png\" alt=\"\" class=\"wp-image-845\" srcset=\"https:\/\/blogs.fu-berlin.de\/dezfba-erz-psy\/files\/2022\/01\/privat-1014x1024.png 1014w, https:\/\/blogs.fu-berlin.de\/dezfba-erz-psy\/files\/2022\/01\/privat-297x300.png 297w, https:\/\/blogs.fu-berlin.de\/dezfba-erz-psy\/files\/2022\/01\/privat-150x150.png 150w, https:\/\/blogs.fu-berlin.de\/dezfba-erz-psy\/files\/2022\/01\/privat-768x776.png 768w, https:\/\/blogs.fu-berlin.de\/dezfba-erz-psy\/files\/2022\/01\/privat-1520x1536.png 1520w, https:\/\/blogs.fu-berlin.de\/dezfba-erz-psy\/files\/2022\/01\/privat-1200x1212.png 1200w, https:\/\/blogs.fu-berlin.de\/dezfba-erz-psy\/files\/2022\/01\/privat.png 1648w\" sizes=\"auto, (max-width: 709px) 85vw, (max-width: 909px) 67vw, (max-width: 1362px) 62vw, 840px\" \/><\/figure>\n<figcaption class=\"blocks-gallery-caption\">Abbildung 9:<br>Genannte Aspekte, die in (a) den beruflichen bzw. Studienalltag und (b) den privaten Alltag mitgenommen werden wollen.<\/figcaption><\/figure>\n\n\n\n<p><strong>WEITERE EINDR\u00dcCKE &#8230;<\/strong><\/p>\n\n\n\n<figure class=\"wp-block-image size-large\"><img loading=\"lazy\" decoding=\"async\" width=\"1024\" height=\"576\" src=\"https:\/\/blogs.fu-berlin.de\/dezfba-erz-psy\/files\/2021\/10\/Zitate_stimmungsbild-1-1024x576.jpg\" alt=\"\" class=\"wp-image-777\" srcset=\"https:\/\/blogs.fu-berlin.de\/dezfba-erz-psy\/files\/2021\/10\/Zitate_stimmungsbild-1-1024x576.jpg 1024w, https:\/\/blogs.fu-berlin.de\/dezfba-erz-psy\/files\/2021\/10\/Zitate_stimmungsbild-1-300x169.jpg 300w, https:\/\/blogs.fu-berlin.de\/dezfba-erz-psy\/files\/2021\/10\/Zitate_stimmungsbild-1-768x432.jpg 768w, https:\/\/blogs.fu-berlin.de\/dezfba-erz-psy\/files\/2021\/10\/Zitate_stimmungsbild-1-1200x675.jpg 1200w, https:\/\/blogs.fu-berlin.de\/dezfba-erz-psy\/files\/2021\/10\/Zitate_stimmungsbild-1.jpg 1280w\" sizes=\"auto, (max-width: 709px) 85vw, (max-width: 909px) 67vw, (max-width: 1362px) 62vw, 840px\" \/><\/figure>\n\n\n\n<p><\/p>\n","protected":false},"excerpt":{"rendered":"<p>Auch dieses Jahr wollten wir wissen, wie sich die Corona-Pandemie auf den privaten und beruflichen bzw. Studienalltag der Mitglieder unseres Fachbereichs (FB) ausgewirkt hat. Uns interessierte die aktuelle Situation der Mitglieder, wie auch letztes Jahr in unserem Stimmungsbild erhoben, vor allem aber auch die Wahrnehmung des Oster-Lockdowns (April\/Mai 2021) und Ver\u00e4nderungen im Vergleich zum letzten &hellip; <a href=\"https:\/\/blogs.fu-berlin.de\/dezfba-erz-psy\/2021\/09\/30\/stimmungsbild-7-8-2021\/\" class=\"more-link\"><span class=\"screen-reader-text\">\u201eStimmungsbild 7-8\/2021\u201c<\/span> weiterlesen<\/a><\/p>\n","protected":false},"author":220,"featured_media":740,"comment_status":"open","ping_status":"open","sticky":false,"template":"","format":"standard","meta":{"footnotes":""},"categories":[303416],"tags":[226041,314926],"class_list":["post-744","post","type-post","status-publish","format-standard","has-post-thumbnail","hentry","category-facts-des-monats","tag-corona","tag-stimmungsbild"],"_links":{"self":[{"href":"https:\/\/blogs.fu-berlin.de\/dezfba-erz-psy\/wp-json\/wp\/v2\/posts\/744","targetHints":{"allow":["GET"]}}],"collection":[{"href":"https:\/\/blogs.fu-berlin.de\/dezfba-erz-psy\/wp-json\/wp\/v2\/posts"}],"about":[{"href":"https:\/\/blogs.fu-berlin.de\/dezfba-erz-psy\/wp-json\/wp\/v2\/types\/post"}],"author":[{"embeddable":true,"href":"https:\/\/blogs.fu-berlin.de\/dezfba-erz-psy\/wp-json\/wp\/v2\/users\/220"}],"replies":[{"embeddable":true,"href":"https:\/\/blogs.fu-berlin.de\/dezfba-erz-psy\/wp-json\/wp\/v2\/comments?post=744"}],"version-history":[{"count":25,"href":"https:\/\/blogs.fu-berlin.de\/dezfba-erz-psy\/wp-json\/wp\/v2\/posts\/744\/revisions"}],"predecessor-version":[{"id":1029,"href":"https:\/\/blogs.fu-berlin.de\/dezfba-erz-psy\/wp-json\/wp\/v2\/posts\/744\/revisions\/1029"}],"wp:featuredmedia":[{"embeddable":true,"href":"https:\/\/blogs.fu-berlin.de\/dezfba-erz-psy\/wp-json\/wp\/v2\/media\/740"}],"wp:attachment":[{"href":"https:\/\/blogs.fu-berlin.de\/dezfba-erz-psy\/wp-json\/wp\/v2\/media?parent=744"}],"wp:term":[{"taxonomy":"category","embeddable":true,"href":"https:\/\/blogs.fu-berlin.de\/dezfba-erz-psy\/wp-json\/wp\/v2\/categories?post=744"},{"taxonomy":"post_tag","embeddable":true,"href":"https:\/\/blogs.fu-berlin.de\/dezfba-erz-psy\/wp-json\/wp\/v2\/tags?post=744"}],"curies":[{"name":"wp","href":"https:\/\/api.w.org\/{rel}","templated":true}]}}