{"id":813,"date":"2021-11-25T17:25:33","date_gmt":"2021-11-25T16:25:33","guid":{"rendered":"https:\/\/blogs.fu-berlin.de\/dezfba-erz-psy\/?p=813"},"modified":"2021-11-30T14:01:04","modified_gmt":"2021-11-30T13:01:04","slug":"kleine-dinge","status":"publish","type":"post","link":"https:\/\/blogs.fu-berlin.de\/dezfba-erz-psy\/2021\/11\/25\/kleine-dinge\/","title":{"rendered":"Kleine Dinge?"},"content":{"rendered":"\n<p><\/p>\n\n\n\n<h3 class=\"has-text-align-center wp-block-heading\"><strong><u>Die kleinen Dinge<\/u><\/strong><\/h3>\n\n\n\n<p class=\"has-text-align-center\"><em>(von Johanna Eid)<\/em><\/p>\n\n\n\n<p class=\"has-text-align-center\">Es sind die kleinen Dinge.<br>Die kleinen Dinge, die machen, dass ich \u00fcbertrieben klinge.<br>Die machen, dass selbst ich mit meinen Worten ringe und zweifle.<br>Schlie\u00dflich hat er dich ja nur ber\u00fchrt.<br>Ber\u00fchrt, nicht gestreichelt.<br>Aus Versehen.<br>Nein, beabsichtigt, aber nur aus Spa\u00df.<br>Nein, beabsichtigt<br>und<br>das <br>war&#8217;s.<\/p>\n\n\n\n<p class=\"has-text-align-center\">Jeder wei\u00df, was richtig und was falsch ist.<br>Was \u201eich will\u201c und was zu weit ist.<br>Aber es ist einfach passiert.<br>Aus Versehen.<\/p>\n\n\n\n<p class=\"has-text-align-center\">Nein, jeder wei\u00df, dass ich mal wieder zu viel hineindenk&#8216;.<br>Nicht, dass Er<br>sich noch daf\u00fcr eine einf\u00e4ngt.<br>Schlie\u00dflich hat Er mich ja nur ber\u00fchrt. Nicht mehr.<br>Aus Versehen.<br>Nein, beabsichtigt<br>oder so was.<\/p>\n\n\n\n<p class=\"has-text-align-center\">Ob es unangenehm war?<br>Ja.<br>Aber das Schlimmste ist, <br>Jetzt stehe ich,<br>Nur f\u00fcr mich,<br>ganz alleine,<br>ganz klein<br>da.<\/p>\n\n\n\n<p class=\"has-text-align-center\">Ich bin nicht klein und auch nicht naiv und auch nicht dumm.<br>Trotzdem wei\u00df ich nicht, ob diese kleine Ber\u00fchrung eine Grenze \u00fcberschritten hat oder nicht.<br>Ich wusste es mal und fragst du mich f\u00fcr meine Freunde, dann ist sie mir ganz klar.<br>Aber ER wei\u00df es, seine Ber\u00fchrungen zu drehen.<br>Sie so zu drehen, dass sie die Grenzen verwischen, und ich vor lauter B\u00e4umen den Wald nicht sehen<br>kann.<br>Aber nat\u00fcrlich nicht beabsichtigt.<br>Aus Versehen.<\/p>\n\n\n\n<p class=\"has-text-align-center\">Doch ICH muss jetzt mit deinen Worten und Aktionen weiter gehen.<br>Mir den Kopf zerbrechen.<br>F\u00fcr MICH ist es n\u00e4mlich nicht ungeschehen. <br>Und ich stehe hier und verbringe die Zeit, <br>die mir so kostbar ist,<br>zu versuchen mit diesen kleinen Dingen,<br>die du getan hast, umzugehen.<br>Und versuche gleichzeitig die Bedeutung von<br>\u201abeabsichtigt\u2018 <br>und<br>\u201aaus Versehen\u2018 <br>zu<br>verstehen.<\/p>\n\n\n\n<hr class=\"wp-block-separator\" \/>\n\n\n\n<p class=\"has-text-color has-dark-red-color\">Hat dich dieser Text angesprochen? F\u00fchlst du dich betroffen? <\/p>\n\n\n\n<p class=\"has-text-color has-dark-red-color\">Der 25. November ist der <strong>Internationale Tag zur Beseitigung von Gewalt gegen Frauen<\/strong>. Auch an der FU lassen wir uns nicht beirren und nehmen Bel\u00e4stigung ernst: <a href=\"https:\/\/www.fu-berlin.de\/service\/zuvdocs\/amtsblatt\/2020\/ab412020.pdf\">FU-Richtlinie zum Umgang mit sexualisierter Bel\u00e4stigung, Diskriminierung und Gewalt<\/a>.<\/p>\n\n\n\n<h4 class=\"has-bright-red-color has-text-color wp-block-heading\"><strong>Hilfe und Beratung gibt es hier (eine Auswahl):<\/strong><\/h4>\n\n\n\n<ul class=\"wp-block-list\"><li>Bundesweites <strong>Hilfetelefon<\/strong> f\u00fcr Frauen, die Gewalt erlebt haben: <strong>0 8000 116 016<\/strong><\/li><li>Externe <strong>Chatberatung<\/strong>: <a href=\"https:\/\/www.hilfetelefon.de\/\">https:\/\/www.hilfetelefon.de\/<\/a>&nbsp; (u.a. Beratung in 17 Sprachen und Geb\u00e4rdensprache)<br>(Bundesamt f\u00fcr Familie und zivilgesellschaftliche Aufgaben)<\/li><li>Bundesverband Frauenberatungsstellen und Frauennotrufe:<br><a href=\"https:\/\/www.aktiv-gegen-digitale-gewalt.de\/de\/\">https:\/\/www.aktiv-gegen-digitale-gewalt.de\/de\/<\/a><\/li><li><a href=\"https:\/\/www.fu-berlin.de\/sites\/nein-heisst-nein\/NEU_Anlaufstellen\/index.html\">Anlaufstellen an der FU<\/a><\/li><\/ul>\n","protected":false},"excerpt":{"rendered":"<p>Die kleinen Dinge (von Johanna Eid) Es sind die kleinen Dinge.Die kleinen Dinge, die machen, dass ich \u00fcbertrieben klinge.Die machen, dass selbst ich mit meinen Worten ringe und zweifle.Schlie\u00dflich hat er dich ja nur ber\u00fchrt.Ber\u00fchrt, nicht gestreichelt.Aus Versehen.Nein, beabsichtigt, aber nur aus Spa\u00df.Nein, beabsichtigtunddas war&#8217;s. Jeder wei\u00df, was richtig und was falsch ist.Was \u201eich will\u201c &hellip; <a href=\"https:\/\/blogs.fu-berlin.de\/dezfba-erz-psy\/2021\/11\/25\/kleine-dinge\/\" class=\"more-link\"><span class=\"screen-reader-text\">\u201eKleine Dinge?\u201c<\/span> weiterlesen<\/a><\/p>\n","protected":false},"author":220,"featured_media":815,"comment_status":"open","ping_status":"open","sticky":false,"template":"","format":"aside","meta":{"footnotes":""},"categories":[9],"tags":[314958,314959,314960],"class_list":["post-813","post","type-post","status-publish","format-aside","has-post-thumbnail","hentry","category-allgemein","tag-sexualisierte-belaestigung","tag-sexualisierte-diskriminierung","tag-sexualisierte-gewalt","post_format-post-format-aside"],"_links":{"self":[{"href":"https:\/\/blogs.fu-berlin.de\/dezfba-erz-psy\/wp-json\/wp\/v2\/posts\/813","targetHints":{"allow":["GET"]}}],"collection":[{"href":"https:\/\/blogs.fu-berlin.de\/dezfba-erz-psy\/wp-json\/wp\/v2\/posts"}],"about":[{"href":"https:\/\/blogs.fu-berlin.de\/dezfba-erz-psy\/wp-json\/wp\/v2\/types\/post"}],"author":[{"embeddable":true,"href":"https:\/\/blogs.fu-berlin.de\/dezfba-erz-psy\/wp-json\/wp\/v2\/users\/220"}],"replies":[{"embeddable":true,"href":"https:\/\/blogs.fu-berlin.de\/dezfba-erz-psy\/wp-json\/wp\/v2\/comments?post=813"}],"version-history":[{"count":12,"href":"https:\/\/blogs.fu-berlin.de\/dezfba-erz-psy\/wp-json\/wp\/v2\/posts\/813\/revisions"}],"predecessor-version":[{"id":827,"href":"https:\/\/blogs.fu-berlin.de\/dezfba-erz-psy\/wp-json\/wp\/v2\/posts\/813\/revisions\/827"}],"wp:featuredmedia":[{"embeddable":true,"href":"https:\/\/blogs.fu-berlin.de\/dezfba-erz-psy\/wp-json\/wp\/v2\/media\/815"}],"wp:attachment":[{"href":"https:\/\/blogs.fu-berlin.de\/dezfba-erz-psy\/wp-json\/wp\/v2\/media?parent=813"}],"wp:term":[{"taxonomy":"category","embeddable":true,"href":"https:\/\/blogs.fu-berlin.de\/dezfba-erz-psy\/wp-json\/wp\/v2\/categories?post=813"},{"taxonomy":"post_tag","embeddable":true,"href":"https:\/\/blogs.fu-berlin.de\/dezfba-erz-psy\/wp-json\/wp\/v2\/tags?post=813"}],"curies":[{"name":"wp","href":"https:\/\/api.w.org\/{rel}","templated":true}]}}