{"id":18,"date":"2022-03-05T20:15:00","date_gmt":"2022-03-05T19:15:00","guid":{"rendered":"https:\/\/blogs.fu-berlin.de\/disasterresearchblog\/?p=18"},"modified":"2024-09-26T12:00:02","modified_gmt":"2024-09-26T10:00:02","slug":"gemeinsamkeiten-und-unterschiede-der-fluechtlingssituationen-2022-und-2015-16-einige-situative-beobachtungen-und-thesen-aus-sicht-der-sozialwissenschaftlichen-katastrophenforschung","status":"publish","type":"post","link":"https:\/\/blogs.fu-berlin.de\/disasterresearchblog\/archive\/18","title":{"rendered":"Gemeinsamkeiten und Unterschiede der Fl\u00fcchtlingssituationen 2022 und 2015\/16 \u2013 einige situative Beobachtungen und Thesen aus Sicht der sozialwissenschaftlichen Katastrophenforschung"},"content":{"rendered":"\n<p><em>Von Cordula Dittmer und Daniel F. Lorenz<\/em><\/p>\n\n\n\n<p><em>Stand 05.03.2022, 11:00 Uhr<\/em><\/p>\n\n\n\n<p>Seit dem Sommer 2015 untersuchten wir an der <a href=\"https:\/\/www.polsoz.fu-berlin.de\/kfs\">KFS<\/a> zun\u00e4chst im Schwerpunkt <a href=\"https:\/\/www.polsoz.fu-berlin.de\/ethnologie\/forschung\/arbeitsstellen\/katastrophenforschung\/forschung\/forschungsprojekte\/gefluechtete\/index.html\">KatFlucht<\/a>, ab Oktober 2018 dann im Projekt <a href=\"http:\/\/www.wake-project.eu\">WAKE<\/a> die Bew\u00e4ltigung der Fl\u00fcchtlings\u00adsituation 2015\/16 durch den deutschen und europ\u00e4ischen Zivil- und Katastrophenschutz. Dass es keine sieben Jahre sp\u00e4ter wieder dazu kommen sollte, dass wir es in Europa mit massiven Fl\u00fcchtlingsbewegungen zu tun haben, war nicht absehbar. In den (sozialen) Medien werden zunehmend Referenzen zum <a href=\"https:\/\/www.tagesspiegel.de\/politik\/flucht-aus-der-ukraine-erinnert-an-1945-nicht-2015-berlin-oeffnet-arme-und-herzen-und-das-tor-zur-eigenen-geschichte\/28127578.html\">Ende des Zweiten Weltkriegs<\/a> oder zu <a href=\"https:\/\/www.morgenpost.de\/berlin\/article234728363\/Ukraine-Was-anders-ist-als-in-der-Fluechtlingskrise-2015.html\">2015\/16<\/a> hergestellt. &nbsp;Das <a href=\"https:\/\/www.unhcr.org\/news\/press\/2022\/3\/62206a824\/news-comment-1-million-refugees-fled-ukraine-week.html\">UNHCR<\/a> spricht von einem Exodus, wie er nur \u00e4u\u00dferst selten vorkommt, da innerhalb einer Woche knapp eine Millionen Menschen fliehen musste. Unser Analysefokus liegt auf der Bew\u00e4ltigung der Situation durch staatliche und nicht-staatliche Akteure, insbesondere des Zivil- und Katastrophenschutzes: Wir beobachten gegenw\u00e4rtig sowohl sehr \u00e4hnliche als auch ganz andere Bew\u00e4ltigungsformen wie 2015\/16.<\/p>\n\n\n\n<!--more \u21d2 Continue Reading-->\n<!--noteaser-->\n\n\n\n<p><em>Von Cordula Dittmer und Daniel F. Lorenz<\/em><\/p>\n\n\n\n<p><em>Stand 05.03.2022, 11:00 Uhr<\/em><\/p>\n\n\n\n<p><a href=\"http:\/\/dx.doi.org\/10.17169\/refubium-44740\" data-type=\"URL\" data-id=\"http:\/\/dx.doi.org\/10.17169\/refubium-44740\">http:\/\/dx.doi.org\/10.17169\/refubium-44740<\/a><\/p>\n\n\n\n<figure class=\"wp-block-image\"><img decoding=\"async\" src=\"https:\/\/blogs.fu-berlin.de\/disasterresearchblog\/files\/2022\/03\/photo_2022-03-24_20-21-57-1200x900.jpg\" alt=\"1. Update Gemeinsamkeiten und Unterschiede der Fl\u00fcchtlingssituationen 2022 und 2015\/16 \u2013 einige situative Beobachtungen und Thesen aus Sicht der sozialwissenschaftlichen Katastrophenforschung\" \/><figcaption>Refugee arrival, Berlin Central Station (\u00a9 Daniel F. Lorenz)<\/figcaption><\/figure>\n\n\n\n<p>Seit dem Sommer 2015 untersuchten wir an der <a href=\"https:\/\/www.polsoz.fu-berlin.de\/kfs\">KFS<\/a> zun\u00e4chst im Schwerpunkt <a href=\"https:\/\/www.polsoz.fu-berlin.de\/ethnologie\/forschung\/arbeitsstellen\/katastrophenforschung\/forschung\/forschungsprojekte\/gefluechtete\/index.html\">KatFlucht<\/a>, ab Oktober 2018 dann im Projekt <a href=\"http:\/\/www.wake-project.eu\">WAKE<\/a> die Bew\u00e4ltigung der Fl\u00fcchtlings\u00adsituation 2015\/16 durch den deutschen und europ\u00e4ischen Zivil- und Katastrophenschutz. Dass es keine sieben Jahre sp\u00e4ter wieder dazu kommen sollte, dass wir es in Europa mit massiven Fl\u00fcchtlingsbewegungen zu tun haben, war nicht absehbar. In den (sozialen) Medien werden zunehmend Referenzen zum <a href=\"https:\/\/www.tagesspiegel.de\/politik\/flucht-aus-der-ukraine-erinnert-an-1945-nicht-2015-berlin-oeffnet-arme-und-herzen-und-das-tor-zur-eigenen-geschichte\/28127578.html\">Ende des Zweiten Weltkriegs<\/a> oder zu <a href=\"https:\/\/www.morgenpost.de\/berlin\/article234728363\/Ukraine-Was-anders-ist-als-in-der-Fluechtlingskrise-2015.html\">2015\/16<\/a> hergestellt. &nbsp;Das <a href=\"https:\/\/www.unhcr.org\/news\/press\/2022\/3\/62206a824\/news-comment-1-million-refugees-fled-ukraine-week.html\">UNHCR<\/a> spricht von einem Exodus, wie er nur \u00e4u\u00dferst selten vorkommt, da innerhalb einer Woche knapp eine Millionen Menschen fliehen musste. Unser Analysefokus liegt auf der Bew\u00e4ltigung der Situation durch staatliche und nicht-staatliche Akteure, insbesondere des Zivil- und Katastrophenschutzes: Wir beobachten gegenw\u00e4rtig sowohl sehr \u00e4hnliche als auch ganz andere Bew\u00e4ltigungsformen wie 2015\/16.<\/p>\n\n\n\n<p>Wir haben daher aus der Perspektive der sozialwissenschaftlichen Katastrophenforschung hier erste Thesen v. a. bezogen auf Deutschland zusammengestellt, mit denen wir Denkanst\u00f6\u00dfe dazu liefern wollen, wo es Gemeinsamkeiten gibt, wo Unterschiede und wo auch Weiterentwicklungen des Feldes des Zivil- und Katastrophenschutzes von 2015\/16 bis heute stattgefunden haben.<\/p>\n\n\n\n<ul class=\"wp-block-list\"><li>Fluchtbewegungen aus dem Osten aufgrund von kriegerischen Auseinandersetzungen waren nach dem Zweiten Weltkrieg zumindest bis zum Zusammenbruch des Ostblocks ein bedeutendes Szenario des deutschen Zivilschutzes <a href=\"https:\/\/www.nomos-elibrary.de\/10.5771\/2509-9485-2020-1-3\/zivil-und-katastrophenschutz-und-humanitaere-hilfe-in-der-bewaeltigung-der-fluechtlingssituation-2015-16-in-deutschland-jahrgang-4-2020-heft-1\">(Dittmer\/Lorenz 2020) <\/a>. Entsprechende Planungen und Ressourcen gerieten jedoch zumindest bis 2015\/16 fast g\u00e4nzlich aus dem Blick, mit der Folge, dass 2015\/16 kaum noch entsprechendes Wissen vorhanden war. Einiges wurde f\u00fcr die Bew\u00e4ltigung der Fl\u00fcchtlingssituation 2015\/16 wieder reaktiviert und als Folge z. B. gr\u00f6\u00dfere Betreuungskonzepte f\u00fcr zuk\u00fcnftige humanit\u00e4re Notlagen wie das <a href=\"https:\/\/www.bbk.bund.de\/DE\/Themen\/Gesundheitlicher-Bevoelkerungsschutz\/Betreuungsdienst\/Pilotprojekt-Labor-Betreuung-5000\/pilotprojekt-labor-betreuung-5000_node.html\">Labor 5000<\/a> auf den Weg gebracht. Zugleich muss jedoch auch konstatiert werden, dass seit 2015\/16 viele Strukturen wieder abgebaut und <a href=\"http:\/\/dx.doi.org\/10.17169\/refubium-30982\">Lernerfahrungen nur sehr eingeschr\u00e4nkt dokumentiert wurden<\/a>.<\/li><li>Deutschland ist anders als 2015\/16 gegenw\u00e4rtig nicht das prim\u00e4re Fluchtziel, sondern die meisten Fl\u00fcchtlinge verbleiben noch in den Nachbarl\u00e4ndern der Ukraine. Dies k\u00f6nnte sich jedoch bei einer weiteren Eskalation des Krieges oder sehr hohen Fl\u00fcchtlingszahlen in diesen L\u00e4ndern \u00e4ndern. Es ist daher gut m\u00f6glich, dass in der n\u00e4chsten Zeit \u00e4hnlich wie 2015\/16 erneut auf Ressourcen des Zivil- und Katastrophenschutzes zur\u00fcckgegriffen werden muss, um tempor\u00e4re Unterbringungsm\u00f6glichkeiten zu schaffen oder die Grundversorgung sicherzustellen.<\/li><li>Ukrainer*innen -\u2013 dies gilt wohlgemerkt nur f\u00fcr Personen mit einem ukrainischen Pass und nicht unbedingt f\u00fcr Personen anderer Nationalit\u00e4t \u2013 k\u00f6nnen visumsfrei in die Bundesrepublik Deutschland einreisen. Im Gegensatz zu 2015\/16 spielen daher asylrechtliche Fragen keine unmittelbare Rolle und Grenzregime, vor allem die deutschen Au\u00dfengrenzen (erinnert sei hier beispielsweise an die dramatischen Szenen an der slowenisch-\u00f6sterreichischen oder deutsch-\u00f6sterreichischen Grenze), ebenfalls nicht. Die 2015\/16 notwendige Versorgung der Fl\u00fcchtlinge auf den wechselnden Fluchtrouten waren f\u00fcr die Akteure des Zivil- und Katastrophenschutzes bzw. der humanit\u00e4ren Nothilfe auf der gesamten Balkanroute eine zus\u00e4tzliche Herausforderung. Auch dies bleibt gegenw\u00e4rtig noch aus, da die Transportwege relativ klar sind und die Menschen sich mit eigenen Fahrzeugen oder mit Z\u00fcgen fortbewegen und zumindest nach Verlassen der Ukraine nicht zu Fu\u00df unterwegs sind.<\/li><li>Dies hat zudem weitreichende transportlogistische Konsequenzen: So ist beispielsweise gegenw\u00e4rtig keine innerdeutsche Verteilung der Fl\u00fcchtlinge sowie entsprechende Koordinierungsstellen (KoSt-FV) f\u00fcr Z\u00fcge und Busse erforderlich (siehe hierzu <a href=\"https:\/\/www.nomos-elibrary.de\/10.5771\/2509-9485-2020-1-3\/zivil-und-katastrophenschutz-und-humanitaere-hilfe-in-der-bewaeltigung-der-fluechtlingssituation-2015-16-in-deutschland-jahrgang-4-2020-heft-1\">Dittmer\/Lorenz 2020)<\/a>, sondern die Fl\u00fcchtlinge k\u00f6nnen sich selbst \u00fcber das Land verteilen, da es auch Unterst\u00fctzung durch Sonderz\u00fcge der Deutsche Bahn gibt. Da die Mehrzahl der Fl\u00fcchtlinge in Deutschland allerdings gegenw\u00e4rtig in Berlin ankommt, werden die Forderungen nach einer <a href=\"https:\/\/www.zeit.de\/news\/2022-03\/04\/giffey-fordert-bundesweite-verteilung-der-ukraine-fluechtlinge\">bundesweiten Verteilung<\/a><\/li><li>Anders als 2015\/16 besteht weitgehende Einigkeit der EU-Mitgliedstaaten, was die Reaktion auf die Fluchtbewegung angeht. Dies erm\u00f6glichte es u. a. am 3. M\u00e4rz 2022 erstmalig die <a href=\"https:\/\/eur-lex.europa.eu\/eli\/dir\/2001\/55\/oj\">Massenzustromrichtlinie der EU<\/a> in Kraft gesetzt. Diese hat einen g\u00e4nzlich anderen Status der Fl\u00fcchtlinge als 2015\/16 zur Folge, entlastet insbesondere die <a href=\"https:\/\/blog.fluchtforschung.net\/ruckkehr-zur-fluchtlingspolitik-des-kalten-krieges-vom-universalen-schutz-zur-re-politisierung\/\">Asylsysteme in den osteurop\u00e4ischen L\u00e4ndern<\/a>, die einem derartigen Aufwuchs vermutlich nicht gewachsen w\u00e4ren und erleichtert die Integration in die weiteren gesellschaftlichen Systeme (Unterkunft, Bildung, Arbeitsmarkt usw.). 2015\/16 mussten f\u00fcr die Erstregistrierung gesonderte Einrichtungen geschaffen werden, wie z. B. die <a href=\"https:\/\/www.nomos-elibrary.de\/10.5771\/2509-9485-2020-1-3\/zivil-und-katastrophenschutz-und-humanitaere-hilfe-in-der-bewaeltigung-der-fluechtlingssituation-2015-16-in-deutschland-jahrgang-4-2020-heft-1\">Warter\u00e4ume in Feldkirchen und Erding<\/a>, die auch mit der Unterst\u00fctzung der Organisationen des Zivil- und Katastrophenschutzes, der Bundeswehr und dem Bundesamt f\u00fcr Migration und Fl\u00fcchtlinge (BAMF) errichtet und betrieben wurden.<\/li><li>Strukturen, Lernerfahrungen und Verfahren aus der Fl\u00fcchtlingssituation 2015\/16 sind 2022 noch vielfach vorhanden beziehungsweise k\u00f6nnen reaktiviert werden. Die staatlichen Aufnahmestrukturen sind daher grundlegend besser aufgestellt als 2015\/16, dies ist auch f\u00fcr die Hilfsorganisationen zutreffend, die z. T. auch bereits im Auftrag des Berliner Krisenstabs die Koordination der Fl\u00fcchtlingsankunft an <a href=\"https:\/\/www.malteser-berlin.de\/news-detailansicht\/news\/ukraine-hilfe-berliner-malteser-koordinieren-hilfe-bei-ankunft-am-zob.html\">Busbahnh\u00f6fen<\/a> \u00fcbernehmen, die gegenw\u00e4rtig noch haupts\u00e4chlich \u00fcber <a href=\"https:\/\/www.zeit.de\/gesellschaft\/zeitgeschehen\/2022-03\/ukraine-gefluechtete-berlin-hauptbahnhof-freiwillige\">spontane Helfende bzw. organisierte Freiwillige<\/a> geleistet wird. An anderen Orten, wie beispielsweise dem Berliner Hauptbahnhof, erg\u00e4nzen Hilfsorganisationen die spontane Hilfe zunehmend nach Amtshilfeersuchen mit <a href=\"https:\/\/www.asb.de\/news\/krieg-der-ukraine-asb-startet-nothilfe\">medizinischer Notversorgung.<\/a><\/li><li>Aus den genannten Gr\u00fcnden zeichnet sich gegenw\u00e4rtig noch kein gr\u00f6\u00dferer Einsatz des deutschen Katastrophenschutzes zur Unterbringung der Fl\u00fcchtlinge ab. Es ist zwar m\u00f6glich, dass Organisationen wie das Deutsche Rote Kreuz auch Einrichtungen f\u00fcr Fl\u00fcchtlinge betreiben werden, jedoch vermutlich mit hauptamtlichen Strukturen (bspw. in Form von gGmbHs) und nicht mit dem ehrenamtlichen Katastrophenschutz. Mit einem derartigen Einsatz w\u00e4re vermutlich nur bei einem kurzfristigen und sehr massivem Anstieg der Fl\u00fcchtlingszahlen zu rechnen.<\/li><li>Die Hilfe aus der Bev\u00f6lkerung scheint heute \u00e4hnlich gro\u00df wie 2015\/16. Auch wenn damals schon die Hilfe aus der Zivilgesellschaft vielfach hochprofessionell agierte, l\u00e4sst sich heute eine weitergehende Professionalisierung beobachten. Zugleich zeigt sich aber auch wie 2015\/16, dass die hohe Bereitschaft zu <a href=\"https:\/\/www.drk.de\/presse\/pressemitteilungen\/meldung\/drk-spenden-fuer-wirkungsvolle-humanitaere-hilfe-fuer-die-ukraine\/\">Sachspenden organisationale Strukturen<\/a> (auch von Organisationen des Bev\u00f6lkerungsschutzes) mitunter kapazit\u00e4r \u00fcberfordert. Wie sich die zivilgesellschaftliche Hilfe weiterentwickeln wird, h\u00e4ngt auch entscheidend davon, ab welche staatlichen Hilfsangebote existieren bzw. etabliert werden. Sollten Organisationen des Zivil- und Katastrophenschutzes mit ihren ehrenamtlichen Strukturen sp\u00e4ter hier hinzukommen, k\u00f6nnte es zu Konflikten und \u201eKompetenzgerangel\u201c f\u00fchren, da sich hier sehr unterschiedliche Organisationslogiken z. T. widersprechen wie 2015\/16.<\/li><li>Auch wenn es sich 2015\/16 wie heute um Kriegsfl\u00fcchtlinge handelt, scheint es heutzutage eine geringere gesamtgesellschaftliche Polarisierung hinsichtlich der Aufnahme von Fl\u00fcchtlingen zu geben. W\u00e4hrend 2015\/16 die die Aufnahme von Fl\u00fcchtlingen notwendig machende <a href=\"https:\/\/www.nomos-elibrary.de\/10.5771\/2509-9485-2020-1-3\/zivil-und-katastrophenschutz-und-humanitaere-hilfe-in-der-bewaeltigung-der-fluechtlingssituation-2015-16-in-deutschland-jahrgang-4-2020-heft-1\">humanit\u00e4re Notlage<\/a> von politische Akteure unterschiedlich bewertet wurde, scheint es gegenw\u00e4rtig einen deutlich gr\u00f6\u00dferen politischen Konsens zu geben. Als Gr\u00fcnde k\u00f6nnen unter anderem angenommen werden, dass muslimfeindliche Ressentiments und Rassismen in der Gesellschaft weniger anschlussf\u00e4hig sind, <a href=\"https:\/\/www.jetzt.de\/politik\/interview-haben-wir-eine-doppelmoral-wenn-es-um-krisengebiete-geht\">der Krieg in Europa stattfindet und zugleich als Angriff auf Europa und seine politische Ordnung gewertet wird<\/a>. Dass v. a. Frauen und Kinder \u2013 und damit traditionell als Opfer und vulnerable Gruppe definierte Menschen \u2013 fliehen resp. die Ukraine verlassen k\u00f6nnen, erleichtert zus\u00e4tzlich die Empathie und best\u00e4tigt damit auch zugleich bestehende Geschlechterstereotype kriegerischer Auseinandersetzungen sowie <a href=\"https:\/\/www.nomos-elibrary.de\/10.5771\/9783845291307-61\/all-refugees-are-vulnerable-vulnerabilitaet-konflikte-und-katastrophen-im-spiegel-postkolonialer-theorie?page=1\">mediale Darstellungen \u201evulnerabler Fl\u00fcchtlinge\u201c<\/a>.<\/li><li>Deutsche Organisation des Bev\u00f6lkerungsschutzes sowie internationale humanit\u00e4re Organisationen sind im Rahmen der humanit\u00e4ren (Auslands-)Hilfe gegenw\u00e4rtig in <a href=\"https:\/\/www.asb.de\/news\/krieg-der-ukraine-asb-startet-nothilfe\">Nachbarl\u00e4ndern der Ukraine<\/a> aktiv wie 2015\/16 in Griechenland oder entlang der Balkanroute. Im Gegensatz zu 2015\/16, das stark von politischen Auseinandersetzungen zwischen den europ\u00e4ischen L\u00e4ndern gepr\u00e4gt war, scheint es gegenw\u00e4rtig eine gro\u00dfe \u00dcbereinstimmung zwischen den humanit\u00e4ren und politischen Mandaten zu geben, was die Arbeit der Organisationen daher stark erleichtern d\u00fcrfte.<\/li><li>W\u00e4hrend die deutschen Organisationen des Bev\u00f6lkerungsschutzes 2015\/16 auf sehr <a href=\"http:\/\/dx.doi.org\/10.17169\/refubium-30982\">vielf\u00e4ltige Strukturen und Ressourcen<\/a> des Bev\u00f6lkerungsschutzes zur\u00fcckgegriffen haben, erfolgt gegenw\u00e4rtig nur eine sehr eingeschr\u00e4nkte Nutzung von Transportkapazit\u00e4ten und Personalen bei Transporten von Hilfsg\u00fctern u. a. nach Polen oder der <a href=\"https:\/\/www.asb.de\/news\/krieg-der-ukraine-asb-startet-nothilfe\">Unterst\u00fctzung von Partnerorganisationen in der Ukraine<\/a>. Es sind weitere Eins\u00e4tze des Zivil- und Katastrophenschutzes denkbar, die stark davon abh\u00e4ngen, wie sich der weitere Kriegsverlauf entwickeln wird: Grunds\u00e4tzlich wird interessant sein, ob und in welchem Umfang f\u00fcr die Unterbringung, Verteilung oder Versorgung von Fl\u00fcchtlingen auf Ressourcen des Zivil- und Katastrophenschutzes zur\u00fcckgegriffen wird. Dies muss nicht zwangsl\u00e4ufig allein aus der Notwendigkeit heraus geschehen, es k\u00f6nnte jedoch auch eine gute M\u00f6glichkeit bieten, einzelne bereits existierende Module des Labor 5000 in den Einsatz zu bringen und zu real erproben.<\/li><li>Vor dem Hintergrund der in Folge der Fl\u00fcchtlingslage 2015\/16 begonnenen Diskussionsprozesse, die durch j\u00fcngere Ereignisse wie die Pandemie und die Flutereignisse 2021 verst\u00e4rkt wurden, ist damit zu rechnen, dass die gegenw\u00e4rtige Fl\u00fcchtlingssituation in Verbindung mit der Aktualit\u00e4t eines klassischen Angriffskrieges in unmittelbarer geographischer N\u00e4he Fragen zur Ausrichtung und Ausstattung des Zivilschutzes sowie eine Neuausrichtung des Zivil- und Katastrophenschutzes aufwerfen und aktualisieren werden, die z. T. bereits begonnen wurden. Die Betreuung und Versorgung von Menschen, die \u00fcber k\u00fcrzere oder l\u00e4ngere Zeitr\u00e4ume nicht mehr in ihre Heimat zur\u00fcckkehren k\u00f6nnen, d\u00fcrfte hierbei nur ein Punkt von vielen sein.<\/li><\/ul>\n","protected":false},"excerpt":{"rendered":"<p>Von Cordula Dittmer und Daniel F. Lorenz Stand 05.03.2022, 11:00 Uhr Seit dem Sommer 2015 untersuchten wir an der KFS zun\u00e4chst im Schwerpunkt KatFlucht, ab Oktober 2018 dann im Projekt WAKE die Bew\u00e4ltigung der Fl\u00fcchtlings\u00adsituation 2015\/16 durch den deutschen und europ\u00e4ischen Zivil- und Katastrophenschutz. Dass es keine sieben Jahre sp\u00e4ter wieder dazu kommen sollte, dass &hellip; <a href=\"https:\/\/blogs.fu-berlin.de\/disasterresearchblog\/archive\/18\" class=\"more-link\">Continue reading<span class=\"screen-reader-text\"> &#8220;Gemeinsamkeiten und Unterschiede der Fl\u00fcchtlingssituationen 2022 und 2015\/16 \u2013 einige situative Beobachtungen und Thesen aus Sicht der sozialwissenschaftlichen Katastrophenforschung&#8221;<\/span><\/a><\/p>\n","protected":false},"author":1583,"featured_media":0,"comment_status":"closed","ping_status":"closed","sticky":false,"template":"","format":"standard","meta":{"footnotes":""},"categories":[9],"tags":[452968,453229,2131,454121,453522,453814,453710],"class_list":["post-18","post","type-post","status-publish","format-standard","hentry","category-allgemein","tag-cordula-dittmer","tag-daniel-f-lorenz","tag-deutsch","tag-disaster-management","tag-fluchtlinge","tag-katastrophenschutz","tag-refugees"],"_links":{"self":[{"href":"https:\/\/blogs.fu-berlin.de\/disasterresearchblog\/wp-json\/wp\/v2\/posts\/18","targetHints":{"allow":["GET"]}}],"collection":[{"href":"https:\/\/blogs.fu-berlin.de\/disasterresearchblog\/wp-json\/wp\/v2\/posts"}],"about":[{"href":"https:\/\/blogs.fu-berlin.de\/disasterresearchblog\/wp-json\/wp\/v2\/types\/post"}],"author":[{"embeddable":true,"href":"https:\/\/blogs.fu-berlin.de\/disasterresearchblog\/wp-json\/wp\/v2\/users\/1583"}],"replies":[{"embeddable":true,"href":"https:\/\/blogs.fu-berlin.de\/disasterresearchblog\/wp-json\/wp\/v2\/comments?post=18"}],"version-history":[{"count":17,"href":"https:\/\/blogs.fu-berlin.de\/disasterresearchblog\/wp-json\/wp\/v2\/posts\/18\/revisions"}],"predecessor-version":[{"id":564,"href":"https:\/\/blogs.fu-berlin.de\/disasterresearchblog\/wp-json\/wp\/v2\/posts\/18\/revisions\/564"}],"wp:attachment":[{"href":"https:\/\/blogs.fu-berlin.de\/disasterresearchblog\/wp-json\/wp\/v2\/media?parent=18"}],"wp:term":[{"taxonomy":"category","embeddable":true,"href":"https:\/\/blogs.fu-berlin.de\/disasterresearchblog\/wp-json\/wp\/v2\/categories?post=18"},{"taxonomy":"post_tag","embeddable":true,"href":"https:\/\/blogs.fu-berlin.de\/disasterresearchblog\/wp-json\/wp\/v2\/tags?post=18"}],"curies":[{"name":"wp","href":"https:\/\/api.w.org\/{rel}","templated":true}]}}