{"id":20,"date":"2022-03-11T20:16:00","date_gmt":"2022-03-11T19:16:00","guid":{"rendered":"https:\/\/blogs.fu-berlin.de\/disasterresearchblog\/?p=20"},"modified":"2025-02-28T14:49:03","modified_gmt":"2025-02-28T13:49:03","slug":"20","status":"publish","type":"post","link":"https:\/\/blogs.fu-berlin.de\/disasterresearchblog\/archive\/20","title":{"rendered":"1. Update Gemeinsamkeiten und Unterschiede der Fl\u00fcchtlingssituationen 2022 und 2015\/16 \u2013 einige situative Beobachtungen und Thesen aus Sicht der sozialwissenschaftlichen Katastrophenforschung"},"content":{"rendered":"\n<p><em>Von Cordula Dittmer und Daniel F. Lorenz<\/em><\/p>\n\n\n\n<p><em>Stand 11.03.2022, 15:00 Uhr<\/em><\/p>\n\n\n\n<p><em><a href=\"http:\/\/dx.doi.org\/10.17169\/refubium-45065\">http:\/\/dx.doi.org\/10.17169\/refubium-45065<\/a><\/em><\/p>\n\n\n\n<p><em>Aufgrund der sich mittlerweile sehr dynamisch entwickelnden Lage haben wir uns entschlossen, unseren Beitrag vom <a href=\"https:\/\/blogs.fu-berlin.de\/disasterresearchblog\/archive\/18\">05.03.2022<\/a> (s. u.) upzudaten.<\/em><\/p>\n\n\n\n<p><\/p>\n\n\n\n<p>Seit dem Sommer 2015 untersuchten wir an der <a href=\"https:\/\/www.polsoz.fu-berlin.de\/kfs\">KFS<\/a> zun\u00e4chst im Schwerpunkt <a href=\"https:\/\/www.polsoz.fu-berlin.de\/ethnologie\/forschung\/arbeitsstellen\/katastrophenforschung\/forschung\/forschungsprojekte\/gefluechtete\/index.html\">KatFlucht<\/a>, ab Oktober 2018 dann im Projekt <a href=\"http:\/\/www.wake-project.eu\">WAKE<\/a> die Bew\u00e4ltigung der Fl\u00fcchtlings\u00adsituation 2015\/16 durch den deutschen und europ\u00e4ischen Zivil- und Katastrophenschutz. Dass es keine sieben Jahre sp\u00e4ter wieder dazu kommen sollte, dass wir es in Europa mit massiven Fl\u00fcchtlingsbewegungen zu tun haben, war nicht absehbar. In den (sozialen) Medien werden zunehmend Referenzen zum <a href=\"https:\/\/www.tagesspiegel.de\/politik\/flucht-aus-der-ukraine-erinnert-an-1945-nicht-2015-berlin-oeffnet-arme-und-herzen-und-das-tor-zur-eigenen-geschichte\/28127578.html\">Ende des Zweiten Weltkriegs<\/a> oder zu <a href=\"https:\/\/www.morgenpost.de\/berlin\/article234728363\/Ukraine-Was-anders-ist-als-in-der-Fluechtlingskrise-2015.html\">2015\/16<\/a> hergestellt. Das <a href=\"https:\/\/www.unhcr.org\/news\/press\/2022\/3\/62206a824\/news-comment-1-million-refugees-fled-ukraine-week.html\">UNHCR<\/a> spricht von einem Exodus, wie er nur \u00e4u\u00dferst selten vorkommt. Mittlerweile stuft das UNHCR die Situation in der Ukraine als <a href=\"https:\/\/www.unhcr.org\/ukraine-emergency.html\">\u201eLevel 3 emergency\u201c<\/a> und damit als h\u00f6chste Kategorie ein. Bis zum 10.03.2022 wurden vom <a href=\"https:\/\/data2.unhcr.org\/en\/situations\/ukraine\">UNHCR<\/a> 2.338.262 Fl\u00fcchtlinge erfasst. Unser Analysefokus liegt auf der Bew\u00e4ltigung der Situation durch staatliche und nicht-staatliche Akteure, insbesondere des Zivil- und Katastrophenschutzes: Wir beobachten gegenw\u00e4rtig sowohl sehr \u00e4hnliche als auch ganz andere Bew\u00e4ltigungsformen wie 2015\/16.<\/p>\n\n\n\n<!--more \u21d2 Continue Reading-->\n<!--noteaser-->\n\n\n\n<p><em>Von Cordula Dittmer und Daniel F. Lorenz<\/em><\/p>\n\n\n\n<p><em>Stand 11.03.2022, 15:00 Uhr<\/em><\/p>\n\n\n\n<p><em><a href=\"http:\/\/dx.doi.org\/10.17169\/refubium-45065\">http:\/\/dx.doi.org\/10.17169\/refubium-45065<\/a><\/em><\/p>\n\n\n\n<p><em>Aufgrund der sich mittlerweile sehr dynamisch entwickelnden Lage haben wir uns entschlossen, unseren Beitrag vom <a href=\"https:\/\/blogs.fu-berlin.de\/disasterresearchblog\/archive\/18\">05.03.2022<\/a> (s. u.) upzudaten.<\/em><\/p>\n\n\n\n<figure class=\"wp-block-image\"><img decoding=\"async\" src=\"https:\/\/blogs.fu-berlin.de\/disasterresearchblog\/files\/2022\/03\/photo_2022-03-24_20-21-57-1200x900.jpg\" alt=\"\" \/><figcaption>Refugee arrival, Berlin Central Station (\u00a9 Daniel F. Lorenz)<\/figcaption><\/figure>\n\n\n\n<p>Seit dem Sommer 2015 untersuchten wir an der <a href=\"https:\/\/www.polsoz.fu-berlin.de\/kfs\">KFS<\/a> zun\u00e4chst im Schwerpunkt <a href=\"https:\/\/www.polsoz.fu-berlin.de\/ethnologie\/forschung\/arbeitsstellen\/katastrophenforschung\/forschung\/forschungsprojekte\/gefluechtete\/index.html\">KatFlucht<\/a>, ab Oktober 2018 dann im Projekt <a href=\"http:\/\/www.wake-project.eu\">WAKE<\/a> die Bew\u00e4ltigung der Fl\u00fcchtlings\u00adsituation 2015\/16 durch den deutschen und europ\u00e4ischen Zivil- und Katastrophenschutz. Dass es keine sieben Jahre sp\u00e4ter wieder dazu kommen sollte, dass wir es in Europa mit massiven Fl\u00fcchtlingsbewegungen zu tun haben, war nicht absehbar. In den (sozialen) Medien werden zunehmend Referenzen zum <a href=\"https:\/\/www.tagesspiegel.de\/politik\/flucht-aus-der-ukraine-erinnert-an-1945-nicht-2015-berlin-oeffnet-arme-und-herzen-und-das-tor-zur-eigenen-geschichte\/28127578.html\">Ende des Zweiten Weltkriegs<\/a> oder zu <a href=\"https:\/\/www.morgenpost.de\/berlin\/article234728363\/Ukraine-Was-anders-ist-als-in-der-Fluechtlingskrise-2015.html\">2015\/16<\/a> hergestellt. Das <a href=\"https:\/\/www.unhcr.org\/news\/press\/2022\/3\/62206a824\/news-comment-1-million-refugees-fled-ukraine-week.html\">UNHCR<\/a> spricht von einem Exodus, wie er nur \u00e4u\u00dferst selten vorkommt. Mittlerweile stuft das UNHCR die Situation in der Ukraine als <a href=\"https:\/\/www.unhcr.org\/ukraine-emergency.html\">\u201eLevel 3 emergency\u201c<\/a> und damit als h\u00f6chste Kategorie ein. Bis zum 10.03.2022 wurden vom <a href=\"https:\/\/data2.unhcr.org\/en\/situations\/ukraine\">UNHCR<\/a> 2.338.262 Fl\u00fcchtlinge erfasst. Unser Analysefokus liegt auf der Bew\u00e4ltigung der Situation durch staatliche und nicht-staatliche Akteure, insbesondere des Zivil- und Katastrophenschutzes: Wir beobachten gegenw\u00e4rtig sowohl sehr \u00e4hnliche als auch ganz andere Bew\u00e4ltigungsformen wie 2015\/16.<\/p>\n\n\n\n<p>Wir haben daher aus der Perspektive der sozialwissenschaftlichen Katastrophenforschung hier erste Thesen v. a. bezogen auf Deutschland zusammengestellt, mit denen wir Denkanst\u00f6\u00dfe dazu liefern wollen, wo es Gemeinsamkeiten gibt, wo Unterschiede und wo auch Weiterentwicklungen des Feldes des Zivil- und Katastrophenschutzes von 2015\/16 bis heute stattgefunden haben.<\/p>\n\n\n\n<ul class=\"wp-block-list\"><li>Fluchtbewegungen aus dem Osten aufgrund von kriegerischen Auseinandersetzungen waren nach dem Zweiten Weltkrieg zumindest bis zum Zusammenbruch des Ostblocks ein bedeutendes Szenario des deutschen Zivilschutzes <a href=\"https:\/\/www.nomos-elibrary.de\/10.5771\/2509-9485-2020-1-3\/zivil-und-katastrophenschutz-und-humanitaere-hilfe-in-der-bewaeltigung-der-fluechtlingssituation-2015-16-in-deutschland-jahrgang-4-2020-heft-1\">(Dittmer\/Lorenz 2020) <\/a>. Entsprechende Planungen und Ressourcen gerieten jedoch zumindest bis 2015\/16 fast g\u00e4nzlich aus dem Blick, mit der Folge, dass 2015\/16 kaum noch entsprechendes Wissen vorhanden war. Einiges wurde f\u00fcr die Bew\u00e4ltigung der Fl\u00fcchtlingssituation 2015\/16 wieder reaktiviert und als Folge z. B. gr\u00f6\u00dfere Betreuungskonzepte f\u00fcr zuk\u00fcnftige humanit\u00e4re Notlagen wie das <a href=\"https:\/\/www.bbk.bund.de\/DE\/Themen\/Gesundheitlicher-Bevoelkerungsschutz\/Betreuungsdienst\/Pilotprojekt-Labor-Betreuung-5000\/pilotprojekt-labor-betreuung-5000_node.html\">Labor 5000<\/a> auf den Weg gebracht. Zugleich muss jedoch auch konstatiert werden, dass seit 2015\/16 viele Strukturen wieder abgebaut und <a href=\"http:\/\/dx.doi.org\/10.17169\/refubium-30982\">Lernerfahrungen nur sehr eingeschr\u00e4nkt dokumentiert wurden<\/a>.<\/li><li>Deutschland ist anders als 2015\/16 gegenw\u00e4rtig nicht das prim\u00e4re Fluchtziel, sondern die meisten Fl\u00fcchtlinge verbleiben noch in den Nachbarl\u00e4ndern der Ukraine. Dies k\u00f6nnte sich jedoch bei einer weiteren Eskalation des Krieges oder sehr hohen Fl\u00fcchtlingszahlen in diesen L\u00e4ndern \u00e4ndern. <s>Es ist daher gut m\u00f6glich, dass in der n\u00e4chsten Zeit \u00e4hnlich wie 2015\/16 erneut auf Ressourcen des Zivil- und Katastrophenschutzes zur\u00fcckgegriffen werden muss, <\/s>Aber auch in Deutschland steigen die Fl\u00fcchtlingszahlen stark an und machen zunehmend den R\u00fcckgriff auf erste Ressourcen des Zivil- und Katastrophenschutzes notwendig, um tempor\u00e4re Unterbringungsm\u00f6glichkeiten zu schaffen oder die Grundversorgung sicherzustellen.<\/li><li>Ukrainer*innen -\u2013 dies gilt wohlgemerkt nur f\u00fcr Personen mit einem ukrainischen Pass und nicht unbedingt f\u00fcr Personen anderer Nationalit\u00e4t \u2013 k\u00f6nnen visumsfrei in die Bundesrepublik Deutschland einreisen. Im Gegensatz zu 2015\/16 spielen daher asylrechtliche Fragen keine unmittelbare Rolle und Grenzregime, vor allem die deutschen Au\u00dfengrenzen (erinnert sei hier beispielsweise an die dramatischen Szenen an der slowenisch-\u00f6sterreichischen oder deutsch-\u00f6sterreichischen Grenze), ebenfalls nicht. Die 2015\/16 notwendige Versorgung der Fl\u00fcchtlinge auf den wechselnden Fluchtrouten waren f\u00fcr die Akteure des Zivil- und Katastrophenschutzes bzw. der humanit\u00e4ren Nothilfe auf der gesamten Balkanroute eine zus\u00e4tzliche Herausforderung. Auch dies bleibt gegenw\u00e4rtig noch aus, da die Transportwege relativ klar sind und die Menschen sich mit eigenen Fahrzeugen oder mit Z\u00fcgen fortbewegen und zumindest nach Verlassen der Ukraine nicht zu Fu\u00df unterwegs sind.<\/li><li>Dies hat zudem weitreichende transportlogistische Konsequenzen: So ist beispielsweise gegenw\u00e4rtig keine innerdeutsche Verteilung der Fl\u00fcchtlinge sowie entsprechende Koordinierungsstellen (KoSt-FV) f\u00fcr Z\u00fcge und Busse erforderlich (siehe hierzu <a href=\"https:\/\/www.nomos-elibrary.de\/10.5771\/2509-9485-2020-1-3\/zivil-und-katastrophenschutz-und-humanitaere-hilfe-in-der-bewaeltigung-der-fluechtlingssituation-2015-16-in-deutschland-jahrgang-4-2020-heft-1\">Dittmer\/Lorenz 2020)<\/a>, sondern die Fl\u00fcchtlinge k\u00f6nnen sich selbst \u00fcber das Land verteilen, da es auch Unterst\u00fctzung durch Sonderz\u00fcge der Deutsche Bahn gibt. Da die Mehrzahl der Fl\u00fcchtlinge in Deutschland allerdings gegenw\u00e4rtig in Berlin ankommt, werden die Forderungen nach einer <a href=\"https:\/\/www.zeit.de\/news\/2022-03\/04\/giffey-fordert-bundesweite-verteilung-der-ukraine-fluechtlinge\">bundesweiten Verteilung<\/a> Mittlerweile wurde in Hannover ein <a href=\"https:\/\/twitter.com\/drk_nordwalde\/status\/1501943909194162184?s=28\">Drehkreuz<\/a> eingerichtet, um eine Verteilung der Fl\u00fcchtlinge in die Bundesl\u00e4nder besser vornehmen zu k\u00f6nnen. Hierzu wurden auch auf dem Messegel\u00e4nde Einrichtungen <a href=\"https:\/\/twitter.com\/drk_nordwalde\/status\/1501943909194162184?s=28\">durch das DRK<\/a> in Betrieb genommen. Wurde zun\u00e4chst noch darauf gehofft, dass die Verteilung der Fl\u00fcchtenden ohne staatliche Lenkung funktioniert, werden Menschen, die sich in Deutschland offiziell registrieren nach dem K\u00f6nigsteiner Schl\u00fcssel, der auch 2015\/16 relevant wurde, nun doch auf andere Bundesl\u00e4nder verteilt. Gegenw\u00e4rtig bedeutet das, dass <a href=\"https:\/\/twitter.com\/LAF_Berlin\/status\/1502227851235323907?t=uvlrioYaramUPHC69amIEg&amp;s=09\">keine Fl\u00fcchtlinge<\/a> mehr in Berlin bleiben k\u00f6nnen, die sich registrieren, da Berlin gem\u00e4\u00df K\u00f6nigsteiner Schl\u00fcssel nur f\u00fcr 5% aller Fl\u00fcchtlinge zust\u00e4ndig ist.<\/li><li>Anders als 2015\/16 besteht weitgehende Einigkeit der EU-Mitgliedstaaten, was die Reaktion auf die Fluchtbewegung angeht. Dies erm\u00f6glichte es u. a. am 3. M\u00e4rz 2022 erstmalig die <a href=\"https:\/\/eur-lex.europa.eu\/eli\/dir\/2001\/55\/oj\">Massenzustromrichtlinie der EU<\/a> in Kraft gesetzt. Diese hat einen g\u00e4nzlich anderen Status der Fl\u00fcchtlinge als 2015\/16 zur Folge, entlastet insbesondere die <a href=\"https:\/\/blog.fluchtforschung.net\/ruckkehr-zur-fluchtlingspolitik-des-kalten-krieges-vom-universalen-schutz-zur-re-politisierung\/\">Asylsysteme in den osteurop\u00e4ischen L\u00e4ndern<\/a>, die einem derartigen Aufwuchs vermutlich nicht gewachsen w\u00e4ren und erleichtert die Integration in die weiteren gesellschaftlichen Systeme (Unterkunft, Bildung, Arbeitsmarkt usw.). 2015\/16 mussten f\u00fcr die Erstregistrierung gesonderte Einrichtungen geschaffen werden, wie z. B. die <a href=\"https:\/\/www.nomos-elibrary.de\/10.5771\/2509-9485-2020-1-3\/zivil-und-katastrophenschutz-und-humanitaere-hilfe-in-der-bewaeltigung-der-fluechtlingssituation-2015-16-in-deutschland-jahrgang-4-2020-heft-1\">Warter\u00e4ume in Feldkirchen und Erding<\/a>, die auch mit der Unterst\u00fctzung der Organisationen des Zivil- und Katastrophenschutzes, der Bundeswehr und dem Bundesamt f\u00fcr Migration und Fl\u00fcchtlinge (BAMF) errichtet und betrieben wurden.<\/li><li>Strukturen, Lernerfahrungen und Verfahren aus der Fl\u00fcchtlingssituation 2015\/16 sind 2022 noch vielfach vorhanden beziehungsweise k\u00f6nnen reaktiviert werden. Die staatlichen Aufnahmestrukturen sind daher grunds\u00e4tzlich besser aufgestellt als 2015\/16, dies ist auch f\u00fcr die Hilfsorganisationen zutreffend. Auch wenn das Wissen noch vorhanden ist, so wurde dennoch unter anderem in den <a href=\"https:\/\/twitter.com\/manuelmberlin\/status\/1501776394346536961?s=28\">sozialen Medien<\/a> kritisiert, dass vor allem in der Stadt Berlin die professionelle Hilfe und vor allem die dazu notwendige Unterst\u00fctzung durch den Bev\u00f6lkerungsschutz zu sp\u00e4t angelaufen ist.<\/li><li>Im Auftrag des Berliner Krisenstabs \u00fcbernahmen Hilfsorganisationen die Koordination der Fl\u00fcchtlingsankunft an <a href=\"https:\/\/www.malteser-berlin.de\/news-detailansicht\/news\/ukraine-hilfe-berliner-malteser-koordinieren-hilfe-bei-ankunft-am-zob.html\">Busbahnh\u00f6fen<\/a>, die zuvor noch haupts\u00e4chlich \u00fcber <a href=\"https:\/\/www.zeit.de\/gesellschaft\/zeitgeschehen\/2022-03\/ukraine-gefluechtete-berlin-hauptbahnhof-freiwillige\">spontane Helfende bzw. organisierte Freiwillige<\/a> geleistet wurde. An anderen Orten, wie beispielsweise dem Berliner Hauptbahnhof, erg\u00e4nzten Hilfsorganisationen die spontane Hilfe zun\u00e4chst nach Amtshilfeersuchen mit <a href=\"https:\/\/www.asb.de\/news\/krieg-der-ukraine-asb-startet-nothilfe\">medizinischer Notversorgung.<\/a> Da die spontane Hilfe am Berliner Hauptbahnhof r\u00e4umlich und personell zunehmend an ihre Grenzen kommt, wurde vor dem Bahnhof ein \u2013 bereits jetzt schon zu kleines \u2013 Willkommenszelt errichtet und eine <a href=\"https:\/\/www.rbb24.de\/politik\/thema\/Ukraine\/beitraege\/berlin-gefluechtete-tegel-unterkuenfte-broemme.html\">gemeinsame Einsatzleitung aus Polizei und Feuerwehr<\/a> versucht seit dem 09.03.2022 die Lage zu strukturieren und die Sicherheit zu gew\u00e4hrleisten.<\/li><li><s>Aus den genannten Gr\u00fcnden zeichnet sich gegenw\u00e4rtig noch kein gr\u00f6\u00dferer Einsatz des deutschen Katastrophenschutzes zur Unterbringung der Fl\u00fcchtlinge ab. Es ist zwar m\u00f6glich, dass Organisationen wie das Deutsche Rote Kreuz auch Einrichtungen f\u00fcr Fl\u00fcchtlinge betreiben werden, jedoch vermutlich mit hauptamtlichen Strukturen (bspw. in Form von gGmbHs) und nicht mit dem ehrenamtlichen Katastrophenschutz. Mit einem derartigen Einsatz w\u00e4re vermutlich nur bei einem kurzfristigen und sehr massivem Anstieg der Fl\u00fcchtlingszahlen zu rechnen. <\/s>Da bis zu 15.000 Fl\u00fcchtlinge t\u00e4glich in Berlin ankommen und gegenw\u00e4rtig nur begrenzt im Bundesgebiet weiter verteilt werden, wurden schnell Notunterbringungsma\u00dfnahmen erforderlich. So wurde durch 150 Einsatzkr\u00e4fte des THW am Erstaufnahmezentrum in Reinickendorf eine Zeltstadt errichtet und unter anderem mit Material des BBK und DRK ausgestattet. Am ehemaligen Flughafen Tegel soll unter der Leitung des DRK ein neues <a href=\"https:\/\/www.rbb24.de\/politik\/thema\/Ukraine\/beitraege\/berlin-gefluechtete-tegel-unterkuenfte-broemme.html\">Ankunfts- und Verteilzentrum<\/a> f\u00fcr Fl\u00fcchtlinge entstehen, dass bis zu 3.000 Fl\u00fcchtlinge aufnehmen und 10.000 Fl\u00fcchtlinge am Tag verteilen soll. Zudem sollen an der <a href=\"https:\/\/www.morgenpost.de\/bezirke\/charlottenburg-wilmersdorf\/article234769133\/Messe-soll-Notquartier-fuer-bis-zu-2500-Menschen-werden.html\">Berliner Messe<\/a> in der ehemaligen Corona-Notfallklinik des Landes bis zu 2.500 Fl\u00fcchtlinge untergebracht werden. Es entstehen <a href=\"https:\/\/www.rbb24.de\/politik\/thema\/Ukraine\/beitraege\/berlin-gefluechtete-tegel-unterkuenfte-broemme.html\">weitere neue Unterk\u00fcnfte in<\/a> verschiedenen Berliner Bezirken. Auch in anderen St\u00e4dten wie beispielsweise <a href=\"https:\/\/twitter.com\/feuerwehrffm\/status\/1502017166476029956?t=oDGBl1kKSETcJKFaa2K_4A&amp;s=09\">Frankfurt am Main<\/a> werden durch Freiwillige Feuerwehren und das DRK Unterk\u00fcnfte f\u00fcr Fl\u00fcchtlinge errichtet. Mit welchem Personal (Hauptamt oder Ehrenamt) und in welcher Rechtsform die Unterk\u00fcnfte betrieben werden, ist gegenw\u00e4rtig nicht ersichtlich.<\/li><li>Durch die schnelle \u00c4nderung der Lage zeichnete sich auch ein Personalengpass in Berlin ab. Ein Amtshilfegesuch Berlins an die Bundeswehr zur Unterst\u00fctzung beim Landesamt f\u00fcr Fl\u00fcchtlingsangelegenheiten wurde zun\u00e4chst mit Verweis auf die eigentlichen Aufgaben der Bundeswehr sowie dem Vorhandensein des Bev\u00f6lkerungsschutzes <a href=\"https:\/\/m.tagesspiegel.de\/berlin\/hilferuf-aus-der-hauptstadt-wie-berlin-mit-der-hohen-zahl-der-kriegsfluechtlinge-umgeht\/28151974.html\">medial kritisiert<\/a> und dann negativ beschieden. Entsprechend wird auch \u2013 <a href=\"https:\/\/www.nomos-elibrary.de\/10.5771\/2509-9485-2020-1-3\/zivil-und-katastrophenschutz-und-humanitaere-hilfe-in-der-bewaeltigung-der-fluechtlingssituation-2015-16-in-deutschland-jahrgang-4-2020-heft-1\">wie schon in den 1950 Jahren und 2015<\/a> \u2013 die <a href=\"https:\/\/m.tagesspiegel.de\/berlin\/hilferuf-aus-der-hauptstadt-wie-berlin-mit-der-hohen-zahl-der-kriegsfluechtlinge-umgeht\/28151974.html\">M\u00f6glichkeit der Feststellung des Katastrophenfall<\/a> angesichts der gro\u00dfen Fl\u00fcchtlingszahlen diskutiert und z. T. <a href=\"https:\/\/twitter.com\/manuelmBerlin\/status\/1501842652685340674\">gefordert<\/a>. Ob es sich wirklich um die Forderung nach einer Ausl\u00f6sung des Katastrophenalarms nach <a href=\"https:\/\/gesetze.berlin.de\/bsbe\/document\/jlr-KatSchGBE2021rahmen\">Gesetz \u00fcber den Katastrophenschutz im Land Berlin<\/a> oder nicht vielmehr um die Feststellung einer Gro\u00dfschadenslage handelt, ist gegenw\u00e4rtig unklar.<a href=\"https:\/\/wake-project.eu\/2022\/03\/05\/gemeinsamkeiten-und-unterschiede-der-fluechtlingssituationen-2022-und-2015-16-einige-situative-beobachtungen-und-thesen-aus-sicht-der-sozialwissenschaftlichen-katastrophenforschung\/#_ftn1\">[1]<\/a> Gleichzeitig wird <a href=\"https:\/\/twitter.com\/BorisMichalows1\/status\/1502039856767279112\">kritisiert<\/a>, dass Einsatzkr\u00e4fte des THW freigestellt werden w\u00fcrden, ehrenamtliche Einsatzkr\u00e4fte der Hilfsorganisationen jedoch erst auf Nachfrage und lediglich f\u00fcr Einzelauftr\u00e4ge.<\/li><li>Die Hilfe aus der Bev\u00f6lkerung scheint heute \u00e4hnlich gro\u00df wie 2015\/16. Auch wenn damals schon die Hilfe aus der Zivilgesellschaft vielfach hochprofessionell agierte, l\u00e4sst sich heute eine weitergehende Professionalisierung beobachten. Zugleich zeigt sich aber auch wie 2015\/16, dass die hohe Bereitschaft zu <a href=\"https:\/\/www.drk.de\/presse\/pressemitteilungen\/meldung\/drk-spenden-fuer-wirkungsvolle-humanitaere-hilfe-fuer-die-ukraine\/\">Sachspenden organisationale Strukturen<\/a> (auch von Organisationen des Bev\u00f6lkerungsschutzes) mitunter kapazit\u00e4r \u00fcberfordert. Wie sich die zivilgesellschaftliche Hilfe weiterentwickeln wird, h\u00e4ngt auch entscheidend davon, ab welche staatlichen Hilfsangebote existieren bzw. etabliert werden. <s>Sollten <\/s>Jetzt, da sich abzeichnet, dass Organisationen des Zivil- und Katastrophenschutzes mit ihren ehrenamtlichen Strukturen<s> sp\u00e4ter<\/s> hier hinzukommen, k\u00f6nnte es zu Konflikten und \u201eKompetenzgerangel\u201c f\u00fchren, da sich hier sehr unterschiedliche Organisationslogiken z. T. widersprechen wie 2015\/16.<\/li><li>Auch wenn es sich 2015\/16 wie heute um Kriegsfl\u00fcchtlinge handelt, scheint es heutzutage eine geringere gesamtgesellschaftliche Polarisierung hinsichtlich der Aufnahme von Fl\u00fcchtlingen zu geben. W\u00e4hrend 2015\/16 die die Aufnahme von Fl\u00fcchtlingen notwendig machende <a href=\"https:\/\/www.nomos-elibrary.de\/10.5771\/2509-9485-2020-1-3\/zivil-und-katastrophenschutz-und-humanitaere-hilfe-in-der-bewaeltigung-der-fluechtlingssituation-2015-16-in-deutschland-jahrgang-4-2020-heft-1\">humanit\u00e4re Notlage<\/a> von politische Akteure unterschiedlich bewertet wurde, scheint es gegenw\u00e4rtig einen deutlich gr\u00f6\u00dferen politischen Konsens zu geben. Als Gr\u00fcnde k\u00f6nnen unter anderem angenommen werden, dass muslimfeindliche Ressentiments und Rassismen in der Gesellschaft in der aktuellen Lage weniger anschlussf\u00e4hig sind, <a href=\"https:\/\/www.jetzt.de\/politik\/interview-haben-wir-eine-doppelmoral-wenn-es-um-krisengebiete-geht\">der Krieg in Europa stattfindet und zugleich als Angriff auf Europa und seine politische Ordnung gewertet wird<\/a>. Dass v. a. Frauen und Kinder \u2013 und damit traditionell als Opfer und vulnerable Gruppe definierte Menschen \u2013 fliehen resp. die Ukraine verlassen k\u00f6nnen, erleichtert zus\u00e4tzlich die Empathie und best\u00e4tigt damit auch zugleich bestehende Geschlechterstereotype kriegerischer Auseinandersetzungen sowie <a href=\"https:\/\/www.nomos-elibrary.de\/10.5771\/9783845291307-61\/all-refugees-are-vulnerable-vulnerabilitaet-konflikte-und-katastrophen-im-spiegel-postkolonialer-theorie?page=1\">mediale Darstellungen \u201evulnerabler Fl\u00fcchtlinge\u201c<\/a>.<\/li><li>Deutsche Organisation des Bev\u00f6lkerungsschutzes, UN-Organisationen sowie internationale humanit\u00e4re Organisationen sind im Rahmen der humanit\u00e4ren (Auslands-)Hilfe gegenw\u00e4rtig in <a href=\"https:\/\/www.asb.de\/news\/krieg-der-ukraine-asb-startet-nothilfe\">Nachbarl\u00e4ndern der Ukraine<\/a> sowie der Ukraine selbst aktiv wie 2015\/16 in Griechenland oder entlang der Balkanroute. Im Gegensatz zu 2015\/16, das stark von politischen Auseinandersetzungen zwischen den europ\u00e4ischen L\u00e4ndern gepr\u00e4gt war, scheint es gegenw\u00e4rtig eine gro\u00dfe \u00dcbereinstimmung zwischen den humanit\u00e4ren und politischen Mandaten zu geben, was die Arbeit der Organisationen daher stark erleichtern d\u00fcrfte. Bereits 2015\/16 wurde allerdings kritisch hinterfragt, <a href=\"https:\/\/jhumanitarianaction.springeropen.com\/articles\/10.1186\/s41018-021-00095-7\">ob Europa mit seinen zahlungskr\u00e4ftigen Institutionen ein Bet\u00e4tigungsfeld dieser Organisation sein <\/a>oder diese sich nicht viel mehr auf andere Weltregionen fokussieren sollten, in denen staatliche Akteure \u00fcber deutlich weniger Mittel verf\u00fcgen. Dieser Punkt wird auch gegenw\u00e4rtig <a href=\"https:\/\/twitter.com\/jfcrisp\/status\/1501292021633355777?s=28\">diskutiert<\/a>.<\/li><li>W\u00e4hrend die deutschen Organisationen des Bev\u00f6lkerungsschutzes 2015\/16 auf sehr <a href=\"http:\/\/dx.doi.org\/10.17169\/refubium-30982\">vielf\u00e4ltige Strukturen und Ressourcen<\/a> des Bev\u00f6lkerungsschutzes zur\u00fcckgegriffen haben, erfolgte <s>gegenw\u00e4rtig<\/s> zun\u00e4chst nur eine sehr eingeschr\u00e4nkte Nutzung von Transportkapazit\u00e4ten und Personalen bei Transporten von Hilfsg\u00fctern u. a. nach Polen oder der <a href=\"https:\/\/www.asb.de\/news\/krieg-der-ukraine-asb-startet-nothilfe\">Unterst\u00fctzung von Partnerorganisationen in der Ukraine<\/a>. Mittlerweile laufen verschiedene Eins\u00e4tze zur Versorgung und Unterbringung der Fl\u00fcchtlinge, vor allem in Berlin, aber auch in anderen St\u00e4dten. Es sind weitere Eins\u00e4tze des Zivil- und Katastrophenschutzes denkbar, die stark davon abh\u00e4ngen, wie sich der weitere Kriegsverlauf entwickeln wird: Grunds\u00e4tzlich wird interessant sein, ob und in welchem Umfang f\u00fcr die Unterbringung, Verteilung oder Versorgung von Fl\u00fcchtlingen fl\u00e4chendeckend auf Ressourcen des Zivil- und Katastrophenschutzes zur\u00fcckgegriffen wird. Dies muss nicht zwangsl\u00e4ufig allein aus der Notwendigkeit heraus geschehen, es k\u00f6nnte jedoch auch eine gute M\u00f6glichkeit bieten, einzelne bereits existierende Module des Labor 5000 in den Einsatz zu bringen und zu real erproben.<\/li><li>Vor dem Hintergrund der in Folge der Fl\u00fcchtlingslage 2015\/16 begonnenen Diskussionsprozesse, die durch j\u00fcngere Ereignisse wie die Pandemie und die Flutereignisse 2021 verst\u00e4rkt wurden, ist damit zu rechnen, dass die gegenw\u00e4rtige Fl\u00fcchtlingssituation in Verbindung mit der Aktualit\u00e4t eines klassischen Angriffskrieges in unmittelbarer geographischer N\u00e4he Fragen zur Ausrichtung und Ausstattung des Zivilschutzes sowie eine Neuausrichtung des Zivil- und Katastrophenschutzes aufwerfen und aktualisieren werden, die z. T. bereits begonnen wurden. Die Betreuung und Versorgung von Menschen, die \u00fcber k\u00fcrzere oder l\u00e4ngere Zeitr\u00e4ume nicht mehr in ihre Heimat zur\u00fcckkehren k\u00f6nnen, d\u00fcrfte hierbei nur ein Punkt von vielen sein.<\/li><\/ul>\n\n\n\n<p><a href=\"https:\/\/wake-project.eu\/2022\/03\/05\/gemeinsamkeiten-und-unterschiede-der-fluechtlingssituationen-2022-und-2015-16-einige-situative-beobachtungen-und-thesen-aus-sicht-der-sozialwissenschaftlichen-katastrophenforschung\/#_ftnref1\">[1]<\/a> Mitte Juni 2021 wurde die Kategorie \u201eGro\u00dfschadenslage\u201c neu in das Berliner Katastrophenschutzgesetz aufgenommen, um fr\u00fchzeitig insb. \u00fcbergeordnete F\u00fchrungsstrukturen zu etablieren, wenn auch die Voraussetzungen einer Katastrophe noch nicht gegeben sind, es aber entsprechend <a href=\"https:\/\/www.google.com\/url?sa=t&amp;rct=j&amp;q=&amp;esrc=s&amp;source=web&amp;cd=&amp;ved=2ahUKEwi-_NO3hb72AhVIQvEDHSSvARcQFnoECDcQAQ&amp;url=https%3A%2F%2Fwww.parlament-berlin.de%2Fados%2F18%2FIIIPlen%2Fvorgang%2Fd18-3507.pdf&amp;usg=AOvVaw0eQT6O2Q61jA1f69ADKxRA\">erh\u00f6hten Koordinierungsbedarf<\/a> gibt, der deutlich \u00fcber dem Management von Alltagsgefahren liegt.<\/p>\n","protected":false},"excerpt":{"rendered":"<p>Von Cordula Dittmer und Daniel F. Lorenz Stand 11.03.2022, 15:00 Uhr http:\/\/dx.doi.org\/10.17169\/refubium-45065 Aufgrund der sich mittlerweile sehr dynamisch entwickelnden Lage haben wir uns entschlossen, unseren Beitrag vom 05.03.2022 (s. u.) upzudaten. Seit dem Sommer 2015 untersuchten wir an der KFS zun\u00e4chst im Schwerpunkt KatFlucht, ab Oktober 2018 dann im Projekt WAKE die Bew\u00e4ltigung der Fl\u00fcchtlings\u00adsituation &hellip; <a href=\"https:\/\/blogs.fu-berlin.de\/disasterresearchblog\/archive\/20\" class=\"more-link\">Continue reading<span class=\"screen-reader-text\"> &#8220;1. Update Gemeinsamkeiten und Unterschiede der Fl\u00fcchtlingssituationen 2022 und 2015\/16 \u2013 einige situative Beobachtungen und Thesen aus Sicht der sozialwissenschaftlichen Katastrophenforschung&#8221;<\/span><\/a><\/p>\n","protected":false},"author":1583,"featured_media":0,"comment_status":"closed","ping_status":"open","sticky":false,"template":"","format":"standard","meta":{"footnotes":""},"categories":[9],"tags":[452968,453229,2131,454121,453522,453814,453710],"class_list":["post-20","post","type-post","status-publish","format-standard","hentry","category-allgemein","tag-cordula-dittmer","tag-daniel-f-lorenz","tag-deutsch","tag-disaster-management","tag-fluchtlinge","tag-katastrophenschutz","tag-refugees"],"_links":{"self":[{"href":"https:\/\/blogs.fu-berlin.de\/disasterresearchblog\/wp-json\/wp\/v2\/posts\/20","targetHints":{"allow":["GET"]}}],"collection":[{"href":"https:\/\/blogs.fu-berlin.de\/disasterresearchblog\/wp-json\/wp\/v2\/posts"}],"about":[{"href":"https:\/\/blogs.fu-berlin.de\/disasterresearchblog\/wp-json\/wp\/v2\/types\/post"}],"author":[{"embeddable":true,"href":"https:\/\/blogs.fu-berlin.de\/disasterresearchblog\/wp-json\/wp\/v2\/users\/1583"}],"replies":[{"embeddable":true,"href":"https:\/\/blogs.fu-berlin.de\/disasterresearchblog\/wp-json\/wp\/v2\/comments?post=20"}],"version-history":[{"count":12,"href":"https:\/\/blogs.fu-berlin.de\/disasterresearchblog\/wp-json\/wp\/v2\/posts\/20\/revisions"}],"predecessor-version":[{"id":573,"href":"https:\/\/blogs.fu-berlin.de\/disasterresearchblog\/wp-json\/wp\/v2\/posts\/20\/revisions\/573"}],"wp:attachment":[{"href":"https:\/\/blogs.fu-berlin.de\/disasterresearchblog\/wp-json\/wp\/v2\/media?parent=20"}],"wp:term":[{"taxonomy":"category","embeddable":true,"href":"https:\/\/blogs.fu-berlin.de\/disasterresearchblog\/wp-json\/wp\/v2\/categories?post=20"},{"taxonomy":"post_tag","embeddable":true,"href":"https:\/\/blogs.fu-berlin.de\/disasterresearchblog\/wp-json\/wp\/v2\/tags?post=20"}],"curies":[{"name":"wp","href":"https:\/\/api.w.org\/{rel}","templated":true}]}}