{"id":226,"date":"2023-06-13T10:30:59","date_gmt":"2023-06-13T08:30:59","guid":{"rendered":"https:\/\/blogs.fu-berlin.de\/disasterresearchblog\/?p=226"},"modified":"2025-02-28T15:05:48","modified_gmt":"2025-02-28T14:05:48","slug":"10-jahrestag-des-deichbruchs-in-fischbeck-ruckblick-und-ausblick-auf-forschungen-der-kfs-zur-hochwasserkatastrophe","status":"publish","type":"post","link":"https:\/\/blogs.fu-berlin.de\/disasterresearchblog\/archive\/226","title":{"rendered":"10. Jahrestag des Deichbruchs in Fischbeck \u2013 R\u00fcckblick und Ausblick auf Forschungen der KFS zur Katastrophe"},"content":{"rendered":"\n<p><em>Von Cordula Dittmer und Daniel F. Lorenz<\/em><\/p>\n\n\n\n<p>June 13, 2023<\/p>\n\n\n\n<p><a href=\"http:\/\/dx.doi.org\/10.17169\/refubium-45261\">http:\/\/dx.doi.org\/10.17169\/refubium-45261<\/a><\/p>\n\n\n\n<figure class=\"wp-block-image size-full\"><img loading=\"lazy\" decoding=\"async\" width=\"1024\" height=\"435\" src=\"https:\/\/blogs.fu-berlin.de\/disasterresearchblog\/files\/2023\/06\/image-17.jpg\" alt=\"\" class=\"wp-image-342\" srcset=\"https:\/\/blogs.fu-berlin.de\/disasterresearchblog\/files\/2023\/06\/image-17.jpg 1024w, https:\/\/blogs.fu-berlin.de\/disasterresearchblog\/files\/2023\/06\/image-17-300x127.jpg 300w, https:\/\/blogs.fu-berlin.de\/disasterresearchblog\/files\/2023\/06\/image-17-768x326.jpg 768w\" sizes=\"auto, (max-width: 709px) 85vw, (max-width: 909px) 67vw, (max-width: 1362px) 62vw, 840px\" \/><figcaption>Bilder vom Hochwasser (Zur Verf\u00fcgung gestellt von der Gemeinde Sch\u00f6nhausen)&nbsp;<\/figcaption><\/figure>\n\n\n\n<p>Vor genau 10 Jahren, w\u00e4hrend des Elbehochwassers 2013, brach am 10. Juni ein Deich in Fischbeck und eine Vielzahl an Orten in der Verbandsgemeinde Elbe-Havel-Land, eine \u00fcberwiegend l\u00e4ndlich gepr\u00e4gte und d\u00fcnn besiedelte Region \u00f6stlich der Elbe im Landkreis Stendal in Sachsen-Anhalt, wurde \u00fcberflutet. Obwohl einige Orte komplett von der Au\u00dfenwelt abgeschnitten waren, widersetzten sich viele der Bewohner*innen den von beh\u00f6rdlicher Seite angeordneten Evakuierungen, um ihr Hab und Gut zu retten und organisierten ihr Leben autark (<a rel=\"noreferrer noopener\" href=\"https:\/\/www.researchgate.net\/publication\/330116829_Drei_Jahre_nach_dem_Deichbruch_-_Uber_die_Gegenwart_einer_nicht_abgeschlossenen_Katastrophe\" target=\"_blank\">Dittmer et al. 2016<\/a>; <a rel=\"noreferrer noopener\" href=\"https:\/\/refubium.fu-berlin.de\/bitstream\/handle\/fub188\/21975\/KFS_WP11_Narrationen_Elbe-Havelland_Schmersal.pdf?sequence=1&amp;isAllowed=y\" target=\"_blank\">Schmersal\/Voss 2018<\/a>). Zum Teil traf erst nach zwei Wochen Hilfe von au\u00dfen durch die Organisationen des Katastrophenschutzes wie das Technische Hilfswerk (THW), das Deutsche Rote Kreuz (DRK), die Johanniter (JUH) oder auch die eingesetzte Bundeswehr ein. Andere, die der Aufforderung zur Evakuierung gefolgt waren und in privaten Unterk\u00fcnften oder in Notunterk\u00fcnften in Stendal, Jerichow oder Havelberg unterkamen, kehrten erst nach Wochen in teils kaum bewohnbare Wohnungen und H\u00e4user zur\u00fcck.&nbsp;<\/p>\n\n\n\n<p>Im Rahmen des Projektes <a rel=\"noreferrer noopener\" href=\"https:\/\/www.geo.fu-berlin.de\/geog\/fachrichtungen\/anthrogeog\/katastrophenforschung\/forschung-lehre\/forschung\/forschungsprojekte\/involve\/index.html\" target=\"_blank\">INVOLVE<\/a> wurde von der <a rel=\"noreferrer noopener\" href=\"https:\/\/www.geo.fu-berlin.de\/geog\/fachrichtungen\/anthrogeog\/katastrophenforschung\/index.html\" target=\"_blank\">Katastrophenforschungsstelle (KFS)<\/a> in den Jahren 2015-2018 in der betroffenen Verbandsgemeinde eine qualitative und quantitative Feldstudie mit Expert*inneninterviews, Interviews mit Betroffenen, Stakeholderworkshops, Gruppendiskussionen sowie eine quantitative Bev\u00f6lkerungsbefragung durchgef\u00fchrt. Das besondere Interesse lag darin, die Bed\u00fcrfnisse und Selbsthilfekapazit\u00e4ten in der Bev\u00f6lkerung w\u00e4hrend und nach dem Hochwasser zu erfassen, um diese in zuk\u00fcnftigen \u00e4hnlichen Lagen (wie sie sich bspw. 2021 im Ahrtal gezeigt haben) durch entsprechende Hilfsangebote besser bew\u00e4ltigen zu k\u00f6nnen. Die Ergebnisse dieser Forschungen wurden u. a. in einer Ausstellung in Genthin, Sch\u00f6nhausen und Burg in der Region der \u00d6ffentlichkeit pr\u00e4sentiert.&nbsp;&nbsp;<\/p>\n\n\n\n<!--more \u21d2 Continue Reading-->\n<!--noteaser-->\n\n\n\n<p><em>Von Cordula Dittmer und Daniel F. Lorenz<\/em><\/p>\n\n\n\n<p><a href=\"http:\/\/dx.doi.org\/10.17169\/refubium-45261\">http:\/\/dx.doi.org\/10.17169\/refubium-45261<\/a><\/p>\n\n\n\n<p>Vor genau 10 Jahren, w\u00e4hrend des Elbehochwassers 2013, brach am 10. Juni ein Deich in Fischbeck und eine Vielzahl an Orten in der Verbandsgemeinde Elbe-Havel-Land, eine \u00fcberwiegend l\u00e4ndlich gepr\u00e4gte und d\u00fcnn besiedelte Region \u00f6stlich der Elbe im Landkreis Stendal in Sachsen-Anhalt, wurde \u00fcberflutet. Obwohl einige Orte komplett von der Au\u00dfenwelt abgeschnitten waren, widersetzten sich viele der Bewohner*innen den von beh\u00f6rdlicher Seite angeordneten Evakuierungen, um ihr Hab und Gut zu retten und organisierten ihr Leben autark (<a rel=\"noreferrer noopener\" href=\"https:\/\/www.researchgate.net\/publication\/330116829_Drei_Jahre_nach_dem_Deichbruch_-_Uber_die_Gegenwart_einer_nicht_abgeschlossenen_Katastrophe\" target=\"_blank\">Dittmer et al. 2016<\/a>; <a rel=\"noreferrer noopener\" href=\"https:\/\/refubium.fu-berlin.de\/bitstream\/handle\/fub188\/21975\/KFS_WP11_Narrationen_Elbe-Havelland_Schmersal.pdf?sequence=1&amp;isAllowed=y\" target=\"_blank\">Schmersal\/Voss 2018<\/a>). Zum Teil traf erst nach zwei Wochen Hilfe von au\u00dfen durch die Organisationen des Katastrophenschutzes wie das Technische Hilfswerk (THW), das Deutsche Rote Kreuz (DRK), die Johanniter (JUH) oder auch die eingesetzte Bundeswehr ein. Andere, die der Aufforderung zur Evakuierung gefolgt waren und in privaten Unterk\u00fcnften oder in Notunterk\u00fcnften in Stendal, Jerichow oder Havelberg unterkamen, kehrten erst nach Wochen in teils kaum bewohnbare Wohnungen und H\u00e4user zur\u00fcck.&nbsp;<\/p>\n\n\n\n<figure class=\"wp-block-image size-large\"><img loading=\"lazy\" decoding=\"async\" width=\"1024\" height=\"684\" src=\"https:\/\/blogs.fu-berlin.de\/disasterresearchblog\/files\/2023\/06\/image-17-1024x684.jpeg\" alt=\"\" class=\"wp-image-259\" srcset=\"https:\/\/blogs.fu-berlin.de\/disasterresearchblog\/files\/2023\/06\/image-17-1024x684.jpeg 1024w, https:\/\/blogs.fu-berlin.de\/disasterresearchblog\/files\/2023\/06\/image-17-300x200.jpeg 300w, https:\/\/blogs.fu-berlin.de\/disasterresearchblog\/files\/2023\/06\/image-17-768x513.jpeg 768w, https:\/\/blogs.fu-berlin.de\/disasterresearchblog\/files\/2023\/06\/image-17-1536x1025.jpeg 1536w, https:\/\/blogs.fu-berlin.de\/disasterresearchblog\/files\/2023\/06\/image-17-1200x801.jpeg 1200w, https:\/\/blogs.fu-berlin.de\/disasterresearchblog\/files\/2023\/06\/image-17.jpeg 1600w\" sizes=\"auto, (max-width: 709px) 85vw, (max-width: 909px) 67vw, (max-width: 1362px) 62vw, 840px\" \/><\/figure>\n\n\n\n<figure class=\"wp-block-image size-large\"><img loading=\"lazy\" decoding=\"async\" width=\"1024\" height=\"769\" src=\"https:\/\/blogs.fu-berlin.de\/disasterresearchblog\/files\/2023\/06\/image-11-1024x769.jpeg\" alt=\"\" class=\"wp-image-253\" srcset=\"https:\/\/blogs.fu-berlin.de\/disasterresearchblog\/files\/2023\/06\/image-11-1024x769.jpeg 1024w, https:\/\/blogs.fu-berlin.de\/disasterresearchblog\/files\/2023\/06\/image-11-300x225.jpeg 300w, https:\/\/blogs.fu-berlin.de\/disasterresearchblog\/files\/2023\/06\/image-11-768x576.jpeg 768w, https:\/\/blogs.fu-berlin.de\/disasterresearchblog\/files\/2023\/06\/image-11-1200x901.jpeg 1200w, https:\/\/blogs.fu-berlin.de\/disasterresearchblog\/files\/2023\/06\/image-11.jpeg 1387w\" sizes=\"auto, (max-width: 709px) 85vw, (max-width: 909px) 67vw, (max-width: 1362px) 62vw, 840px\" \/><\/figure>\n\n\n\n<figure class=\"wp-block-image size-large\"><img loading=\"lazy\" decoding=\"async\" width=\"1024\" height=\"768\" src=\"https:\/\/blogs.fu-berlin.de\/disasterresearchblog\/files\/2023\/06\/image-16-1024x768.jpeg\" alt=\"\" class=\"wp-image-258\" srcset=\"https:\/\/blogs.fu-berlin.de\/disasterresearchblog\/files\/2023\/06\/image-16-1024x768.jpeg 1024w, https:\/\/blogs.fu-berlin.de\/disasterresearchblog\/files\/2023\/06\/image-16-300x225.jpeg 300w, https:\/\/blogs.fu-berlin.de\/disasterresearchblog\/files\/2023\/06\/image-16-768x576.jpeg 768w, https:\/\/blogs.fu-berlin.de\/disasterresearchblog\/files\/2023\/06\/image-16-1200x900.jpeg 1200w, https:\/\/blogs.fu-berlin.de\/disasterresearchblog\/files\/2023\/06\/image-16.jpeg 1386w\" sizes=\"auto, (max-width: 709px) 85vw, (max-width: 909px) 67vw, (max-width: 1362px) 62vw, 840px\" \/><figcaption>Bilder vom Hochwasser (Zur Verf\u00fcgung gestellt von der Gemeinde Sch\u00f6nhausen)&nbsp;<\/figcaption><\/figure>\n\n\n\n<p>Im Rahmen des Projektes <a rel=\"noreferrer noopener\" href=\"https:\/\/www.geo.fu-berlin.de\/geog\/fachrichtungen\/anthrogeog\/katastrophenforschung\/forschung-lehre\/forschung\/forschungsprojekte\/involve\/index.html\" target=\"_blank\">INVOLVE<\/a> wurde von der <a rel=\"noreferrer noopener\" href=\"https:\/\/www.geo.fu-berlin.de\/geog\/fachrichtungen\/anthrogeog\/katastrophenforschung\/index.html\" target=\"_blank\">Katastrophenforschungsstelle (KFS)<\/a> in den Jahren 2015-2018 in der betroffenen Verbandsgemeinde eine qualitative und quantitative Feldstudie mit Expert*inneninterviews, Interviews mit Betroffenen, Stakeholderworkshops, Gruppendiskussionen sowie eine quantitative Bev\u00f6lkerungsbefragung durchgef\u00fchrt. Das besondere Interesse lag darin, die Bed\u00fcrfnisse und Selbsthilfekapazit\u00e4ten in der Bev\u00f6lkerung w\u00e4hrend und nach dem Hochwasser zu erfassen, um diese in zuk\u00fcnftigen \u00e4hnlichen Lagen (wie sie sich bspw. 2021 im Ahrtal gezeigt haben) durch entsprechende Hilfsangebote besser bew\u00e4ltigen zu k\u00f6nnen. <a href=\"#publikationen\" data-type=\"internal\" data-id=\"#publikationen\">Die Ergebnisse dieser Forschungen<\/a> wurden u. a. in einer Ausstellung in Genthin, Sch\u00f6nhausen und Burg in der Region der \u00d6ffentlichkeit pr\u00e4sentiert.&nbsp;&nbsp;<\/p>\n\n\n\n<h3 class=\"wp-block-heading\"><strong>R\u00fcckblick<\/strong>&nbsp;<\/h3>\n\n\n\n<p>Katastrophen sind keine abgeschlossenen Ereignisse in der Zeit, sie haben nicht nur eine Vor- und Nachgeschichte, sondern auch vielf\u00e4ltige Gegenwarten. Diese Ungleichzeitigkeit des Gleichzeitigen in der Katastrophe zu zeigen, ist ein wesentlicher Ansatz der sozialwissenschaftlichen Katastrophenforschung und damit auch der KFS.&nbsp;&nbsp;&nbsp;<\/p>\n\n\n\n<p>Als wir 2015 mit den Arbeiten in der Gemeinde Elbe-Havel-Land begannen, ahnten wir nicht im Entferntesten, welche Dimensionen diese Arbeit annehmen w\u00fcrde. Relativ schnell jedoch \u2013 bereits nach den ersten Gespr\u00e4chen mit Expert*innen, die zumeist auch selbst Betroffene waren \u2013 wurde deutlich, dass die Menschen in dieser Region doch sehr viel st\u00e4rker noch von den Ereignissen von 2013 betroffen waren als es von au\u00dfen zun\u00e4chst erschien: Wir luden zu einem Workshop ein und rechneten mit 7-10 Personen, am Ende nahmen 25 Menschen teil und wir mussten unser m\u00fchsam erarbeitetes Workshop-Konzept \u00fcber den Haufen werden. Das Bed\u00fcrfnis sich mitzuteilen, nach Erkl\u00e4rungen und Sinnstiftung zu suchen, war \u00fcberw\u00e4ltigend.&nbsp;<\/p>\n\n\n\n<figure class=\"wp-block-image size-large\"><img loading=\"lazy\" decoding=\"async\" width=\"1024\" height=\"768\" src=\"https:\/\/blogs.fu-berlin.de\/disasterresearchblog\/files\/2023\/06\/image-14-1024x768.jpeg\" alt=\"\" class=\"wp-image-256\" srcset=\"https:\/\/blogs.fu-berlin.de\/disasterresearchblog\/files\/2023\/06\/image-14-1024x768.jpeg 1024w, https:\/\/blogs.fu-berlin.de\/disasterresearchblog\/files\/2023\/06\/image-14-300x225.jpeg 300w, https:\/\/blogs.fu-berlin.de\/disasterresearchblog\/files\/2023\/06\/image-14-768x576.jpeg 768w, https:\/\/blogs.fu-berlin.de\/disasterresearchblog\/files\/2023\/06\/image-14-1200x900.jpeg 1200w, https:\/\/blogs.fu-berlin.de\/disasterresearchblog\/files\/2023\/06\/image-14.jpeg 1386w\" sizes=\"auto, (max-width: 709px) 85vw, (max-width: 909px) 67vw, (max-width: 1362px) 62vw, 840px\" \/><figcaption>Workshop in Sch\u00f6nhausen (Foto: Daniel F. Lorenz)&nbsp;<\/figcaption><\/figure>\n\n\n\n<p>In den nachfolgenden Gespr\u00e4chen und Interviews, die wir f\u00fchrten, waren vielf\u00e4ltige Themen wie z. B. der Kampf um den Deich, die Evakuierung, das \u00dcberleben und Helfen oder auch R\u00fcckkehr und Wiederaufbau pr\u00e4sent. Am eindr\u00fccklichsten waren die Schilderungen der \u201eRobinsonade\u201c, also der Zeit, in der das Wasser zum Teil bis zu 14 Tage stand, war die Region doch wie eine Badewanne vollgelaufen. In einem Interview wird dies wie folgt beschrieben:&nbsp;&nbsp;<\/p>\n\n\n\n<pre class=\"wp-block-verse\">\u201eEs war alles voller Autos und Bundeswehr, Sirenengeheul \u00fcberall, alles war dunkel und in Hektik, ich hab gedacht, der Krieg bricht aus. Es kam ein Nachbar und rief: ,Wir m\u00fcssen uns im Wald verstecken, wir werden zwangsevakuiert!\u00b4 Und als die Leute dann weg waren, da war es dann so sch\u00f6n ruhig. Wie Robinson allein auf der Insel. Es sind ja so 200-300 Menschen hiergeblieben, viele Landwirte, die ihre Tiere versorgen mussten. Es gab dann einen Shuttleservice durch einen ortsans\u00e4ssigen Elbfischer, der die Inselgebiete mit dem Festland verbunden hat. Es war sch\u00f6nes Wetter und wir haben den Grill angemacht und haben unsere Tiefk\u00fchltruhen gepl\u00fcndert, da gab es dann G\u00e4nsebraten und Lachs aus Norwegen. Man besinnt sich wieder auf die simplen, primitiven Dinge, also so`n Ossi wusste sich immer zu helfen. Es war eine schrecklich sch\u00f6ne Zeit, schrecklich eben, weil man wu\u00dfte, wenn das Wasser weg ist, wird es noch schrecklicher, aber einfach mal einen Ruhepunkt zu haben in der hektischen Gesellschaft\u2026\u201c&nbsp;<\/pre>\n\n\n\n<p>Im Juni 2016 erhoben wir zusammen mit Studierenden Daten, indem wir mit einem Fragebogen von Haust\u00fcr zu Haust\u00fcr gingen. Da in der lokalen Zeitung Volksstimme \u00fcber unseren Aufenthalt in der Region ausf\u00fchrlich berichtet wurde, wurden wir an manchen T\u00fcren schon sehns\u00fcchtig erwartet: \u201eIch hab so gehofft, dass sie kommen!\u201c&nbsp;&nbsp;<\/p>\n\n\n\n<figure class=\"wp-block-image size-large\"><img loading=\"lazy\" decoding=\"async\" width=\"1024\" height=\"683\" src=\"https:\/\/blogs.fu-berlin.de\/disasterresearchblog\/files\/2023\/06\/image-10-1024x683.jpeg\" alt=\"\" class=\"wp-image-252\" srcset=\"https:\/\/blogs.fu-berlin.de\/disasterresearchblog\/files\/2023\/06\/image-10-1024x683.jpeg 1024w, https:\/\/blogs.fu-berlin.de\/disasterresearchblog\/files\/2023\/06\/image-10-300x200.jpeg 300w, https:\/\/blogs.fu-berlin.de\/disasterresearchblog\/files\/2023\/06\/image-10-768x512.jpeg 768w, https:\/\/blogs.fu-berlin.de\/disasterresearchblog\/files\/2023\/06\/image-10-1200x801.jpeg 1200w, https:\/\/blogs.fu-berlin.de\/disasterresearchblog\/files\/2023\/06\/image-10.jpeg 1385w\" sizes=\"auto, (max-width: 709px) 85vw, (max-width: 909px) 67vw, (max-width: 1362px) 62vw, 840px\" \/><\/figure>\n\n\n\n<figure class=\"wp-block-image size-large\"><img loading=\"lazy\" decoding=\"async\" width=\"1024\" height=\"683\" src=\"https:\/\/blogs.fu-berlin.de\/disasterresearchblog\/files\/2023\/06\/image-13-1024x683.jpeg\" alt=\"\" class=\"wp-image-255\" srcset=\"https:\/\/blogs.fu-berlin.de\/disasterresearchblog\/files\/2023\/06\/image-13-1024x683.jpeg 1024w, https:\/\/blogs.fu-berlin.de\/disasterresearchblog\/files\/2023\/06\/image-13-300x200.jpeg 300w, https:\/\/blogs.fu-berlin.de\/disasterresearchblog\/files\/2023\/06\/image-13-768x512.jpeg 768w, https:\/\/blogs.fu-berlin.de\/disasterresearchblog\/files\/2023\/06\/image-13-1200x801.jpeg 1200w, https:\/\/blogs.fu-berlin.de\/disasterresearchblog\/files\/2023\/06\/image-13.jpeg 1385w\" sizes=\"auto, (max-width: 709px) 85vw, (max-width: 909px) 67vw, (max-width: 1362px) 62vw, 840px\" \/><figcaption>Feldforschung mit Studierenden (Foto: Daniel F. Lorenz)&nbsp;<\/figcaption><\/figure>\n\n\n\n<p>An anderen T\u00fcren wurden wir abgewiesen \u2013 mit der Begr\u00fcndung, man sei noch nicht in der Lage, \u00fcber das Erfahrene zu sprechen \u2013 oder m\u00f6chte das Thema auch endlich abschlie\u00dfen. Hatten wir schon in Indien, Japan, Thailand, Sri Lanka und Indonesien zu Hochwassern, Sturzfluten und Tsunamis mit mehreren 10 000 Toten geforscht, \u00fcberraschte uns das uns gegen\u00fcber kommunizierte Leid und die andauernde Betroffenheit vieler Menschen in der Region doch sehr \u2013 und das so nah an Berlin.&nbsp;&nbsp;<\/p>\n\n\n\n<p>Wir h\u00f6rten aber auch viele Geschichten \u00fcber gro\u00dfe Hilfsbereitschaft, positive Lernerfahrungen und dem Zusammenwachsen von Menschen zu echten Notgemeinschaften in dieser sehr schwierigen Situation. Wir lernten, dass \u201eKatastrophe\u201c etwas h\u00f6chst Subjektives ist: War es f\u00fcr den einen der Abbau des alten Katastrophenschutzes durch das Ende der DDR, war es f\u00fcr einen anderen die nicht enden wollende Auseinandersetzung mit den Versicherungen, die nicht zu zahlen bereit waren. Wir lernten in den vergangenen Jahren aber auch, dass das \u201eLernen\u201c aus Vergangenem f\u00fcr Zuk\u00fcnftiges nicht immer so einfach ist, wie es sich so leicht daher sagen l\u00e4sst. Wer, wann, wie und was aus diesem Ereignis gelernt hat, auch das ist h\u00f6chst individuell. Wir haben zum Abschluss des Projekts schlie\u00dflich eine Ausstellung <a href=\"https:\/\/refubium.fu-berlin.de\/bitstream\/handle\/fub188\/23131\/181204_Working_Paper_Ausstellung.pdf?sequence=2&amp;isAllowed=y\" target=\"_blank\" rel=\"noreferrer noopener\">&#8220;Was(ser) bleibt? Lokale und wissenschaftliche Perspektiven auf die Flut im Elbe-Havel-Land&#8221;<\/a> konzipiert, die zum <a href=\"https:\/\/www.geo.fu-berlin.de\/geog\/fachrichtungen\/anthrogeog\/katastrophenforschung\/aktuelles\/news\/20180609_Austellung_Was_ser__bleibt_.html\" target=\"_blank\" rel=\"noreferrer noopener\">5. Jahrestag des Deichbruchs<\/a> im Kreismuseum in Genthin er\u00f6ffnet wurde und anschlie\u00dfend im Bismarckmuseum in Sch\u00f6nhausen und in der Kreisvolkshochschule in Burg gezeigt wurde.&nbsp;&nbsp;<\/p>\n\n\n\n<figure class=\"wp-block-image size-large\"><img loading=\"lazy\" decoding=\"async\" width=\"1024\" height=\"683\" src=\"https:\/\/blogs.fu-berlin.de\/disasterresearchblog\/files\/2023\/06\/image-15-1024x683.jpeg\" alt=\"\" class=\"wp-image-257\" srcset=\"https:\/\/blogs.fu-berlin.de\/disasterresearchblog\/files\/2023\/06\/image-15-1024x683.jpeg 1024w, https:\/\/blogs.fu-berlin.de\/disasterresearchblog\/files\/2023\/06\/image-15-300x200.jpeg 300w, https:\/\/blogs.fu-berlin.de\/disasterresearchblog\/files\/2023\/06\/image-15-768x512.jpeg 768w, https:\/\/blogs.fu-berlin.de\/disasterresearchblog\/files\/2023\/06\/image-15-1200x801.jpeg 1200w, https:\/\/blogs.fu-berlin.de\/disasterresearchblog\/files\/2023\/06\/image-15.jpeg 1385w\" sizes=\"auto, (max-width: 709px) 85vw, (max-width: 909px) 67vw, (max-width: 1362px) 62vw, 840px\" \/><\/figure>\n\n\n\n<figure class=\"wp-block-image size-large\"><img loading=\"lazy\" decoding=\"async\" width=\"1024\" height=\"684\" src=\"https:\/\/blogs.fu-berlin.de\/disasterresearchblog\/files\/2023\/06\/image-18-1024x684.jpeg\" alt=\"\" class=\"wp-image-260\" srcset=\"https:\/\/blogs.fu-berlin.de\/disasterresearchblog\/files\/2023\/06\/image-18-1024x684.jpeg 1024w, https:\/\/blogs.fu-berlin.de\/disasterresearchblog\/files\/2023\/06\/image-18-300x200.jpeg 300w, https:\/\/blogs.fu-berlin.de\/disasterresearchblog\/files\/2023\/06\/image-18-768x513.jpeg 768w, https:\/\/blogs.fu-berlin.de\/disasterresearchblog\/files\/2023\/06\/image-18-1200x801.jpeg 1200w, https:\/\/blogs.fu-berlin.de\/disasterresearchblog\/files\/2023\/06\/image-18.jpeg 1385w\" sizes=\"auto, (max-width: 709px) 85vw, (max-width: 909px) 67vw, (max-width: 1362px) 62vw, 840px\" \/><figcaption>Ausstellung in Sch\u00f6nhausen 2018 (Foto: Daniel F. Lorenz)&nbsp;<\/figcaption><\/figure>\n\n\n\n<h3 class=\"wp-block-heading\"><strong>Parallelit\u00e4ten und Besonderheiten<\/strong>&nbsp;<\/h3>\n\n\n\n<p>Nat\u00fcrlich lassen sich verschiedene Katastrophen nur sehr bedingt vergleichen, dennoch lohnt dieses Unterfangen oft, um den Blick zu weiten und \u00c4hnlichkeiten sowie Muster, aber auch Unterschiede in den sozialen Verhaltensweisen und Reaktionen angesichts des Ereignisses zu erkennen.&nbsp;<\/p>\n\n\n\n<p>Im Juli 2021 kam es in Nordrhein-Westfalen und Rheinland-Pfalz zu extremen Starkregenereignissen mit anschlie\u00dfendem Hochwasser, 189 Menschen starben, die Sch\u00e4den gehen in die Milliarden. Zwar war die Dynamik der Ereignisse grunds\u00e4tzlich sehr unterschiedlich \u2013 die Vorwarnzeiten des Elbehochwassers 2013 deutlich l\u00e4nger als in den Starkregenereignissen 2021 \u2013 die sozialen Prozesse unterscheiden sich jedoch nicht allzu sehr \u2013 wie auch unsere eigenen Forschungen im Rahmen des <a href=\"https:\/\/www.geo.fu-berlin.de\/geog\/fachrichtungen\/anthrogeog\/katastrophenforschung\/forschung-lehre\/forschung\/forschungsprojekte\/HoWas2021\/index.html\" target=\"_blank\" rel=\"noreferrer noopener\">HoWas21-Projektes<\/a> zu den Ereignissen 2021 zeigen \u2013 haben wir es doch f\u00fcr das Elbe-Havel-Land durch den Deichbruch letztlich auch mit einer sich rapide beschleunigenden Lage zu tun, die vor dem Deichbruch zwar eine abstrakte M\u00f6glichkeit darstellte, aber dennoch f\u00fcr viele sehr pl\u00f6tzlich kam.&nbsp;&nbsp;<\/p>\n\n\n\n<p>W\u00e4hrend die Katastrophe an der Ahr aufgrund ihrer besonderen Dynamik, aber auch aufgrund der mittlerweile verbreiteten Warnapps, verschiedene Fragen mit Blick auf das <a href=\"https:\/\/blogs.fu-berlin.de\/disasterresearchblog\/archive\/128\" target=\"_blank\" rel=\"noreferrer noopener\">Warnsystem sowie die Zust\u00e4ndigkeiten im Warnprozess<\/a> evozierte, spielten Warnungen 2013 eine vergleichsweise geringere Rolle.&nbsp;<\/p>\n\n\n\n<p>Vieles vereint die beiden Ereignisse jedoch: Der sch\u00fctzende Deich in Fischbeck, der trotz verzweifeltem Bem\u00fchen nicht gehalten werden konnte; die Sands\u00e4cke, Schutzvorkehrungen, Pegelmessstellen, die die Wassermassen der Ahr und den Nebenfl\u00fcssen nicht eind\u00e4mmen konnten. W\u00e4hrend einige Orte schon unter Wasser standen, waren andere Orte zur gleichen Zeit noch mit letzten Vorbereitungsma\u00dfnahmen f\u00fcr die herannahende Flut besch\u00e4ftigt, konnten nichts Anderes mehr tun als zu Warten \u2013 oder mussten die Nacht auf den D\u00e4chern auszuharren.&nbsp;&nbsp;<\/p>\n\n\n\n<p>Mit den vorbereitenden Ma\u00dfnahmen und Warnungen verkn\u00fcpfte sich sowohl 2013 als auch 2021 f\u00fcr Viele die Frage, ob man Bleiben oder besser evakuieren solle. Diejenigen, die blieben, (\u00fcber-)lebten \u2013 auch wenn 2021 eine hohe Zahl an Todesf\u00e4llen zu beklagen sind \u2013 in der gro\u00dffl\u00e4chig \u00fcberfluteten Gegend als \u201aInselbewohner*innen\u2018 und entwickelten lokale Prozesse und Strukturen, die ihnen erm\u00f6glichten, die Lage aus eigenen Ressourcen heraus zu bew\u00e4ltigen, bis Hilfe von au\u00dfen eintraf \u2013 oder sogar dar\u00fcber hinaus.&nbsp;&nbsp;&nbsp;&nbsp;<\/p>\n\n\n\n<p>Auch die \u00fcber Wochen andauernde Hilfsbereitschaft Unz\u00e4hliger, zu helfen, unterscheidet sich nicht zwischen den Ereignissen \u2013 sei es bei der Evakuierung in der Notunterkunft oder bei den im Katastrophengebiet verbliebenen Menschen, beim Bef\u00fcllen von Sands\u00e4cken, bei der Beseitigung von Sch\u00e4den oder in Form von Spenden.&nbsp;&nbsp;<\/p>\n\n\n\n<figure class=\"wp-block-image size-large\"><img loading=\"lazy\" decoding=\"async\" width=\"1024\" height=\"679\" src=\"https:\/\/blogs.fu-berlin.de\/disasterresearchblog\/files\/2023\/06\/image-12-1024x679.jpeg\" alt=\"\" class=\"wp-image-254\" srcset=\"https:\/\/blogs.fu-berlin.de\/disasterresearchblog\/files\/2023\/06\/image-12-1024x679.jpeg 1024w, https:\/\/blogs.fu-berlin.de\/disasterresearchblog\/files\/2023\/06\/image-12-300x199.jpeg 300w, https:\/\/blogs.fu-berlin.de\/disasterresearchblog\/files\/2023\/06\/image-12-768x509.jpeg 768w, https:\/\/blogs.fu-berlin.de\/disasterresearchblog\/files\/2023\/06\/image-12-1200x796.jpeg 1200w, https:\/\/blogs.fu-berlin.de\/disasterresearchblog\/files\/2023\/06\/image-12.jpeg 1387w\" sizes=\"auto, (max-width: 709px) 85vw, (max-width: 909px) 67vw, (max-width: 1362px) 62vw, 840px\" \/><figcaption>Helfer*innen (Zur Verf\u00fcgung gestellt von der Gemeinde Sch\u00f6nhausen)&nbsp;<\/figcaption><\/figure>\n\n\n\n<p>Alle Katastrophen evozieren f\u00fcr Betroffene grundlegende Fragen nach der Verursachung, nach Schuld und mitunter \u201eS\u00fcndenb\u00f6cken\u201c (<a rel=\"noreferrer noopener\" href=\"https:\/\/link.springer.com\/article\/10.1007\/BF03180832\" target=\"_blank\">Drabek &amp; Quarantelli 1967<\/a>) \u2013 h\u00e4ufig auch jenseits rationaler, naturwissenschaftlicher Kausalit\u00e4ten (<a rel=\"noreferrer noopener\" href=\"https:\/\/www.google.com\/url?sa=t&amp;rct=j&amp;q=&amp;esrc=s&amp;source=web&amp;cd=&amp;ved=2ahUKEwiynNedv77_AhUBS_EDHTSeBtcQFnoECAcQAQ&amp;url=https%3A%2F%2Fwww.ssoar.info%2Fssoar%2Fbitstream%2Fhandle%2Fdocument%2F18364%2Fssoar-2008-clausen-entsetzliche_soziale_prozesse.pdf%3Fsequence%3D1%26isAllowed%3Dy%26lnkname%3Dssoar-2008-clausen-entsetzliche_soziale_prozesse.pdf&amp;usg=AOvVaw1QdQkSRzRTFf1emHt1r8ra\" target=\"_blank\">Clausen 2003<\/a>). Standen im Elbe-Havel-Land meist staatliche Stellen im Fokus der Schuldzuweisungen, sind es f\u00fcr die Bew\u00e4ltigung der Hochwasserlage 2021 neben den staatlichen Stellen auf Landkreis- und\/oder Landesebene auch die Kr\u00e4fte des Katastrophenschutzes, denen <a rel=\"noreferrer noopener\" href=\"https:\/\/blogs.fu-berlin.de\/disasterresearchblog\/archive\/91\" target=\"_blank\">F\u00fchrungs- und Kommunikationsdefizite<\/a> vorgeworfen werden. W\u00e4hrend die Ereignisse von 2021 durch Untersuchungs- und Enquetekommissionen, aber auch juristische Verfahren noch immer aufgearbeitet werden, zog die Katastrophe 2013 aufgrund klarerer Verursachungs- und Bew\u00e4ltigungsverh\u00e4ltnisse keine entsprechenden Verfahren nach sich. Dennoch \u2013 oder gerade deshalb ? \u2013 bleibt f\u00fcr einige Betroffene das <a rel=\"noreferrer noopener\" href=\"https:\/\/www.volksstimme.de\/lokal\/stendal\/elbe-hochwasser-2013-deichbruch-von-fischbeck-fuehrt-zu-jahrhundertflut-3624964?reduced=true\" target=\"_blank\">Bed\u00fcrfnis einer intensiveren Aufarbeitung und die Frage nach Schuldigkeit<\/a>.&nbsp;<\/p>\n\n\n\n<p>Der Aufbau im Elbe-Havel-Land wird wohl im Jahr 10 nach der Katastrophe offiziell abgeschlossen werden k\u00f6nnen, im 2021 stark betroffenen Ahrtal hat er gerade erst begonnen. Die eigenen Forschungen zu Fischbeck zeigen, dass der anschlie\u00dfende jahrelange Wiederaufbau zwar viele materielle Sch\u00e4den beseitigen konnte, die vielf\u00e4ltigen psychologischen und immateriellen langfristigen Sch\u00e4den jedoch auch st\u00e4rker hervortreten lie\u00df.&nbsp;&nbsp;<\/p>\n\n\n\n<p>Beschrieben wurden die sozialen Folgen in Fischbeck in einem Interview 2016 wie folgt:&nbsp;&nbsp;<\/p>\n\n\n\n<pre class=\"wp-block-verse\">\u201eKlar, man wird nirgendwo so neue und so sch\u00f6n renovierte H\u00e4user finden, wie in den \u00fcberfluteten Stra\u00dfenz\u00fcgen. Wenn man die Leute fragt, die jetzt in diesen renovierten H\u00e4usern wohnen, dann stellt sich oft heraus, dass die das auch nicht wieder gl\u00fccklich gemacht hat, sondern dass es so ein Empfinden gibt, wie ,wir hatten doch alles und das war unser eigenes und jetzt haben wir hier lauter geschenktes Zeug\u00b4. Und so macht der neue Zustand der H\u00e4user die Menschen nicht so gl\u00fccklich, wie man vermuten m\u00f6chte. Aber da kam dann eben auch eine Menge Neid und Missgunst auf: ,Ich hab zu wenig abbekommen. Warum hat der das alles gekriegt?`Da lagen die Nerven offensichtlich blank. Da sind einige zwischenmenschlichen Beziehungen dran kaputt gegangen\u201c.&nbsp;&nbsp;<\/pre>\n\n\n\n<p>So gaben auch in der drei Jahre nach den Ereignissen in Fischbeck durchgef\u00fchrten quantitativen Befragung eine Mehrheit an, dass sie die psychischen Auswirkungen als gravierender einsch\u00e4tzten als die materiellen Sch\u00e4den.&nbsp;&nbsp;&nbsp;<\/p>\n\n\n\n<figure class=\"wp-block-image size-full\"><img loading=\"lazy\" decoding=\"async\" width=\"606\" height=\"266\" src=\"https:\/\/blogs.fu-berlin.de\/disasterresearchblog\/files\/2023\/06\/image-4.png\" alt=\"\" class=\"wp-image-263\" srcset=\"https:\/\/blogs.fu-berlin.de\/disasterresearchblog\/files\/2023\/06\/image-4.png 606w, https:\/\/blogs.fu-berlin.de\/disasterresearchblog\/files\/2023\/06\/image-4-300x132.png 300w\" sizes=\"auto, (max-width: 709px) 85vw, (max-width: 909px) 67vw, (max-width: 984px) 61vw, (max-width: 1362px) 45vw, 600px\" \/><figcaption>(Quelle: <a rel=\"noreferrer noopener\" href=\"https:\/\/refubium.fu-berlin.de\/bitstream\/handle\/fub188\/21893\/KFS_Working_Paper_Nr_04_Reiterx_Wenzelx_Dittmerx_Lorenzx_Voss.pdf?sequence=1&amp;isAllowed=y\" target=\"_blank\">Reiter et al. 2017<\/a>)&nbsp;<\/figcaption><\/figure>\n\n\n\n<p>Es zeigt sich durchaus, dass viele Menschen auch drei Jahre nach dem Hochwasser noch Unterst\u00fctzungsbedarfe in sehr unterschiedlichen Bereichen hatten, insbesondere im finanziellen Bereich, aber auch bez\u00fcglich Information\/Beratung oder auch psychologische und\/oder gesundheitliche Unterst\u00fctzung.&nbsp;&nbsp;<\/p>\n\n\n\n<figure class=\"wp-block-image size-full\"><img loading=\"lazy\" decoding=\"async\" width=\"606\" height=\"288\" src=\"https:\/\/blogs.fu-berlin.de\/disasterresearchblog\/files\/2023\/06\/image-3.png\" alt=\"\" class=\"wp-image-262\" srcset=\"https:\/\/blogs.fu-berlin.de\/disasterresearchblog\/files\/2023\/06\/image-3.png 606w, https:\/\/blogs.fu-berlin.de\/disasterresearchblog\/files\/2023\/06\/image-3-300x143.png 300w\" sizes=\"auto, (max-width: 709px) 85vw, (max-width: 909px) 67vw, (max-width: 984px) 61vw, (max-width: 1362px) 45vw, 600px\" \/><figcaption>(Quelle: <a rel=\"noreferrer noopener\" href=\"https:\/\/refubium.fu-berlin.de\/bitstream\/handle\/fub188\/21893\/KFS_Working_Paper_Nr_04_Reiterx_Wenzelx_Dittmerx_Lorenzx_Voss.pdf?sequence=1&amp;isAllowed=y\" target=\"_blank\">Reiter et al. 2017<\/a>)&nbsp;<\/figcaption><\/figure>\n\n\n\n<p>Wenn auch viele der Betroffenen relativ schnell wieder in ihren Alltag zur\u00fcckgefunden haben, sollten die sozialen Verschiebungen und Vulnerabilit\u00e4ten, die ein derartiges Ereignis f\u00fcr eine Gemeinschaft bedeutet, nicht untersch\u00e4tzt werden.&nbsp;<\/p>\n\n\n\n<h3 class=\"wp-block-heading\"><strong>Ausblick&nbsp;<\/strong>&nbsp;<\/h3>\n\n\n\n<p>Auf der Gedenkveranstaltung zum 10. Jahrestag in Fischbeck betonten die politischen Vertreter*innen, u. a. <a href=\"https:\/\/mwu.sachsen-anhalt.de\/artikel-detail\/haseloff-und-willingmann-erinnern-an-den-deichbruch-in-fischbeck-und-sprechen-ueber-hochwasserschutz-in-sachsen-anhalt\" target=\"_blank\" rel=\"noreferrer noopener\">Ministerpr\u00e4sident Reiner Haselhoff und Umweltminister Armin Willingmann sowie Vertreter*innen des Landesbetriebs f\u00fcr Hochwasserschutz und Wasserwirtschaft (LHW)<\/a>, deutlich die Erfolge, die im Deichbau sowie technischen Hochwasserschutz in den letzten 10 Jahren erzielt wurden und in den n\u00e4chsten Jahren noch umgesetzt werden.&nbsp;&nbsp;<\/p>\n\n\n\n<p>Die bereits kurz nach den Ereignissen 2013 begonnenen Bauma\u00dfnahmen zur Deichverlegung wurden denn auch von den Betroffenen in der Bev\u00f6lkerungsbefragung 2016 sehr positiv bewertet und das Vertrauen in diese staatlichen Ma\u00dfnahmen als deutlich verbessert wahrgenommen. Zwar benannten die Befragten ein deutlich erh\u00f6htes Bewusstsein f\u00fcr eine Hochwassergefahr \u2013 was drei Jahre nach einem derart einschneidenden Ereignis kaum verwunderlich ist \u2013 eine vergleichbare Steigerung eigener Schutzma\u00dfnahmen ist jedoch nicht erkennbar. Man vertraut offensichtlich \u2013 dem sogenannten Deichparadox entsprechend \u2013 den technischen Hochwasserschutzma\u00dfnahmen, die die Wiederholung eines derartigen Ereignisses als sehr unwahrscheinlich erscheinen lassen.&nbsp;&nbsp;<\/p>\n\n\n\n<figure class=\"wp-block-image size-full\"><img loading=\"lazy\" decoding=\"async\" width=\"606\" height=\"296\" src=\"https:\/\/blogs.fu-berlin.de\/disasterresearchblog\/files\/2023\/06\/image-5.png\" alt=\"\" class=\"wp-image-264\" srcset=\"https:\/\/blogs.fu-berlin.de\/disasterresearchblog\/files\/2023\/06\/image-5.png 606w, https:\/\/blogs.fu-berlin.de\/disasterresearchblog\/files\/2023\/06\/image-5-300x147.png 300w\" sizes=\"auto, (max-width: 709px) 85vw, (max-width: 909px) 67vw, (max-width: 984px) 61vw, (max-width: 1362px) 45vw, 600px\" \/><figcaption>(Quelle: <a rel=\"noreferrer noopener\" href=\"https:\/\/refubium.fu-berlin.de\/bitstream\/handle\/fub188\/21893\/KFS_Working_Paper_Nr_04_Reiterx_Wenzelx_Dittmerx_Lorenzx_Voss.pdf?sequence=1&amp;isAllowed=y\" target=\"_blank\">Reiter et al. 2017<\/a>)&nbsp;<\/figcaption><\/figure>\n\n\n\n<p>Auch der 2019 errichtete Gedenkort an der Deichbruchstelle in Fischbeck fokussiert bauliche Ma\u00dfnahmen und den Deich \u2013 an die vielen Betroffenheiten, die <a rel=\"noreferrer noopener\" href=\"https:\/\/www.researchgate.net\/publication\/330116829_Drei_Jahre_nach_dem_Deichbruch_-_Uber_die_Gegenwart_einer_nicht_abgeschlossenen_Katastrophe#fullTextFileContent\" target=\"_blank\">\u201eschrecklich-sch\u00f6ne Zeit\u201c<\/a> , in der man von der Au\u00dfenwelt abgeschlossen war, die vielen Helfenden und Sch\u00e4den wurde zwar in der Gedenkveranstaltung am 10. Juni 2023 durch einen von den betroffenen B\u00fcrger*innen selbst erstellten Audiozusammenschnitt erinnert, an der Gedenkst\u00e4tte \u201eFischbecker Deichbruch\u201c ist davon jedoch nichts zu lesen.&nbsp;&nbsp;<\/p>\n\n\n\n<figure class=\"wp-block-image size-large\"><img loading=\"lazy\" decoding=\"async\" width=\"1024\" height=\"768\" src=\"https:\/\/blogs.fu-berlin.de\/disasterresearchblog\/files\/2023\/06\/image-19-1024x768.jpeg\" alt=\"\" class=\"wp-image-265\" srcset=\"https:\/\/blogs.fu-berlin.de\/disasterresearchblog\/files\/2023\/06\/image-19-1024x768.jpeg 1024w, https:\/\/blogs.fu-berlin.de\/disasterresearchblog\/files\/2023\/06\/image-19-300x225.jpeg 300w, https:\/\/blogs.fu-berlin.de\/disasterresearchblog\/files\/2023\/06\/image-19-768x576.jpeg 768w, https:\/\/blogs.fu-berlin.de\/disasterresearchblog\/files\/2023\/06\/image-19-1536x1152.jpeg 1536w, https:\/\/blogs.fu-berlin.de\/disasterresearchblog\/files\/2023\/06\/image-19-1200x900.jpeg 1200w, https:\/\/blogs.fu-berlin.de\/disasterresearchblog\/files\/2023\/06\/image-19.jpeg 1600w\" sizes=\"auto, (max-width: 709px) 85vw, (max-width: 909px) 67vw, (max-width: 1362px) 62vw, 840px\" \/><figcaption>Gedenkort in Fischbeck 2023 (Foto: Daniel F. Lorenz)&nbsp;<\/figcaption><\/figure>\n\n\n\n<p>Auch wir konnten unsere Forschungsergebnisse an diesem 10. Jahrestag nochmals mit einigen Vertreter*innen der Gemeinden und B\u00fcrger*innen vor Ort diskutieren. Es zeigte sich weiterhin ein sehr gro\u00dfes Interesse an unserer Arbeit und den Ergebnissen und zugleich auch \u2013 wie auch wir dies als Katastrophenforscher*innen empfanden \u2013 eine gewisse Skepsis, ob der Glaube an die Technik und der Fokus auf staatliche Hochwasserschutzma\u00dfnahmen allein wirklich angemessen sind zur Verhinderung oder Bew\u00e4ltigung von zuk\u00fcnftigen Extremereignissen, deren Ausma\u00df bedingt bspw. durch den Klimawandel erwartbar zunehmen wird. Der Deich in Fischbeck ist nun f\u00fcr ein Hochwasser ausgelegt, dass das 2013er Hochwasser um einen Meter \u00fcbersteigt. Auch die Gefahrenabwehrplanungen und Hochwasserschutzma\u00dfnahmen waren im Ahrtal kontinuierlich ausgebaut worden, es gab 2016 und 2018 in der betroffenen Region bereits Jahrhunderthochwasser (mit deutlich weniger Sch\u00e4den), an die man die Ma\u00dfnahmen bereits angepasst hatte bzw. z. T. auch dar\u00fcber hinaus gegangen war, wie z. B. bei den <a rel=\"noreferrer noopener\" href=\"https:\/\/www.google.com\/url?sa=t&amp;rct=j&amp;q=&amp;esrc=s&amp;source=web&amp;cd=&amp;ved=2ahUKEwjexbKs9bv_AhXQSfEDHbiABuMQFnoECAwQAQ&amp;url=https%3A%2F%2Frefubium.fu-berlin.de%2Fbitstream%2Fhandle%2Ffub188%2F35555%2FEvakuierung_Krankenhaus_Eschweiler_2021.pdf&amp;usg=AOvVaw0rSoyLqSRcFGoHlyMdLjaf\" target=\"_blank\">Hochwasserschutzma\u00dfnahmen des Krankenhauses Eschweiler<\/a>. Obwohl man um die Gefahren wusste, \u00fcberw\u00e4ltigte die Intensit\u00e4t, das Ausma\u00df und die Dynamik der Starkregenlage 2021 sowohl die lokalen als auch die externen Akteure \u2013 und die getroffenen Ma\u00dfnahmen erwiesen sich als unzureichend.&nbsp;&nbsp;<\/p>\n\n\n\n<p>Die Solidarit\u00e4t mit den Betroffenen in NRW und RLP war bei der Gedenkveranstaltung in Fischbeck jedenfalls gro\u00df, so dass zu hoffen bleibt, dass die Erfahrungen aus Fischbeck beim Wiederaufbau nach anderen extremen Hochwasserereignisse helfen k\u00f6nnen.&nbsp;&nbsp;&nbsp;&nbsp;<\/p>\n\n\n\n<figure class=\"wp-block-image size-large\"><img loading=\"lazy\" decoding=\"async\" width=\"768\" height=\"1024\" src=\"https:\/\/blogs.fu-berlin.de\/disasterresearchblog\/files\/2023\/06\/image-6-768x1024.png\" alt=\"\" class=\"wp-image-266\" srcset=\"https:\/\/blogs.fu-berlin.de\/disasterresearchblog\/files\/2023\/06\/image-6-768x1024.png 768w, https:\/\/blogs.fu-berlin.de\/disasterresearchblog\/files\/2023\/06\/image-6-225x300.png 225w, https:\/\/blogs.fu-berlin.de\/disasterresearchblog\/files\/2023\/06\/image-6-1152x1536.png 1152w, https:\/\/blogs.fu-berlin.de\/disasterresearchblog\/files\/2023\/06\/image-6.png 1200w\" sizes=\"auto, (max-width: 709px) 85vw, (max-width: 909px) 67vw, (max-width: 984px) 61vw, (max-width: 1362px) 45vw, 600px\" \/><figcaption>Spendenbox f\u00fcr das Ahrtal bei der Gedenkveranstaltung zum 10. Jahrestag des Hochwassers im Elbe-Havel-Land (Foto: Cordula Dittmer)&nbsp;<\/figcaption><\/figure>\n\n\n\n<p><\/p>\n\n\n\n<h3 class=\"wp-block-heading\" id=\"publikationen\"><strong>KFS-Publikationen zur Hochwasserkatastrophe im Elbe-Havel-Land 2013:<\/strong>&nbsp;<\/h3>\n\n\n\n<p>Reiter, Jessica; Wenzel, Bettina; Dittmer, Cordula; Lorenz, Daniel F.; Voss, Martin (2017): <a href=\"https:\/\/refubium.fu-berlin.de\/bitstream\/handle\/fub188\/21893\/KFS_Working_Paper_Nr_04_Reiterx_Wenzelx_Dittmerx_Lorenzx_Voss.pdf?sequence=1&amp;isAllowed=y\" target=\"_blank\" rel=\"noreferrer noopener\">Das Hochwasser 2013 im Elbe-Havel-Land aus Sicht der Bev\u00f6lkerung. Forschungsbericht zur quantitativen Datenerhebung<\/a>. KFS Working Paper 04. Berlin: KFS. DOI: 10.17169\/FUDOCS_document_000000027713&nbsp;&nbsp;<\/p>\n\n\n\n<p>Reiter, Jessica; Wenzel, Bettina; Dittmer, Cordula; Lorenz, Daniel F.; Voss, Martin (2018): <a href=\"https:\/\/refubium.fu-berlin.de\/bitstream\/handle\/fub188\/21920\/Working_paper_Elbe_flood_English_final.pdf?sequence=1&amp;isAllowed=y\" target=\"_blank\" rel=\"noreferrer noopener\">The 2013 Flood in the Community of Elbe-Havel-Land in the Eyes of the Population. Research Report of the Quantitative Survey<\/a>. KFS Working Paper 08. Berlin: Katastrophenforschungsstelle. DOI: 10.17169\/FUDOCS_document_000000028852&nbsp;&nbsp;<\/p>\n\n\n\n<p>Schmersal, Elsa; Voss, Martin (2018): <a href=\"https:\/\/refubium.fu-berlin.de\/bitstream\/handle\/fub188\/21975\/KFS_WP11_Narrationen_Elbe-Havelland_Schmersal.pdf.\" target=\"_blank\" rel=\"noreferrer noopener\">Erkl\u00e4rung und Sinnstiftung nach dem Elbehochwas-ser 2013. Narrationen von Betroffenheit, Bew\u00e4ltigung und Verantwortlichkeit<\/a>. KFS Working Paper Nr. 11. Berlin: KFS. DOI: 10.17169\/FUDOCS_document_000000029621&nbsp;&nbsp;<\/p>\n\n\n\n<p>Dittmer, Cordula; Lorenz, Daniel F. (2018): <a href=\"https:\/\/refubium.fu-berlin.de\/bitstream\/handle\/fub188\/23131\/181204_Working_Paper_Ausstellung.pdf\" target=\"_blank\" rel=\"noreferrer noopener\">Ausstellungsdokumentation: Was(ser) bleibt? Lokale und wissenschaftliche Perspektiven auf die Flut 2013 im Elbe-Havel-Land<\/a>. KFS Working Paper Nr. 14. Berlin: KFS. DOI: 10.17169\/refubium-925&nbsp;&nbsp;<\/p>\n\n\n\n<p>Reiter, Jessica; Lorenz, Daniel F.; Dittmer, Cordula; Voss, Martin (2017): Vulnerabilit\u00e4t aus der Perspektive der sozialwissenschaftlichen Katastrophenforschung. In: Deutsches Rotes Kreuz e.V. (ed.): St\u00e4rkung von Resilienz durch den Betreuungsdienst \u2013 Teil 1. Wissenschaftliche Erkenntnisse zu Bedingungen f\u00fcr einen zukunftsf\u00e4higen Betreuungsdienst, <em>Schriftenreihe der Forschung<\/em> 4, S. 22-24.&nbsp;&nbsp;<\/p>\n\n\n\n<p>Dittmer, Cordula; Lorenz, Daniel F.; Reiter, Jessica; Wenzel, Bettina (2016): Drei Jahre nach dem Deichbruch \u2013 \u00dcber die Gegenwart einer nicht abgeschlossenen Katastrophe, <em>Notfallvorsorge<\/em> 4\/2016, S. 17-25.&nbsp;<\/p>\n\n\n\n<p>Kuhlicke, Christian; Seebauer, Sebastian; Hudson, Paul; Begg, Chloe; Bubeck, Philip; Dittmer, Cordula; Grothmann, Torsten; Heidenreich, Anna; Kreibich, Heidi; Lorenz, Daniel F.; Masson, Torsten; Reiter, Jessica; Thaler, Thomas; Thieken, Annegret H.; Bamberg, Sebastian (2020): <a href=\"https:\/\/wires.onlinelibrary.wiley.com\/doi\/full\/10.1002\/wat2.1418\" target=\"_blank\" rel=\"noreferrer noopener\">The Behavioral Turn in Flood Risk Management, its Assumptions and Potential Implications<\/a>. In: <em>WIREs Water<\/em> 7 (3).\u202fDOI: 10.1002\/wat2.1418&nbsp;<\/p>\n\n\n\n<p>Dittmer, Cordula; Lorenz, Daniel F.; Reiter, Jessica; Voss, Martin (2019): <a href=\"https:\/\/www.geo.fu-berlin.de\/geog\/fachrichtungen\/anthrogeog\/katastrophenforschung\/forschung-lehre\/forschung\/forschungsprojekte\/involve\/index.html\" target=\"_blank\" rel=\"noreferrer noopener\">Abschlussbericht \u201eVerringerung sozialer Vulnerabilit\u00e4t durch freiwilliges Engagement (INVOLVE)\u201c<\/a>. Berlin: KFS.&nbsp;<\/p>\n\n\n\n<p>Dittmer, Cordula; Lorenz, Daniel F. (2018): <a href=\"https:\/\/www.qualitative-research.net\/index.php\/fqs\/article\/view\/3116.\" target=\"_blank\" rel=\"noreferrer noopener\">Forschen im Kontext von Vulnerabilit\u00e4t und extremem Leid \u2013 Ethische Fragen der sozialwissenschaftlichen Katastrophenforschung<\/a>, in: <em>Forum Qualitative Sozialforschung<\/em> 19 (3).&nbsp;<\/p>\n\n\n\n<p>Wenzel, B.; Reiter, J.; Dittmer, C.; Lorenz, D.F.; Voss, M. (2016): The Harmonization of People&#8217;s Needs and Professional NGO Assistance. The Case of Flooding in Germany. In: Ghafory-Ashtiany, M.; Izadkhah, Y.O.; Parsizadeh, F. (Hg.): Proceedings of Extended Abstracts. 7th International Conference on Integrated Disaster Risk Management Disasters and Development: Towards a Risk Aware Society. Teheran, S. 171-172.&nbsp;<\/p>\n","protected":false},"excerpt":{"rendered":"<p>Von Cordula Dittmer und Daniel F. Lorenz June 13, 2023 http:\/\/dx.doi.org\/10.17169\/refubium-45261 Vor genau 10 Jahren, w\u00e4hrend des Elbehochwassers 2013, brach am 10. Juni ein Deich in Fischbeck und eine Vielzahl an Orten in der Verbandsgemeinde Elbe-Havel-Land, eine \u00fcberwiegend l\u00e4ndlich gepr\u00e4gte und d\u00fcnn besiedelte Region \u00f6stlich der Elbe im Landkreis Stendal in Sachsen-Anhalt, wurde \u00fcberflutet. Obwohl &hellip; <a href=\"https:\/\/blogs.fu-berlin.de\/disasterresearchblog\/archive\/226\" class=\"more-link\">Continue reading<span class=\"screen-reader-text\"> &#8220;10. Jahrestag des Deichbruchs in Fischbeck \u2013 R\u00fcckblick und Ausblick auf Forschungen der KFS zur Katastrophe&#8221;<\/span><\/a><\/p>\n","protected":false},"author":6977,"featured_media":0,"comment_status":"closed","ping_status":"open","sticky":false,"template":"","format":"standard","meta":{"footnotes":""},"categories":[9],"tags":[454273,452968,453229,2131,454274,454275,453814],"class_list":["post-226","post","type-post","status-publish","format-standard","hentry","category-allgemein","tag-bevolkerungsschutz","tag-cordula-dittmer","tag-daniel-f-lorenz","tag-deutsch","tag-elbehochwasser-2013","tag-hochwasser","tag-katastrophenschutz"],"_links":{"self":[{"href":"https:\/\/blogs.fu-berlin.de\/disasterresearchblog\/wp-json\/wp\/v2\/posts\/226","targetHints":{"allow":["GET"]}}],"collection":[{"href":"https:\/\/blogs.fu-berlin.de\/disasterresearchblog\/wp-json\/wp\/v2\/posts"}],"about":[{"href":"https:\/\/blogs.fu-berlin.de\/disasterresearchblog\/wp-json\/wp\/v2\/types\/post"}],"author":[{"embeddable":true,"href":"https:\/\/blogs.fu-berlin.de\/disasterresearchblog\/wp-json\/wp\/v2\/users\/6977"}],"replies":[{"embeddable":true,"href":"https:\/\/blogs.fu-berlin.de\/disasterresearchblog\/wp-json\/wp\/v2\/comments?post=226"}],"version-history":[{"count":17,"href":"https:\/\/blogs.fu-berlin.de\/disasterresearchblog\/wp-json\/wp\/v2\/posts\/226\/revisions"}],"predecessor-version":[{"id":568,"href":"https:\/\/blogs.fu-berlin.de\/disasterresearchblog\/wp-json\/wp\/v2\/posts\/226\/revisions\/568"}],"wp:attachment":[{"href":"https:\/\/blogs.fu-berlin.de\/disasterresearchblog\/wp-json\/wp\/v2\/media?parent=226"}],"wp:term":[{"taxonomy":"category","embeddable":true,"href":"https:\/\/blogs.fu-berlin.de\/disasterresearchblog\/wp-json\/wp\/v2\/categories?post=226"},{"taxonomy":"post_tag","embeddable":true,"href":"https:\/\/blogs.fu-berlin.de\/disasterresearchblog\/wp-json\/wp\/v2\/tags?post=226"}],"curies":[{"name":"wp","href":"https:\/\/api.w.org\/{rel}","templated":true}]}}