{"id":130,"date":"2008-12-18T12:20:44","date_gmt":"2008-12-18T10:20:44","guid":{"rendered":"https:\/\/blogs.fu-berlin.de\/e-learning\/?p=130"},"modified":"2008-12-18T12:21:26","modified_gmt":"2008-12-18T10:21:26","slug":"neue-runde-des-fu-lehrgangs-e-teaching-ab-februar-2009","status":"publish","type":"post","link":"https:\/\/blogs.fu-berlin.de\/e-learning\/?p=130","title":{"rendered":"Neue Runde des FU-Lehrgangs &#8222;E-Teaching&#8220; ab Februar 2009"},"content":{"rendered":"<p><img loading=\"lazy\" decoding=\"async\" src=\"https:\/\/www.e-learning.fu-berlin.de\/schulungen\/e-teaching\/media\/eTeachingLogo_gross.gif\" alt=\"\" width=\"196\" height=\"38\" align=\"right\" \/>Nachdem der Lehrgang &#8222;E-Teaching&#8220; in den vergangenen Semestern sehr erfolgreich durchgef\u00fchrt werden konnte, gehen die Kollegen\/innen von CeDiS nun in die vierte Runde und informieren wie folgt:<\/p>\n<blockquote><p><em>Rechtzeitig vor den Weihnachtsferien m\u00f6chten wir Sie auf das Qualifizierungsprogramm &#8222;E-Teaching&#8220; zum Einsatz von E-Learning in der Hochschulllehre hinweisen. Der n\u00e4chste Lehrgang beginnt am 16. Februar<br \/>\n2009 und wird nun schon zum vierten Mal von CeDiS, dem Kompetenzzentrum E-Learning an der Freien Universit\u00e4t, in Kooperation mit dem Weiterbildungszentrum f\u00fcr die Lehrenden der Freien Universit\u00e4t (und anderen Berliner Hochschulen) angeboten.<\/em><\/p>\n<p><em>Der Schwerpunkt des Lehrgangs liegt auf Schulungen, Workshops und betreuten Online-Phasen zu unterschiedlichen Werkzeugen des E-Learning, wie z.B. Blackboard, Wiki und Blog, und deren Einbindung in die Lehre.<br \/>\nIm Rahmen des Lehrgangs entwickeln die Teilnehmer\/innen ein Konzept f\u00fcr den Einsatz von E-Learning in einer eigenen Lehrveranstaltung, der \u00fcber die Bereitstellung und Verbreitung von Material und Information mit Blackboard hinausgeht.<\/em><\/p>\n<p><em>F\u00fcr Interessierte findet am Dienstag, den 20. Januar 2009, um 17 Uhr eine Informationsveranstaltung zum Lehrgang im Konferenz- und Schulungsraum von CeDiS statt. Wir freuen uns auf eine rege Teilnahme.<br \/>\nWeitere Informationen zu Programm und Anmeldung erhalten Sie unter <a href=\"https:\/\/www.e-learning.fu-berlin.de\/e-teaching\" target=\"_blank\">https:\/\/www.e-learning.fu-berlin.de\/e-teaching<\/a>.<\/em><\/p><\/blockquote>\n","protected":false},"excerpt":{"rendered":"<p>Nachdem der Lehrgang &#8222;E-Teaching&#8220; in den vergangenen Semestern sehr erfolgreich durchgef\u00fchrt werden konnte, gehen die Kollegen\/innen von CeDiS nun in die vierte Runde und informieren wie folgt: Rechtzeitig vor den Weihnachtsferien m\u00f6chten wir Sie auf das Qualifizierungsprogramm &#8222;E-Teaching&#8220; zum Einsatz von E-Learning in der Hochschulllehre hinweisen. Der n\u00e4chste Lehrgang beginnt am 16. Februar 2009 und [&hellip;]<\/p>\n","protected":false},"author":5,"featured_media":0,"comment_status":"open","ping_status":"open","sticky":false,"template":"","format":"standard","meta":{"footnotes":""},"categories":[70],"tags":[],"class_list":["post-130","post","type-post","status-publish","format-standard","hentry","category-veranstaltungen"],"_links":{"self":[{"href":"https:\/\/blogs.fu-berlin.de\/e-learning\/index.php?rest_route=\/wp\/v2\/posts\/130","targetHints":{"allow":["GET"]}}],"collection":[{"href":"https:\/\/blogs.fu-berlin.de\/e-learning\/index.php?rest_route=\/wp\/v2\/posts"}],"about":[{"href":"https:\/\/blogs.fu-berlin.de\/e-learning\/index.php?rest_route=\/wp\/v2\/types\/post"}],"author":[{"embeddable":true,"href":"https:\/\/blogs.fu-berlin.de\/e-learning\/index.php?rest_route=\/wp\/v2\/users\/5"}],"replies":[{"embeddable":true,"href":"https:\/\/blogs.fu-berlin.de\/e-learning\/index.php?rest_route=%2Fwp%2Fv2%2Fcomments&post=130"}],"version-history":[{"count":2,"href":"https:\/\/blogs.fu-berlin.de\/e-learning\/index.php?rest_route=\/wp\/v2\/posts\/130\/revisions"}],"predecessor-version":[{"id":132,"href":"https:\/\/blogs.fu-berlin.de\/e-learning\/index.php?rest_route=\/wp\/v2\/posts\/130\/revisions\/132"}],"wp:attachment":[{"href":"https:\/\/blogs.fu-berlin.de\/e-learning\/index.php?rest_route=%2Fwp%2Fv2%2Fmedia&parent=130"}],"wp:term":[{"taxonomy":"category","embeddable":true,"href":"https:\/\/blogs.fu-berlin.de\/e-learning\/index.php?rest_route=%2Fwp%2Fv2%2Fcategories&post=130"},{"taxonomy":"post_tag","embeddable":true,"href":"https:\/\/blogs.fu-berlin.de\/e-learning\/index.php?rest_route=%2Fwp%2Fv2%2Ftags&post=130"}],"curies":[{"name":"wp","href":"https:\/\/api.w.org\/{rel}","templated":true}]}}