{"id":165,"date":"2009-01-14T15:23:51","date_gmt":"2009-01-14T13:23:51","guid":{"rendered":"https:\/\/blogs.fu-berlin.de\/e-learning\/?p=165"},"modified":"2009-01-14T15:55:02","modified_gmt":"2009-01-14T13:55:02","slug":"workshopangebote-des-berliner-zentrums-fu%cc%88r-hochschullehre","status":"publish","type":"post","link":"https:\/\/blogs.fu-berlin.de\/e-learning\/?p=165","title":{"rendered":"Workshopangebote des Berliner Zentrums fu\u0308r Hochschullehre"},"content":{"rendered":"<p>Das Qualifizierungsprogramm des <a href=\"https:\/\/www.pressestelle.tu-berlin.de\/newsportal\/hochschulpolitik\/berliner_zentrum_fuer_hochschullehre\/?tx_jppageteaser_pi1[backId]=1587\" target=\"_blank\">Berliner Zentrums f\u00fcr Hochschullehre<\/a> startet im Januar 2009 und soll Wissen und Kompetenz sowohl im Bereich der Hochschul-Didaktik, als auch in der Entwicklung von Studienprogrammen und Pr\u00fcfungskonzepten vermitteln. Dieses Angebot soll fl\u00e4chendeckend und systematisch didaktische Kompetenzen vermitteln und somit dem deutschlandweiten Nachholbedarf der Lehr- und Medienkompetenz gerecht werden (aus dem <a href=\"https:\/\/www.pressestelle.tu-berlin.de\/fileadmin\/a70100710\/Fotos\/Pressestellenarchiv\/11Pressemitteilung_Berliner_zentrum-2-1__2_.pdf\" target=\"_blank\">Pressetext<\/a>). Es richtet sich grunds\u00e4tzlich an alle wissenschaftlichen Besch\u00e4ftigten aller Berliner Universit\u00e4ten, Fachhochschulen und Kunsthochschulen, Ausnahmen davon sind gekennzeichnet. <strong>Die Teilnahme ist geb\u00fchrenfrei<\/strong>, da dieses Programm aus dem Masterplan finanziert wird.<\/p>\n<p>Programm <a href=\"https:\/\/blogs.fu-berlin.de\/e-learning\/files\/2009\/01\/bzhl-angebote.pdf\" target=\"_blank\">hier<\/a><\/p>\n<p>Anmeldungen <a href=\"https:\/\/www.pressestelle.tu-berlin.de\/newsportal\/hochschulpolitik\/berliner_zentrum_fuer_hochschullehre\/?tx_jppageteaser_pi1[backId]=1587\" target=\"_blank\">hier<\/a><\/p>\n","protected":false},"excerpt":{"rendered":"<p>Das Qualifizierungsprogramm des Berliner Zentrums f\u00fcr Hochschullehre startet im Januar 2009 und soll Wissen und Kompetenz sowohl im Bereich der Hochschul-Didaktik, als auch in der Entwicklung von Studienprogrammen und Pr\u00fcfungskonzepten vermitteln. Dieses Angebot soll fl\u00e4chendeckend und systematisch didaktische Kompetenzen vermitteln und somit dem deutschlandweiten Nachholbedarf der Lehr- und Medienkompetenz gerecht werden (aus dem Pressetext). Es [&hellip;]<\/p>\n","protected":false},"author":5,"featured_media":0,"comment_status":"open","ping_status":"open","sticky":false,"template":"","format":"standard","meta":{"footnotes":""},"categories":[70],"tags":[],"class_list":["post-165","post","type-post","status-publish","format-standard","hentry","category-veranstaltungen"],"_links":{"self":[{"href":"https:\/\/blogs.fu-berlin.de\/e-learning\/index.php?rest_route=\/wp\/v2\/posts\/165","targetHints":{"allow":["GET"]}}],"collection":[{"href":"https:\/\/blogs.fu-berlin.de\/e-learning\/index.php?rest_route=\/wp\/v2\/posts"}],"about":[{"href":"https:\/\/blogs.fu-berlin.de\/e-learning\/index.php?rest_route=\/wp\/v2\/types\/post"}],"author":[{"embeddable":true,"href":"https:\/\/blogs.fu-berlin.de\/e-learning\/index.php?rest_route=\/wp\/v2\/users\/5"}],"replies":[{"embeddable":true,"href":"https:\/\/blogs.fu-berlin.de\/e-learning\/index.php?rest_route=%2Fwp%2Fv2%2Fcomments&post=165"}],"version-history":[{"count":4,"href":"https:\/\/blogs.fu-berlin.de\/e-learning\/index.php?rest_route=\/wp\/v2\/posts\/165\/revisions"}],"predecessor-version":[{"id":174,"href":"https:\/\/blogs.fu-berlin.de\/e-learning\/index.php?rest_route=\/wp\/v2\/posts\/165\/revisions\/174"}],"wp:attachment":[{"href":"https:\/\/blogs.fu-berlin.de\/e-learning\/index.php?rest_route=%2Fwp%2Fv2%2Fmedia&parent=165"}],"wp:term":[{"taxonomy":"category","embeddable":true,"href":"https:\/\/blogs.fu-berlin.de\/e-learning\/index.php?rest_route=%2Fwp%2Fv2%2Fcategories&post=165"},{"taxonomy":"post_tag","embeddable":true,"href":"https:\/\/blogs.fu-berlin.de\/e-learning\/index.php?rest_route=%2Fwp%2Fv2%2Ftags&post=165"}],"curies":[{"name":"wp","href":"https:\/\/api.w.org\/{rel}","templated":true}]}}