{"id":198,"date":"2009-02-02T11:08:22","date_gmt":"2009-02-02T09:08:22","guid":{"rendered":"https:\/\/blogs.fu-berlin.de\/e-learning\/?p=198"},"modified":"2009-02-11T18:30:44","modified_gmt":"2009-02-11T16:30:44","slug":"twitter-wozu","status":"publish","type":"post","link":"https:\/\/blogs.fu-berlin.de\/e-learning\/?p=198","title":{"rendered":"Twitter &#8211; wozu?"},"content":{"rendered":"<p>Passend zur gerade beendeten &#8222;<a href=\"https:\/\/www.mbc09.de\/\" target=\"_blank\">Microblogging-Conference 2009<\/a>&#8222;, finden sich auf &#8222;einschl\u00e4gigen&#8220; Seiten vermehrt Hinweise und Gedanken zu einem m\u00f6glichen, sinnvollen Lern-Einsatz von <a href=\"https:\/\/de.wikipedia.org\/wiki\/Twitter\" target=\"_blank\">Twitter<\/a>. Also jenem kleinen Tool, \u00fcber das Textnachrichten von maximal 140 Zeichen in die Welt gesendet werden k\u00f6nnen. Diese &#8222;updates&#8220; genannten Nachrichten werden von sog. &#8222;followern&#8220; beobachtet und ggf. kommentiert bzw. erg\u00e4nzt oder einfach nur zur Kenntnis genommen. Eine gewisse Prominez erlangte das Micro-Blogging-Tool im <a href=\"https:\/\/twitter.com\/BarackObama\" target=\"_blank\">US-Wahlkampf<\/a>, in dem ja nahezu jedes hippe Internet-Werkzeug zum Einsatz kam. Hierzulande war z. B. der <a href=\"https:\/\/twitter.com\/tsghessen\" target=\"_blank\">SPD-Spitzenkandidat<\/a> der hessischen Landtagswahl &#8222;zwitschernd&#8220; unterwegs.<\/p>\n<p>Ob ein Einsatz des Tools auch zu Lehr- und Lernzwecken sinnvoll sein kann, wird zur Zeit nicht nur von <a href=\"https:\/\/mediendidaktik.uni-duisburg-essen.de\/node\/4886\" target=\"_blank\">Michael Kerres<\/a> vom Lehrstuhl f\u00fcr <a href=\"https:\/\/mediendidaktik.uni-duisburg-essen.de\" target=\"_blank\">Mediendidaktik und Wissensmanagement<\/a> der Uni Duisburg diskutiert. Kerres und <a href=\"https:\/\/2headz.ch\/blog\/2009\/01\/sinn-und-unsinn-von-twitter\/\" target=\"_blank\">andere<\/a> haben wohl berechtigte Zweifel, scheinen jedoch weiterhin Gefallen am twittern zu haben.<\/p>\n<p>Mir gef\u00e4llt, glaube ich, die Interpretation von <a href=\"https:\/\/www.ifeb.uni-bremen.de\/wordpress_staedtler\/?p=687\" target=\"_blank\">Helge St\u00e4dtler<\/a> am besten, der den grassierenden Grippervirus als ausl\u00f6sendes Moment verbreiteter Twitter-Manie vermutet. Die Leut haben einfach Langeweile&#8230;<\/p>\n","protected":false},"excerpt":{"rendered":"<p>Passend zur gerade beendeten &#8222;Microblogging-Conference 2009&#8222;, finden sich auf &#8222;einschl\u00e4gigen&#8220; Seiten vermehrt Hinweise und Gedanken zu einem m\u00f6glichen, sinnvollen Lern-Einsatz von Twitter. Also jenem kleinen Tool, \u00fcber das Textnachrichten von maximal 140 Zeichen in die Welt gesendet werden k\u00f6nnen. Diese &#8222;updates&#8220; genannten Nachrichten werden von sog. &#8222;followern&#8220; beobachtet und ggf. kommentiert bzw. erg\u00e4nzt oder einfach [&hellip;]<\/p>\n","protected":false},"author":5,"featured_media":0,"comment_status":"open","ping_status":"open","sticky":false,"template":"","format":"standard","meta":{"footnotes":""},"categories":[107,93],"tags":[],"class_list":["post-198","post","type-post","status-publish","format-standard","hentry","category-tools","category-web-20"],"_links":{"self":[{"href":"https:\/\/blogs.fu-berlin.de\/e-learning\/index.php?rest_route=\/wp\/v2\/posts\/198","targetHints":{"allow":["GET"]}}],"collection":[{"href":"https:\/\/blogs.fu-berlin.de\/e-learning\/index.php?rest_route=\/wp\/v2\/posts"}],"about":[{"href":"https:\/\/blogs.fu-berlin.de\/e-learning\/index.php?rest_route=\/wp\/v2\/types\/post"}],"author":[{"embeddable":true,"href":"https:\/\/blogs.fu-berlin.de\/e-learning\/index.php?rest_route=\/wp\/v2\/users\/5"}],"replies":[{"embeddable":true,"href":"https:\/\/blogs.fu-berlin.de\/e-learning\/index.php?rest_route=%2Fwp%2Fv2%2Fcomments&post=198"}],"version-history":[{"count":10,"href":"https:\/\/blogs.fu-berlin.de\/e-learning\/index.php?rest_route=\/wp\/v2\/posts\/198\/revisions"}],"predecessor-version":[{"id":211,"href":"https:\/\/blogs.fu-berlin.de\/e-learning\/index.php?rest_route=\/wp\/v2\/posts\/198\/revisions\/211"}],"wp:attachment":[{"href":"https:\/\/blogs.fu-berlin.de\/e-learning\/index.php?rest_route=%2Fwp%2Fv2%2Fmedia&parent=198"}],"wp:term":[{"taxonomy":"category","embeddable":true,"href":"https:\/\/blogs.fu-berlin.de\/e-learning\/index.php?rest_route=%2Fwp%2Fv2%2Fcategories&post=198"},{"taxonomy":"post_tag","embeddable":true,"href":"https:\/\/blogs.fu-berlin.de\/e-learning\/index.php?rest_route=%2Fwp%2Fv2%2Ftags&post=198"}],"curies":[{"name":"wp","href":"https:\/\/api.w.org\/{rel}","templated":true}]}}