{"id":310,"date":"2010-04-14T16:10:49","date_gmt":"2010-04-14T14:10:49","guid":{"rendered":"https:\/\/blogs.fu-berlin.de\/e-learning\/?p=310"},"modified":"2010-04-14T16:10:49","modified_gmt":"2010-04-14T14:10:49","slug":"reader-zum-urheberrecht","status":"publish","type":"post","link":"https:\/\/blogs.fu-berlin.de\/e-learning\/?p=310","title":{"rendered":"Reader zum Urheberrecht"},"content":{"rendered":"<div>\n<blockquote><p><span>Eigentumsfragen sind Machtfragen. Nirgends  werden  diese Fragen lauter und provozierender gestellt als im Internet:  Durch  die Digitalisierung geistiger Werke und den schnellen Austausch  von  Daten und Informationen werden starre Verf\u00fcgungsrechte aufgel\u00f6st. <\/span><\/p><\/blockquote>\n<p>Die <a href=\"https:\/\/boell.de\/\" target=\"_blank\">Heinrich-B\u00f6ll-Stiftung<\/a> und <a href=\"https:\/\/irights.info\/\" target=\"_blank\">iRights.info<\/a> ver\u00f6ffentlichen einen Reader  zum Urheberrecht, mit Texten u.a. von Lawrence  Lessig, Cory Doctorow, Till Kreutzer,  Ilja Braun und einigen  anderen.\u00a0Der Reader steht ab sofort als <a href=\"https:\/\/carta.info\/carta\/wp-content\/uploads\/2010\/04\/copyrightnow.pdf\" target=\"_blank\">PDF<\/a> zur Verf\u00fcgung.<\/div>\n","protected":false},"excerpt":{"rendered":"<p>Eigentumsfragen sind Machtfragen. Nirgends werden diese Fragen lauter und provozierender gestellt als im Internet: Durch die Digitalisierung geistiger Werke und den schnellen Austausch von Daten und Informationen werden starre Verf\u00fcgungsrechte aufgel\u00f6st. Die Heinrich-B\u00f6ll-Stiftung und iRights.info ver\u00f6ffentlichen einen Reader zum Urheberrecht, mit Texten u.a. von Lawrence Lessig, Cory Doctorow, Till Kreutzer, Ilja Braun und einigen anderen.\u00a0Der [&hellip;]<\/p>\n","protected":false},"author":5,"featured_media":0,"comment_status":"open","ping_status":"open","sticky":false,"template":"","format":"standard","meta":{"footnotes":""},"categories":[402],"tags":[368],"class_list":["post-310","post","type-post","status-publish","format-standard","hentry","category-presse","tag-recht"],"_links":{"self":[{"href":"https:\/\/blogs.fu-berlin.de\/e-learning\/index.php?rest_route=\/wp\/v2\/posts\/310","targetHints":{"allow":["GET"]}}],"collection":[{"href":"https:\/\/blogs.fu-berlin.de\/e-learning\/index.php?rest_route=\/wp\/v2\/posts"}],"about":[{"href":"https:\/\/blogs.fu-berlin.de\/e-learning\/index.php?rest_route=\/wp\/v2\/types\/post"}],"author":[{"embeddable":true,"href":"https:\/\/blogs.fu-berlin.de\/e-learning\/index.php?rest_route=\/wp\/v2\/users\/5"}],"replies":[{"embeddable":true,"href":"https:\/\/blogs.fu-berlin.de\/e-learning\/index.php?rest_route=%2Fwp%2Fv2%2Fcomments&post=310"}],"version-history":[{"count":0,"href":"https:\/\/blogs.fu-berlin.de\/e-learning\/index.php?rest_route=\/wp\/v2\/posts\/310\/revisions"}],"wp:attachment":[{"href":"https:\/\/blogs.fu-berlin.de\/e-learning\/index.php?rest_route=%2Fwp%2Fv2%2Fmedia&parent=310"}],"wp:term":[{"taxonomy":"category","embeddable":true,"href":"https:\/\/blogs.fu-berlin.de\/e-learning\/index.php?rest_route=%2Fwp%2Fv2%2Fcategories&post=310"},{"taxonomy":"post_tag","embeddable":true,"href":"https:\/\/blogs.fu-berlin.de\/e-learning\/index.php?rest_route=%2Fwp%2Fv2%2Ftags&post=310"}],"curies":[{"name":"wp","href":"https:\/\/api.w.org\/{rel}","templated":true}]}}