{"id":188,"date":"2009-07-01T06:20:41","date_gmt":"2009-07-01T05:20:41","guid":{"rendered":"https:\/\/blogs.fu-berlin.de\/eco\/?p=188"},"modified":"2010-03-08T19:10:18","modified_gmt":"2010-03-08T18:10:18","slug":"qualifizierung-fur-lehrende-e-teaching-mit-zertifikat","status":"publish","type":"post","link":"https:\/\/blogs.fu-berlin.de\/eco\/?p=188","title":{"rendered":"Qualifizierung f\u00fcr Lehrende: &#8222;E-Teaching&#8220; mit Zertifikat"},"content":{"rendered":"<p>F\u00fcr Lehrende der Freien Universit\u00e4t und anderer Berliner Hochschulen startet im September 2009 die vierte Runde des einsemestrigen, praxisorientierten Qualifizierungsprogramms &#8222;E-Teaching&#8220;. Der Lehrgang unterst\u00fctzt bei der Entwicklung und Umsetzung einer eigenen Blended-Learning-Veranstaltung. Die Teilnehmer\/innen erhalten am Ende ein Zertifikat der Freien Universit\u00e4t Berlin. Eine Informationsveranstaltung dazu bietet CeDiS am 13. Juli 2009 an. <a title=\"E-teaching\" href=\"https:\/\/www.e-learning.fu-berlin.de\/aktuelles\/e-teaching09.html\" target=\"_blank\">mehr \u00bb<\/a><\/p>\n","protected":false},"excerpt":{"rendered":"<p>F\u00fcr Lehrende der Freien Universit\u00e4t und anderer Berliner Hochschulen startet im September 2009 die vierte Runde des einsemestrigen, praxisorientierten Qualifizierungsprogramms &#8222;E-Teaching&#8220;. Der Lehrgang unterst\u00fctzt bei der Entwicklung und Umsetzung einer eigenen Blended-Learning-Veranstaltung. Die Teilnehmer\/innen erhalten am Ende ein Zertifikat der Freien Universit\u00e4t Berlin. Eine Informationsveranstaltung dazu bietet CeDiS am 13. Juli 2009 an. mehr \u00bb<\/p>\n","protected":false},"author":93,"featured_media":0,"comment_status":"open","ping_status":"open","sticky":false,"template":"","format":"standard","meta":{"footnotes":""},"categories":[433],"tags":[14781,522,521],"class_list":["post-188","post","type-post","status-publish","format-standard","hentry","category-cedis","tag-cedis","tag-fortbildung","tag-termine"],"_links":{"self":[{"href":"https:\/\/blogs.fu-berlin.de\/eco\/index.php?rest_route=\/wp\/v2\/posts\/188","targetHints":{"allow":["GET"]}}],"collection":[{"href":"https:\/\/blogs.fu-berlin.de\/eco\/index.php?rest_route=\/wp\/v2\/posts"}],"about":[{"href":"https:\/\/blogs.fu-berlin.de\/eco\/index.php?rest_route=\/wp\/v2\/types\/post"}],"author":[{"embeddable":true,"href":"https:\/\/blogs.fu-berlin.de\/eco\/index.php?rest_route=\/wp\/v2\/users\/93"}],"replies":[{"embeddable":true,"href":"https:\/\/blogs.fu-berlin.de\/eco\/index.php?rest_route=%2Fwp%2Fv2%2Fcomments&post=188"}],"version-history":[{"count":4,"href":"https:\/\/blogs.fu-berlin.de\/eco\/index.php?rest_route=\/wp\/v2\/posts\/188\/revisions"}],"predecessor-version":[{"id":723,"href":"https:\/\/blogs.fu-berlin.de\/eco\/index.php?rest_route=\/wp\/v2\/posts\/188\/revisions\/723"}],"wp:attachment":[{"href":"https:\/\/blogs.fu-berlin.de\/eco\/index.php?rest_route=%2Fwp%2Fv2%2Fmedia&parent=188"}],"wp:term":[{"taxonomy":"category","embeddable":true,"href":"https:\/\/blogs.fu-berlin.de\/eco\/index.php?rest_route=%2Fwp%2Fv2%2Fcategories&post=188"},{"taxonomy":"post_tag","embeddable":true,"href":"https:\/\/blogs.fu-berlin.de\/eco\/index.php?rest_route=%2Fwp%2Fv2%2Ftags&post=188"}],"curies":[{"name":"wp","href":"https:\/\/api.w.org\/{rel}","templated":true}]}}