{"id":419,"date":"2009-08-26T18:44:07","date_gmt":"2009-08-26T17:44:07","guid":{"rendered":"https:\/\/blogs.fu-berlin.de\/eco\/?p=419"},"modified":"2009-10-19T19:03:18","modified_gmt":"2009-10-19T18:03:18","slug":"der-internationale-strafgerichtshof","status":"publish","type":"post","link":"https:\/\/blogs.fu-berlin.de\/eco\/?p=419","title":{"rendered":"Der Internationale Strafgerichtshof"},"content":{"rendered":"<p>Ausw\u00e4rtige Kultur- und Bildungspolitik z\u00e4hlt das Goethe-Institut zu seinen Aufgaben und publiziert in diesem Kontext in der Rubrik <em>Politik- und Zeitgeschichte<\/em> auf seiner Website auch interessante Beitr\u00e4ge f\u00fcr Studierende der Rechtswissenschaft. In diesem Monat beispielsweise den Artikel &#8222;<a href=\"https:\/\/www.goethe.de\/ges\/pok\/thm\/pan\/de4920837.htm\">Der Internationale Strafgerichtshof<\/a>&#8222;.<\/p>\n<p>In dem Artikel gibt <a title=\"S. von Schorlemer\" href=\"https:\/\/tu-dresden.de\/die_tu_dresden\/fakultaeten\/juristische_fakultaet\/jfoeffl9\/lebenslauf_tab\" target=\"_blank\">Prof. Dr. Dr. Sabine von Schorlemer<\/a>, Lehrstuhl f\u00fcr V\u00f6lkerrecht, Recht der EU und Internationale Beziehungen an der TU Dresden einen \u00dcberblick \u00fcber<\/p>\n<ul>\n<li>den Ursprung der internationalen Strafgerichtsbarkeit,<\/li>\n<li>den Aufbau und die Zust\u00e4ndigkeit des <span class=\"s15122\">st\u00e4ndigen Internationalen Strafgerichtshofs in Den Haag <\/span><\/li>\n<li>dessen aktuelles Wirken.<\/li>\n<\/ul>\n<p>Ein Artikel, der nicht nur f\u00fcr Jura-Studierende, sondern auch f\u00fcr juristisch  und politisch Interessierte eine sehr gute Einf\u00fchrung darstellt.<\/p>\n<p><em>Quelle<\/em><br \/>\nSabine von Schorlemer: &#8222;<a title=\"Der Internationale Strafgerichtshof\" href=\"https:\/\/www.goethe.de\/ges\/pok\/thm\/pan\/de4920837.htm\" target=\"_blank\">Der Internationale Strafgerichtshof<\/a>&#8222;, URL: https:\/\/www.goethe.de\/ges\/pok\/thm\/pan\/de4920837.htm, abgerufen am 26.08.2009.<\/p>\n<p><span style=\"text-decoration: none\"><strong><span style=\"text-decoration: underline\"><br \/>\n<\/span><\/strong><\/span><\/p>\n","protected":false},"excerpt":{"rendered":"<p>Ausw\u00e4rtige Kultur- und Bildungspolitik z\u00e4hlt das Goethe-Institut zu seinen Aufgaben und publiziert in diesem Kontext in der Rubrik Politik- und Zeitgeschichte auf seiner Website auch interessante Beitr\u00e4ge f\u00fcr Studierende der Rechtswissenschaft. In diesem Monat beispielsweise den Artikel &#8222;Der Internationale Strafgerichtshof&#8222;. In dem Artikel gibt Prof. Dr. Dr. Sabine von Schorlemer, Lehrstuhl f\u00fcr V\u00f6lkerrecht, Recht der [&hellip;]<\/p>\n","protected":false},"author":93,"featured_media":0,"comment_status":"open","ping_status":"open","sticky":false,"template":"","format":"standard","meta":{"footnotes":""},"categories":[403],"tags":[440],"class_list":["post-419","post","type-post","status-publish","format-standard","hentry","category-ecommunication","tag-jura"],"_links":{"self":[{"href":"https:\/\/blogs.fu-berlin.de\/eco\/index.php?rest_route=\/wp\/v2\/posts\/419","targetHints":{"allow":["GET"]}}],"collection":[{"href":"https:\/\/blogs.fu-berlin.de\/eco\/index.php?rest_route=\/wp\/v2\/posts"}],"about":[{"href":"https:\/\/blogs.fu-berlin.de\/eco\/index.php?rest_route=\/wp\/v2\/types\/post"}],"author":[{"embeddable":true,"href":"https:\/\/blogs.fu-berlin.de\/eco\/index.php?rest_route=\/wp\/v2\/users\/93"}],"replies":[{"embeddable":true,"href":"https:\/\/blogs.fu-berlin.de\/eco\/index.php?rest_route=%2Fwp%2Fv2%2Fcomments&post=419"}],"version-history":[{"count":20,"href":"https:\/\/blogs.fu-berlin.de\/eco\/index.php?rest_route=\/wp\/v2\/posts\/419\/revisions"}],"predecessor-version":[{"id":531,"href":"https:\/\/blogs.fu-berlin.de\/eco\/index.php?rest_route=\/wp\/v2\/posts\/419\/revisions\/531"}],"wp:attachment":[{"href":"https:\/\/blogs.fu-berlin.de\/eco\/index.php?rest_route=%2Fwp%2Fv2%2Fmedia&parent=419"}],"wp:term":[{"taxonomy":"category","embeddable":true,"href":"https:\/\/blogs.fu-berlin.de\/eco\/index.php?rest_route=%2Fwp%2Fv2%2Fcategories&post=419"},{"taxonomy":"post_tag","embeddable":true,"href":"https:\/\/blogs.fu-berlin.de\/eco\/index.php?rest_route=%2Fwp%2Fv2%2Ftags&post=419"}],"curies":[{"name":"wp","href":"https:\/\/api.w.org\/{rel}","templated":true}]}}