{"id":686,"date":"2010-02-19T16:09:13","date_gmt":"2010-02-19T15:09:13","guid":{"rendered":"https:\/\/blogs.fu-berlin.de\/eco\/?p=686"},"modified":"2010-03-08T19:07:51","modified_gmt":"2010-03-08T18:07:51","slug":"offentliche-diskussion-zu-urheberrecht-open-access","status":"publish","type":"post","link":"https:\/\/blogs.fu-berlin.de\/eco\/?p=686","title":{"rendered":"\u00d6ffentliche Diskussion zu Urheberrecht &amp; Open Access"},"content":{"rendered":"<p>Zum Zukunftsgespr\u00e4ch mit dem Titel: <em><a href=\"https:\/\/www.bibliotheksportal.de\/hauptmenue\/service\/termine\/veranstaltungstermin\/article\/yes-we-are-open-wissenschaft-e-books-und-das-urheberrecht\/?tx_ttnews[backPid]=8&amp;cHash=4e1de3c802\" target=\"_blank\">Yes, we are open &#8211; Wissenschaft, E-Books und das Urheberrecht<\/a>,<\/em> l\u00e4dt die\u00a0 Landesinitiative Projekt Zukunft in Zusammenarbeit mit Inforadio (rbb) ein.<\/p>\n<p>Ziel der Zukunftsgespr\u00e4che sind \u00f6ffentliche Diskussionen zu aktuellen Themen der Informationsgesellschaft. Die akuten Berichte \u00fcber <a title=\"Zeit Online\" href=\"https:\/\/www.zeit.de\/2010\/08\/Copyrights\">Helene Hegemann<\/a>, der vorgeworfen wird, das Copyright verletzt zu haben, bieten einen hochaktuellen Anla\u00df, um \u00fcber <a title=\"bpb: Dossier Urheberrecht\" href=\"https:\/\/www1.bpb.de\/themen\/4WT7Y0,0,0,Bis_hierher_%96_und_nicht_weiter_Wie_das_Urheberrecht_unser_Leben_beeinflusst.html\" target=\"_blank\">Urheberrecht<\/a> und <a title=\"Definition zu Open Access \" href=\"https:\/\/www.cedis.fu-berlin.de\/open-access\/OA-allgemein\/index.html\" target=\"_blank\">Open Acces<\/a> zu reflektieren. \u00d6ffentlich diskutieren werden dar\u00fcber Claudia Lux von der Stiftung Zentral- und Landesbibliothek, Florian R. Simon vom Duncker &amp; Humblot Verlag, Eric Merkel-Sobotta von Springer Science &amp; Business Media und Katja Mruck vom Center f\u00fcr Digitale Systeme an der Freien Universit\u00e4t, am 2. M\u00e4rz, 19.30 Uhr, im Museum f\u00fcr Film und Fernsehen,\u00a0 Filmhaus Sony Center, Potsdamer Str. 2, 10785 Berlin.<\/p>\n","protected":false},"excerpt":{"rendered":"<p>Zum Zukunftsgespr\u00e4ch mit dem Titel: Yes, we are open &#8211; Wissenschaft, E-Books und das Urheberrecht, l\u00e4dt die\u00a0 Landesinitiative Projekt Zukunft in Zusammenarbeit mit Inforadio (rbb) ein. Ziel der Zukunftsgespr\u00e4che sind \u00f6ffentliche Diskussionen zu aktuellen Themen der Informationsgesellschaft. Die akuten Berichte \u00fcber Helene Hegemann, der vorgeworfen wird, das Copyright verletzt zu haben, bieten einen hochaktuellen Anla\u00df, [&hellip;]<\/p>\n","protected":false},"author":93,"featured_media":0,"comment_status":"open","ping_status":"open","sticky":false,"template":"","format":"standard","meta":{"footnotes":""},"categories":[433,450],"tags":[552,127],"class_list":["post-686","post","type-post","status-publish","format-standard","hentry","category-cedis","category-ecolaw","tag-open-access","tag-urheberrecht"],"_links":{"self":[{"href":"https:\/\/blogs.fu-berlin.de\/eco\/index.php?rest_route=\/wp\/v2\/posts\/686","targetHints":{"allow":["GET"]}}],"collection":[{"href":"https:\/\/blogs.fu-berlin.de\/eco\/index.php?rest_route=\/wp\/v2\/posts"}],"about":[{"href":"https:\/\/blogs.fu-berlin.de\/eco\/index.php?rest_route=\/wp\/v2\/types\/post"}],"author":[{"embeddable":true,"href":"https:\/\/blogs.fu-berlin.de\/eco\/index.php?rest_route=\/wp\/v2\/users\/93"}],"replies":[{"embeddable":true,"href":"https:\/\/blogs.fu-berlin.de\/eco\/index.php?rest_route=%2Fwp%2Fv2%2Fcomments&post=686"}],"version-history":[{"count":14,"href":"https:\/\/blogs.fu-berlin.de\/eco\/index.php?rest_route=\/wp\/v2\/posts\/686\/revisions"}],"predecessor-version":[{"id":718,"href":"https:\/\/blogs.fu-berlin.de\/eco\/index.php?rest_route=\/wp\/v2\/posts\/686\/revisions\/718"}],"wp:attachment":[{"href":"https:\/\/blogs.fu-berlin.de\/eco\/index.php?rest_route=%2Fwp%2Fv2%2Fmedia&parent=686"}],"wp:term":[{"taxonomy":"category","embeddable":true,"href":"https:\/\/blogs.fu-berlin.de\/eco\/index.php?rest_route=%2Fwp%2Fv2%2Fcategories&post=686"},{"taxonomy":"post_tag","embeddable":true,"href":"https:\/\/blogs.fu-berlin.de\/eco\/index.php?rest_route=%2Fwp%2Fv2%2Ftags&post=686"}],"curies":[{"name":"wp","href":"https:\/\/api.w.org\/{rel}","templated":true}]}}