{"id":36,"date":"2016-05-08T23:08:55","date_gmt":"2016-05-08T21:08:55","guid":{"rendered":"https:\/\/blogs.fu-berlin.de\/edling\/?p=36"},"modified":"2016-05-08T23:08:55","modified_gmt":"2016-05-08T21:08:55","slug":"2-tag-der-fremdsprachenpruefung-berlin-brandenburg","status":"publish","type":"post","link":"https:\/\/blogs.fu-berlin.de\/edling\/2016\/05\/08\/2-tag-der-fremdsprachenpruefung-berlin-brandenburg\/","title":{"rendered":"2. Tag der Fremdsprachenpr\u00fcfung Berlin-Brandenburg"},"content":{"rendered":"<p>Here&#8217;s another event I&#8217;d like to alert you to:<\/p>\n<blockquote><p>Die L\u00e4nderarbeitsgemeinschaft der Hochschullektor\/innen Berlin Brandenburg<br \/>\n(mit freundlicher Unterst\u00fctzung des Sprachenzentrums der Humboldt-Universit\u00e4t zu Berlin)<br \/>\nl\u00e4dt ein zum:<br \/>\n<b>2. Tag der Fremdsprachenpr\u00fcfung Berlin-Brandenburg <\/b><br \/>\nEr findet am Samstag, den 28. Mai im Sprachenzentrum der HU Berlin (Dorotheenstrasse 65) statt.<br \/>\n<b>Thema: Die Bewertung der m\u00fcndlichen Leistung im Unterricht sowie in Pr\u00fcfungen<\/b><\/p><\/blockquote>\n<p>If you&#8217;ve been feeling dissatisfied with the way oral production is being assessed, or unsure about how you&#8217;re going to do this yourselves, this should be the place to work on solutions. \ud83d\ude42<\/p>\n","protected":false},"excerpt":{"rendered":"<p>Here&#8217;s another event I&#8217;d like to alert you to: Die L\u00e4nderarbeitsgemeinschaft der Hochschullektor\/innen Berlin Brandenburg (mit freundlicher Unterst\u00fctzung des Sprachenzentrums der Humboldt-Universit\u00e4t zu Berlin) l\u00e4dt ein zum: 2. Tag der Fremdsprachenpr\u00fcfung Berlin-Brandenburg Er findet am Samstag, den 28. Mai im Sprachenzentrum der HU Berlin (Dorotheenstrasse 65) statt. Thema: Die Bewertung der m\u00fcndlichen Leistung im Unterricht &hellip; <a href=\"https:\/\/blogs.fu-berlin.de\/edling\/2016\/05\/08\/2-tag-der-fremdsprachenpruefung-berlin-brandenburg\/\" class=\"more-link\"><span class=\"screen-reader-text\">\u201e2. Tag der Fremdsprachenpr\u00fcfung Berlin-Brandenburg\u201c<\/span> weiterlesen<\/a><\/p>\n","protected":false},"author":2610,"featured_media":0,"comment_status":"open","ping_status":"open","sticky":false,"template":"","format":"standard","meta":{"footnotes":""},"categories":[9],"tags":[],"class_list":["post-36","post","type-post","status-publish","format-standard","hentry","category-allgemein"],"_links":{"self":[{"href":"https:\/\/blogs.fu-berlin.de\/edling\/wp-json\/wp\/v2\/posts\/36","targetHints":{"allow":["GET"]}}],"collection":[{"href":"https:\/\/blogs.fu-berlin.de\/edling\/wp-json\/wp\/v2\/posts"}],"about":[{"href":"https:\/\/blogs.fu-berlin.de\/edling\/wp-json\/wp\/v2\/types\/post"}],"author":[{"embeddable":true,"href":"https:\/\/blogs.fu-berlin.de\/edling\/wp-json\/wp\/v2\/users\/2610"}],"replies":[{"embeddable":true,"href":"https:\/\/blogs.fu-berlin.de\/edling\/wp-json\/wp\/v2\/comments?post=36"}],"version-history":[{"count":2,"href":"https:\/\/blogs.fu-berlin.de\/edling\/wp-json\/wp\/v2\/posts\/36\/revisions"}],"predecessor-version":[{"id":38,"href":"https:\/\/blogs.fu-berlin.de\/edling\/wp-json\/wp\/v2\/posts\/36\/revisions\/38"}],"wp:attachment":[{"href":"https:\/\/blogs.fu-berlin.de\/edling\/wp-json\/wp\/v2\/media?parent=36"}],"wp:term":[{"taxonomy":"category","embeddable":true,"href":"https:\/\/blogs.fu-berlin.de\/edling\/wp-json\/wp\/v2\/categories?post=36"},{"taxonomy":"post_tag","embeddable":true,"href":"https:\/\/blogs.fu-berlin.de\/edling\/wp-json\/wp\/v2\/tags?post=36"}],"curies":[{"name":"wp","href":"https:\/\/api.w.org\/{rel}","templated":true}]}}