{"id":40,"date":"2016-06-07T10:51:53","date_gmt":"2016-06-07T08:51:53","guid":{"rendered":"https:\/\/blogs.fu-berlin.de\/edling\/?p=40"},"modified":"2016-06-07T10:51:53","modified_gmt":"2016-06-07T08:51:53","slug":"sprachen-bilden-chancen-at-humboldt-universitaet-67-april-2017","status":"publish","type":"post","link":"https:\/\/blogs.fu-berlin.de\/edling\/2016\/06\/07\/sprachen-bilden-chancen-at-humboldt-universitaet-67-april-2017\/","title":{"rendered":"&#8222;Sprachen-Bilden-Chancen&#8220; at Humboldt Universit\u00e4t,  6\/7 April 2017"},"content":{"rendered":"<p>Dear all,<br \/>\nAn educational-linguistics co-project of FU, HU and TU will be presenting its results next year. Here&#8217;s an invitation to the event:<\/p>\n<blockquote><p><strong>Tagung Neue Perspektiven f\u00fcr die Lehrkr\u00e4ftebildung:<br \/>\nErgebnisse aus dem Projekt Sprachen-Bilden-Chancen<\/strong><\/p>\n<p>6. und 7. April 2017<br \/>\nHumboldt-Universit\u00e4t zu Berlin<\/p>\n<p>Sehr geehrte Damen und Herren,<br \/>\nim kommenden Jahr endet das Projekt \u201eSprachen-Bilden-Chancen: Innovationen f\u00fcr das Berliner Lehramt\u201c. In dem gemeinsamen Projekt der Freien Universit\u00e4t, der Humboldt\u2010Universit\u00e4t zu Berlin und der Technischen Universit\u00e4t wird seit 2014 die Lehrkr\u00e4ftebildung in den Bereichen Sprachbildung, Sprachf\u00f6rderung und Deutsch als Zweitsprache untersucht, \u00fcberarbeitet und verbessert.<br \/>\nZum Abschluss des Projekts m\u00f6chten wir am 6. und 7. April 2017 der \u00d6ffentlichkeit die Ergebnisse pr\u00e4sentieren und gemeinsam mit Vertreterinnen und Vertretern aus Universit\u00e4t, Bildungspolitik, Vorbereitungsdienst, Lehrkr\u00e4ftefortbildung und Schule neue Perspektiven f\u00fcr die Lehrkr\u00e4ftebildung diskutieren.<br \/>\nGerne m\u00f6chten wir Sie schon jetzt herzlich zu der Tagung einladen und w\u00fcrden uns freuen, wenn Sie sich den Termin vormerken. Ein detailliertes Programm der Veranstaltung und Hinweise f\u00fcr die Anmeldung folgen im Herbst 2016. Bitte leiten Sie diesen Hinweis gern auch andere Interessierte weiter.<br \/>\nDas Projekt wird durch das Mercator-Institut f\u00fcr Sprachf\u00f6rderung und Deutsch als Zweitsprache gef\u00f6rdert. Mehr Informationen zum Projekt finden Sie hier: <a href=\"www.sprachen-bilden-chancen.de\">www.sprachen-bilden-chancen.de<\/a><\/p>\n<p>\u00dcber Ihr Interesse freuen sich im Namen des gesamten Projektteams<br \/>\nProf. Dr. Beate L\u00fctke &amp; Prof. Dr. K\u00e4mper-van den Boogaart\n<\/p><\/blockquote>\n","protected":false},"excerpt":{"rendered":"<p>Dear all, An educational-linguistics co-project of FU, HU and TU will be presenting its results next year. Here&#8217;s an invitation to the event: Tagung Neue Perspektiven f\u00fcr die Lehrkr\u00e4ftebildung: Ergebnisse aus dem Projekt Sprachen-Bilden-Chancen 6. und 7. April 2017 Humboldt-Universit\u00e4t zu Berlin Sehr geehrte Damen und Herren, im kommenden Jahr endet das Projekt \u201eSprachen-Bilden-Chancen: Innovationen &hellip; <a href=\"https:\/\/blogs.fu-berlin.de\/edling\/2016\/06\/07\/sprachen-bilden-chancen-at-humboldt-universitaet-67-april-2017\/\" class=\"more-link\"><span class=\"screen-reader-text\">\u201e&#8222;Sprachen-Bilden-Chancen&#8220; at Humboldt Universit\u00e4t,  6\/7 April 2017\u201c<\/span> weiterlesen<\/a><\/p>\n","protected":false},"author":2610,"featured_media":0,"comment_status":"open","ping_status":"open","sticky":false,"template":"","format":"standard","meta":{"footnotes":""},"categories":[9],"tags":[],"class_list":["post-40","post","type-post","status-publish","format-standard","hentry","category-allgemein"],"_links":{"self":[{"href":"https:\/\/blogs.fu-berlin.de\/edling\/wp-json\/wp\/v2\/posts\/40","targetHints":{"allow":["GET"]}}],"collection":[{"href":"https:\/\/blogs.fu-berlin.de\/edling\/wp-json\/wp\/v2\/posts"}],"about":[{"href":"https:\/\/blogs.fu-berlin.de\/edling\/wp-json\/wp\/v2\/types\/post"}],"author":[{"embeddable":true,"href":"https:\/\/blogs.fu-berlin.de\/edling\/wp-json\/wp\/v2\/users\/2610"}],"replies":[{"embeddable":true,"href":"https:\/\/blogs.fu-berlin.de\/edling\/wp-json\/wp\/v2\/comments?post=40"}],"version-history":[{"count":1,"href":"https:\/\/blogs.fu-berlin.de\/edling\/wp-json\/wp\/v2\/posts\/40\/revisions"}],"predecessor-version":[{"id":41,"href":"https:\/\/blogs.fu-berlin.de\/edling\/wp-json\/wp\/v2\/posts\/40\/revisions\/41"}],"wp:attachment":[{"href":"https:\/\/blogs.fu-berlin.de\/edling\/wp-json\/wp\/v2\/media?parent=40"}],"wp:term":[{"taxonomy":"category","embeddable":true,"href":"https:\/\/blogs.fu-berlin.de\/edling\/wp-json\/wp\/v2\/categories?post=40"},{"taxonomy":"post_tag","embeddable":true,"href":"https:\/\/blogs.fu-berlin.de\/edling\/wp-json\/wp\/v2\/tags?post=40"}],"curies":[{"name":"wp","href":"https:\/\/api.w.org\/{rel}","templated":true}]}}