{"id":18,"date":"2022-04-11T13:22:00","date_gmt":"2022-04-11T11:22:00","guid":{"rendered":"https:\/\/blogs.fu-berlin.de\/erasmusstaff\/?p=18"},"modified":"2026-04-01T09:23:39","modified_gmt":"2026-04-01T07:23:39","slug":"trainingsaufenthalt-in-chile","status":"publish","type":"post","link":"https:\/\/blogs.fu-berlin.de\/erasmusstaff\/2022\/04\/11\/trainingsaufenthalt-in-chile\/","title":{"rendered":"Trainingsaufenthalt in Chile"},"content":{"rendered":"\r\n<p>Universidad de Santiago, Chile. M\u00e4rz 2022<\/p>\r\n\r\n\r\n\r\n\r\n\r\n<p>Vom 07. M\u00e4rz bis zum 11. M\u00e4rz 2022 habe ich \u00fcber das \u201eERASMUS+ Staff Mobility for Teaching and Training\u201c-Programm gemeinsam mit meiner Kollegin Sabina Garc\u00eda Peter, einen Aufenthalt an der Direcci\u00f3n de G\u00e9nero, Diversidad y Equidad (EDGE) an der Universidad de Santiago in Chile absolviert. Die Einladung wurde von Dr. Karin Baeza, Leiterin der Direcci\u00f3n ausgesprochen. W\u00e4hrend des Aufenthaltes hatten wir die M\u00f6glichkeit die Infrastruktur der USACH kennenzulernen, Wissenschaftler<em>innen <\/em>und Besch\u00e4ftigte aus den Bereichen der Geschlechterforschung, Gleichstellung und der Arbeitsstelle gegen SBDG zu treffen und mit den Kolleg<em>innen<\/em> vor Ort in Austausch zu treten sowie das Margherita-von-Brentano-Zentrum (MvBZ) und unsere Arbeitsbereiche vorzustellen.<br \/>Der Aufenthalt diente auch dazu, die Kooperation im Rahmen des InEs-Gender Projekt, das vor kurzem an die USACH vergeben wurde zu starten. Das Projekt zielt darauf ab, Kapazit\u00e4ten f\u00fcr die Durchf\u00fchrung von Ma\u00dfnahmen zur Verringerung der geschlechtsspezifischen Ungleichheiten in den Bereichen Forschung, Entwicklung, Technologietransfer, Innovation und wissenschafts- und technologiebasiertes Unternehmertum in Hochschuleinrichtungen aufzubauen. Das MvBZ soll das Projekt begleiten und beratend zur Seite stehen.<br \/>Der Aufenthalt in Santiago de Chile war sehr interessant und ein sowohl auf pers\u00f6nlicher Ebene als auch aus beruflicher Sicht ein Gewinn. Der 8. M\u00e4rz fiel in den Zeitraum des Aufenthalts, er wird in Chile sehr gro\u00df begangen. Wir hatten nicht nur die Gelegenheit, an der universit\u00e4tsweiten Veranstaltung teilzunehmen, sondern auf an der Gro\u00dfdemonstration in der Stadt.<br \/>Mehr \u00fcber den Besuch findet sich in einem Bericht auf der Seite der USACH: <a href=\"https:\/\/www.usach.cl\/news\/primera-visita-internacional-2022-universidad-libre-berlin-y-usach-celebran-colaboracion\">https:\/\/www.usach.cl\/news\/primera-visita-internacional-2022-universidad-libre-berlin-y-usach-celebran-colaboracion<\/a><\/p>\r\n\r\n\r\n\r\n\r\n\r\n<p>Mehr Infos zur <a href=\"https:\/\/www.usach.cl\/\" data-type=\"URL\" data-id=\"https:\/\/www.usach.cl\/\">Universidad de Santiago<\/a>.<\/p>\r\n","protected":false},"excerpt":{"rendered":"<p>Universidad de Santiago, Chile. M\u00e4rz 2022 Vom 07. M\u00e4rz bis zum 11. M\u00e4rz 2022 habe ich \u00fcber das \u201eERASMUS+ Staff Mobility for Teaching and Training\u201c-Programm gemeinsam mit meiner Kollegin Sabina Garc\u00eda Peter, einen Aufenthalt an der Direcci\u00f3n de G\u00e9nero, Diversidad y Equidad (EDGE) an der Universidad de Santiago in Chile absolviert. Die Einladung wurde von &hellip; <a href=\"https:\/\/blogs.fu-berlin.de\/erasmusstaff\/2022\/04\/11\/trainingsaufenthalt-in-chile\/\" class=\"more-link\"><span class=\"screen-reader-text\">\u201eTrainingsaufenthalt in Chile\u201c<\/span> weiterlesen<\/a><\/p>\n","protected":false},"author":6917,"featured_media":454,"comment_status":"open","ping_status":"open","sticky":false,"template":"","format":"standard","meta":{"footnotes":""},"categories":[307534],"tags":[580748,580747],"class_list":["post-18","post","type-post","status-publish","format-standard","has-post-thumbnail","hentry","category-erasmus-weltweit","tag-chile","tag-job-shadowing"],"_links":{"self":[{"href":"https:\/\/blogs.fu-berlin.de\/erasmusstaff\/wp-json\/wp\/v2\/posts\/18","targetHints":{"allow":["GET"]}}],"collection":[{"href":"https:\/\/blogs.fu-berlin.de\/erasmusstaff\/wp-json\/wp\/v2\/posts"}],"about":[{"href":"https:\/\/blogs.fu-berlin.de\/erasmusstaff\/wp-json\/wp\/v2\/types\/post"}],"author":[{"embeddable":true,"href":"https:\/\/blogs.fu-berlin.de\/erasmusstaff\/wp-json\/wp\/v2\/users\/6917"}],"replies":[{"embeddable":true,"href":"https:\/\/blogs.fu-berlin.de\/erasmusstaff\/wp-json\/wp\/v2\/comments?post=18"}],"version-history":[{"count":10,"href":"https:\/\/blogs.fu-berlin.de\/erasmusstaff\/wp-json\/wp\/v2\/posts\/18\/revisions"}],"predecessor-version":[{"id":1050,"href":"https:\/\/blogs.fu-berlin.de\/erasmusstaff\/wp-json\/wp\/v2\/posts\/18\/revisions\/1050"}],"wp:featuredmedia":[{"embeddable":true,"href":"https:\/\/blogs.fu-berlin.de\/erasmusstaff\/wp-json\/wp\/v2\/media\/454"}],"wp:attachment":[{"href":"https:\/\/blogs.fu-berlin.de\/erasmusstaff\/wp-json\/wp\/v2\/media?parent=18"}],"wp:term":[{"taxonomy":"category","embeddable":true,"href":"https:\/\/blogs.fu-berlin.de\/erasmusstaff\/wp-json\/wp\/v2\/categories?post=18"},{"taxonomy":"post_tag","embeddable":true,"href":"https:\/\/blogs.fu-berlin.de\/erasmusstaff\/wp-json\/wp\/v2\/tags?post=18"}],"curies":[{"name":"wp","href":"https:\/\/api.w.org\/{rel}","templated":true}]}}