{"id":267,"date":"2022-07-16T16:11:00","date_gmt":"2022-07-16T14:11:00","guid":{"rendered":"https:\/\/blogs.fu-berlin.de\/erasmusstaff\/?p=267"},"modified":"2026-04-02T11:07:55","modified_gmt":"2026-04-02T09:07:55","slug":"lehraufenthalt-in-israel","status":"publish","type":"post","link":"https:\/\/blogs.fu-berlin.de\/erasmusstaff\/2022\/07\/16\/lehraufenthalt-in-israel\/","title":{"rendered":"Lehraufenthalt in Israel"},"content":{"rendered":"\r\n<p>Tel Aviv University, Israel &#8211; Juni 2022<\/p>\r\n\r\n\r\n\r\n\r\n\r\n<p>Mein Erasmus Lehraufenthalt fand im Juni 2022 an der Tel Aviv University statt. Zusammen mit einem Kollegen meines Arbeitsbereichs an der FU Berlin und in Kooperation mit einer Kollegin der FH Potsdam veranstalteten wir eine mehrt\u00e4gige Blockveranstaltung zum Thema der verschiedenen Verletzlichkeiten von Kindern. Die Lehrveranstaltung war fest in das Curriculum des dortigen Masterstudiengangs integriert.<\/p>\r\n\r\n\r\n\r\n<p>Die Studierenden zeichneten sich durch eine sehr hohe Bereitschaft aus, sich immer wieder in die verschiedenen Facetten der Seminarthematik hineinzudenken, indem sie die Impulse der Lehrenden mit ihrem eigenen Wissens- und Erfahrungsstand in Verbindung brachten und mit Blick auf die Gegebenheiten ihrer eigenen Gesellschaft diskutierten. Dadurch entstand eine produktive Austausch- und Diskussionsatmosph\u00e4re, die es auch uns als Lehrenden erm\u00f6glichte, die eigenen Wissensbest\u00e4nde neu zu kontextualisieren und damit zu hinterfragen. In der Atmosph\u00e4re dieses anregenden Austauschs konnten wir sogar \u00fcber die Diskussion einzelner Themen hinausgehen und die grundlegende Beobachtungsperspektive mit ihren M\u00f6glichkeiten und Grenzen diskutieren.<\/p>\r\n\r\n\r\n\r\n<p>Von den Kolleg:innen vor Ort wurden wir herzlich aufgenommen und erhielten in allen Bereichen jedwede Unterst\u00fctzung. Besonders erfreulich war, dass sich die Institutsleiterin bei einem Abendessen Zeit nahm, um mit uns in den fachlichen und pers\u00f6nlichen Dialog zu treten.<\/p>\r\n\r\n\r\n\r\n<p>Im Gesamten \u2013 eine wunderbare Lernerfahrung!<\/p>\r\n\r\n\r\n\r\n<figure class=\"wp-block-image size-large\"><img decoding=\"async\" class=\"wp-image-272\" src=\"https:\/\/blogs.fu-berlin.de\/erasmusstaff\/files\/2023\/10\/Bild-Uni-drinnen-1024x768.jpg\" alt=\"\" \/><\/figure>\r\n\r\n\r\n\r\n<figure class=\"wp-block-image size-large\"><img loading=\"lazy\" decoding=\"async\" width=\"1024\" height=\"768\" class=\"wp-image-270\" src=\"https:\/\/blogs.fu-berlin.de\/erasmusstaff\/files\/2023\/10\/Bild-campus-1024x768.jpg\" alt=\"\" srcset=\"https:\/\/blogs.fu-berlin.de\/erasmusstaff\/files\/2023\/10\/Bild-campus-1024x768.jpg 1024w, https:\/\/blogs.fu-berlin.de\/erasmusstaff\/files\/2023\/10\/Bild-campus-300x225.jpg 300w, https:\/\/blogs.fu-berlin.de\/erasmusstaff\/files\/2023\/10\/Bild-campus-768x576.jpg 768w, https:\/\/blogs.fu-berlin.de\/erasmusstaff\/files\/2023\/10\/Bild-campus-1200x900.jpg 1200w, https:\/\/blogs.fu-berlin.de\/erasmusstaff\/files\/2023\/10\/Bild-campus.jpg 1280w\" sizes=\"auto, (max-width: 709px) 85vw, (max-width: 909px) 67vw, (max-width: 1362px) 62vw, 840px\" \/><\/figure>\r\n\r\n\r\n\r\n<figure class=\"wp-block-image size-large\"><img loading=\"lazy\" decoding=\"async\" width=\"1024\" height=\"768\" class=\"wp-image-271\" src=\"https:\/\/blogs.fu-berlin.de\/erasmusstaff\/files\/2023\/10\/Bild-Uni-draussen-1024x768.jpg\" alt=\"\" srcset=\"https:\/\/blogs.fu-berlin.de\/erasmusstaff\/files\/2023\/10\/Bild-Uni-draussen-1024x768.jpg 1024w, https:\/\/blogs.fu-berlin.de\/erasmusstaff\/files\/2023\/10\/Bild-Uni-draussen-300x225.jpg 300w, https:\/\/blogs.fu-berlin.de\/erasmusstaff\/files\/2023\/10\/Bild-Uni-draussen-768x576.jpg 768w, https:\/\/blogs.fu-berlin.de\/erasmusstaff\/files\/2023\/10\/Bild-Uni-draussen-1200x900.jpg 1200w, https:\/\/blogs.fu-berlin.de\/erasmusstaff\/files\/2023\/10\/Bild-Uni-draussen.jpg 1280w\" sizes=\"auto, (max-width: 709px) 85vw, (max-width: 909px) 67vw, (max-width: 1362px) 62vw, 840px\" \/><\/figure>\r\n\r\n\r\n\r\n<p>&nbsp;<\/p>\r\n\r\n\r\n\r\n<p>Mehr Infos zur <a href=\"https:\/\/english.tau.ac.il\/\" target=\"_blank\" rel=\"noreferrer noopener\" data-type=\"URL\" data-id=\"https:\/\/english.tau.ac.il\/\">Tel Aviv University<\/a>.<\/p>\r\n","protected":false},"excerpt":{"rendered":"<p>Tel Aviv University, Israel &#8211; Juni 2022 Mein Erasmus Lehraufenthalt fand im Juni 2022 an der Tel Aviv University statt. Zusammen mit einem Kollegen meines Arbeitsbereichs an der FU Berlin und in Kooperation mit einer Kollegin der FH Potsdam veranstalteten wir eine mehrt\u00e4gige Blockveranstaltung zum Thema der verschiedenen Verletzlichkeiten von Kindern. Die Lehrveranstaltung war fest &hellip; <a href=\"https:\/\/blogs.fu-berlin.de\/erasmusstaff\/2022\/07\/16\/lehraufenthalt-in-israel\/\" class=\"more-link\"><span class=\"screen-reader-text\">\u201eLehraufenthalt in Israel\u201c<\/span> weiterlesen<\/a><\/p>\n","protected":false},"author":8698,"featured_media":653,"comment_status":"open","ping_status":"open","sticky":false,"template":"","format":"standard","meta":{"footnotes":""},"categories":[307534],"tags":[580753,580741],"class_list":["post-267","post","type-post","status-publish","format-standard","has-post-thumbnail","hentry","category-erasmus-weltweit","tag-israel","tag-teaching"],"_links":{"self":[{"href":"https:\/\/blogs.fu-berlin.de\/erasmusstaff\/wp-json\/wp\/v2\/posts\/267","targetHints":{"allow":["GET"]}}],"collection":[{"href":"https:\/\/blogs.fu-berlin.de\/erasmusstaff\/wp-json\/wp\/v2\/posts"}],"about":[{"href":"https:\/\/blogs.fu-berlin.de\/erasmusstaff\/wp-json\/wp\/v2\/types\/post"}],"author":[{"embeddable":true,"href":"https:\/\/blogs.fu-berlin.de\/erasmusstaff\/wp-json\/wp\/v2\/users\/8698"}],"replies":[{"embeddable":true,"href":"https:\/\/blogs.fu-berlin.de\/erasmusstaff\/wp-json\/wp\/v2\/comments?post=267"}],"version-history":[{"count":5,"href":"https:\/\/blogs.fu-berlin.de\/erasmusstaff\/wp-json\/wp\/v2\/posts\/267\/revisions"}],"predecessor-version":[{"id":1067,"href":"https:\/\/blogs.fu-berlin.de\/erasmusstaff\/wp-json\/wp\/v2\/posts\/267\/revisions\/1067"}],"wp:featuredmedia":[{"embeddable":true,"href":"https:\/\/blogs.fu-berlin.de\/erasmusstaff\/wp-json\/wp\/v2\/media\/653"}],"wp:attachment":[{"href":"https:\/\/blogs.fu-berlin.de\/erasmusstaff\/wp-json\/wp\/v2\/media?parent=267"}],"wp:term":[{"taxonomy":"category","embeddable":true,"href":"https:\/\/blogs.fu-berlin.de\/erasmusstaff\/wp-json\/wp\/v2\/categories?post=267"},{"taxonomy":"post_tag","embeddable":true,"href":"https:\/\/blogs.fu-berlin.de\/erasmusstaff\/wp-json\/wp\/v2\/tags?post=267"}],"curies":[{"name":"wp","href":"https:\/\/api.w.org\/{rel}","templated":true}]}}