{"id":27,"date":"2022-03-25T16:32:00","date_gmt":"2022-03-25T15:32:00","guid":{"rendered":"https:\/\/blogs.fu-berlin.de\/erasmusstaff\/?p=27"},"modified":"2026-04-02T10:38:13","modified_gmt":"2026-04-02T08:38:13","slug":"trainingsaufenthalt-in-mexiko","status":"publish","type":"post","link":"https:\/\/blogs.fu-berlin.de\/erasmusstaff\/2022\/03\/25\/trainingsaufenthalt-in-mexiko\/","title":{"rendered":"Trainingsaufenthalt in Mexiko"},"content":{"rendered":"\r\n<p>Universidad Nacional Aut\u00f3noma de M\u00e9xico, Mexiko. Feb. 2022<\/p>\r\n\r\n\r\n\r\n<figure class=\"wp-block-image size-large\"><img loading=\"lazy\" decoding=\"async\" width=\"1024\" height=\"1024\" class=\"wp-image-29\" src=\"https:\/\/blogs.fu-berlin.de\/erasmusstaff\/files\/2023\/10\/IMG-20220312-WA0402-1024x1024.jpg\" alt=\"\" srcset=\"https:\/\/blogs.fu-berlin.de\/erasmusstaff\/files\/2023\/10\/IMG-20220312-WA0402-1024x1024.jpg 1024w, https:\/\/blogs.fu-berlin.de\/erasmusstaff\/files\/2023\/10\/IMG-20220312-WA0402-300x300.jpg 300w, https:\/\/blogs.fu-berlin.de\/erasmusstaff\/files\/2023\/10\/IMG-20220312-WA0402-150x150.jpg 150w, https:\/\/blogs.fu-berlin.de\/erasmusstaff\/files\/2023\/10\/IMG-20220312-WA0402-768x768.jpg 768w, https:\/\/blogs.fu-berlin.de\/erasmusstaff\/files\/2023\/10\/IMG-20220312-WA0402-1536x1536.jpg 1536w, https:\/\/blogs.fu-berlin.de\/erasmusstaff\/files\/2023\/10\/IMG-20220312-WA0402-1200x1200.jpg 1200w, https:\/\/blogs.fu-berlin.de\/erasmusstaff\/files\/2023\/10\/IMG-20220312-WA0402.jpg 2048w\" sizes=\"auto, (max-width: 709px) 85vw, (max-width: 909px) 67vw, (max-width: 1362px) 62vw, 840px\" \/><\/figure>\r\n\r\n\r\n\r\n<p>Im Februar 2022 verbrachte ich eine Woche an der Universidad Nacional Aut\u00f3noma de M\u00e9xico (UNAM) in Mexico-City.<br \/>Nach einem Aufenthalt an der Universit\u00e4t Kapstadt (2018) war dies meine zweite Personalmobilit\u00e4t und ich kann dies jeder und jedem nur w\u00e4rmstens empfehlen.<\/p>\r\n<p><!--more--><\/p>\r\n\r\n\r\n\r\n<p>Aufgrund der Pandemie war es zum Teil schwierig, ein entsprechendes Wochenprogramm zu organisieren, jedoch hat meine Kollegin an der UNAM ein sehr informatives und abwechslungsreiches Programm gestaltet.<br \/>Ich konnte verschiedene Bereiche der Universit\u00e4t kennenlernen und einen Einblick in die Arbeit, Schwierigkeiten und Probleml\u00f6sungen bekommen. Der Fokus lag hierbei vor allem auf m\u00f6glichen internationalen Kooperationen und Austauschm\u00f6glichkeiten zwischen FU und UNAM f\u00fcr die verschiedenen Studierendengruppen.<br \/>Neben interessanten Fachgespr\u00e4chen gab es aber auch Gelegenheit, einen Campuswalk inkl. Bibliotheksf\u00fchrung oder auch F\u00fchrung durch altehrw\u00fcrdige Fakult\u00e4tsgeb\u00e4ude zu machen. Alles in Allem ein sehr abwechslungsreiches Programm.<br \/>All meine Kontakte waren sehr freundlich und v.a. auch gl\u00fccklich, nach nunmehr 2 Jahren Pandemie langsam wieder G\u00e4ste begr\u00fc\u00dfen zu k\u00f6nnen und so wurde ich immer mit offenen Armen und interessierten Gespr\u00e4chen empfangen.<\/p>\r\n\r\n\r\n\r\n<p>Neben dem Einblick in die Universit\u00e4tsstruktur in einem anderen Land (gar Kontinent) erm\u00f6glicht die Personalmobilit\u00e4t nat\u00fcrlich auch einen Einblick in andere Kulturen. Das hat mich pers\u00f6nlich sehr gepr\u00e4gt und ich habe durchweg positive Erfahrungen mit nach Hause genommen. Und da ich mich mit meinen Kolleg*innen dort sehr gut verstanden habe, gab es auch das ein oder andere gemeinsame Essen sowie einen Ausflug zu einer bekannten Tempelanlage oder auch eine Bootsfahrt auf dem Xochimilco.<\/p>\r\n\r\n\r\n\r\n<p>Ich empfehle f\u00fcr einen Aufenthalt an der UNAM zumindest Grundkenntnisse im Spanischen &#8211; meine waren da sehr wenig vorhanden, nat\u00fcrliche kommt man mit Englisch auch gut zurecht und sonst gab es auch ab und an einen \u00dcbersetzer (Spanisch\/Englisch). Und das hat dem Austausch m.E. auch keinen Nachteil gebracht. Auch sollte man sich zuvor die Unistruktur ansehen und die eigenen Interessen m\u00f6glichst klar formulieren, damit alle Seiten von dem Austausch profitieren k\u00f6nnen.<\/p>\r\n\r\n\r\n\r\n<figure class=\"wp-block-image size-large\"><img loading=\"lazy\" decoding=\"async\" width=\"1024\" height=\"1024\" class=\"wp-image-28\" src=\"https:\/\/blogs.fu-berlin.de\/erasmusstaff\/files\/2023\/10\/IMG-20220312-WA0408-1024x1024.jpg\" alt=\"\" srcset=\"https:\/\/blogs.fu-berlin.de\/erasmusstaff\/files\/2023\/10\/IMG-20220312-WA0408-1024x1024.jpg 1024w, https:\/\/blogs.fu-berlin.de\/erasmusstaff\/files\/2023\/10\/IMG-20220312-WA0408-300x300.jpg 300w, https:\/\/blogs.fu-berlin.de\/erasmusstaff\/files\/2023\/10\/IMG-20220312-WA0408-150x150.jpg 150w, https:\/\/blogs.fu-berlin.de\/erasmusstaff\/files\/2023\/10\/IMG-20220312-WA0408-768x768.jpg 768w, https:\/\/blogs.fu-berlin.de\/erasmusstaff\/files\/2023\/10\/IMG-20220312-WA0408-1536x1536.jpg 1536w, https:\/\/blogs.fu-berlin.de\/erasmusstaff\/files\/2023\/10\/IMG-20220312-WA0408-1200x1200.jpg 1200w, https:\/\/blogs.fu-berlin.de\/erasmusstaff\/files\/2023\/10\/IMG-20220312-WA0408.jpg 2048w\" sizes=\"auto, (max-width: 709px) 85vw, (max-width: 909px) 67vw, (max-width: 1362px) 62vw, 840px\" \/><\/figure>\r\n\r\n\r\n\r\n\r\n\r\n\r\n\r\n<p>Mehr Infos zur <a href=\"https:\/\/www.unam.mx\/\" data-type=\"URL\" data-id=\"https:\/\/www.unam.mx\/\">UNAM Mexiko<\/a>.<\/p>\r\n","protected":false},"excerpt":{"rendered":"<p>Universidad Nacional Aut\u00f3noma de M\u00e9xico, Mexiko. Feb. 2022 Im Februar 2022 verbrachte ich eine Woche an der Universidad Nacional Aut\u00f3noma de M\u00e9xico (UNAM) in Mexico-City.Nach einem Aufenthalt an der Universit\u00e4t Kapstadt (2018) war dies meine zweite Personalmobilit\u00e4t und ich kann dies jeder und jedem nur w\u00e4rmstens empfehlen.<\/p>\n","protected":false},"author":6917,"featured_media":487,"comment_status":"open","ping_status":"open","sticky":false,"template":"","format":"standard","meta":{"footnotes":""},"categories":[307534],"tags":[580747,580752],"class_list":["post-27","post","type-post","status-publish","format-standard","has-post-thumbnail","hentry","category-erasmus-weltweit","tag-job-shadowing","tag-mexiko"],"_links":{"self":[{"href":"https:\/\/blogs.fu-berlin.de\/erasmusstaff\/wp-json\/wp\/v2\/posts\/27","targetHints":{"allow":["GET"]}}],"collection":[{"href":"https:\/\/blogs.fu-berlin.de\/erasmusstaff\/wp-json\/wp\/v2\/posts"}],"about":[{"href":"https:\/\/blogs.fu-berlin.de\/erasmusstaff\/wp-json\/wp\/v2\/types\/post"}],"author":[{"embeddable":true,"href":"https:\/\/blogs.fu-berlin.de\/erasmusstaff\/wp-json\/wp\/v2\/users\/6917"}],"replies":[{"embeddable":true,"href":"https:\/\/blogs.fu-berlin.de\/erasmusstaff\/wp-json\/wp\/v2\/comments?post=27"}],"version-history":[{"count":11,"href":"https:\/\/blogs.fu-berlin.de\/erasmusstaff\/wp-json\/wp\/v2\/posts\/27\/revisions"}],"predecessor-version":[{"id":1048,"href":"https:\/\/blogs.fu-berlin.de\/erasmusstaff\/wp-json\/wp\/v2\/posts\/27\/revisions\/1048"}],"wp:featuredmedia":[{"embeddable":true,"href":"https:\/\/blogs.fu-berlin.de\/erasmusstaff\/wp-json\/wp\/v2\/media\/487"}],"wp:attachment":[{"href":"https:\/\/blogs.fu-berlin.de\/erasmusstaff\/wp-json\/wp\/v2\/media?parent=27"}],"wp:term":[{"taxonomy":"category","embeddable":true,"href":"https:\/\/blogs.fu-berlin.de\/erasmusstaff\/wp-json\/wp\/v2\/categories?post=27"},{"taxonomy":"post_tag","embeddable":true,"href":"https:\/\/blogs.fu-berlin.de\/erasmusstaff\/wp-json\/wp\/v2\/tags?post=27"}],"curies":[{"name":"wp","href":"https:\/\/api.w.org\/{rel}","templated":true}]}}