{"id":274,"date":"2022-07-29T16:17:00","date_gmt":"2022-07-29T14:17:00","guid":{"rendered":"https:\/\/blogs.fu-berlin.de\/erasmusstaff\/?p=274"},"modified":"2026-04-02T11:23:37","modified_gmt":"2026-04-02T09:23:37","slug":"lehraufenthalt-in-mexiko","status":"publish","type":"post","link":"https:\/\/blogs.fu-berlin.de\/erasmusstaff\/2022\/07\/29\/lehraufenthalt-in-mexiko\/","title":{"rendered":"Lehraufenthalt in Mexiko"},"content":{"rendered":"\r\n<p>Universidad Nacional Aut\u00f3noma de M\u00e9xico (UNAM), Mexiko &#8211; Juli 2022<\/p>\r\n\r\n\r\n\r\n\r\n\r\n<p>Nachdem ich mich bereits Ende 2020 beworben hatte, konnte mein Aufenthalt an der UNAM in Mexiko-City nach mehreren schwierigen Pandemiephasen im Juli 2022 endlich stattfinden. Nach meiner Ankunft bekam ich zun\u00e4chst einen Rundgang auf dem Hauptcampus der UNAM (wo sich auch die rechtswissenschaftliche Fakult\u00e4t befindet). Die UNAM l\u00e4sst sich ohne Weiteres als eigene Stadt beschreiben, wie mir berichtet wurde, sind derzeit ca. 350.000 Studierende eingeschrieben. Leider befand sich die UNAM w\u00e4hrend meines Aufenthalts noch in den akademischen Ferien, sodass in der Woche kaum Studierende anzutreffen waren und auch der Universit\u00e4tsbetrieb leicht eingeschr\u00e4nkt lief. Nichtsdestotrotz stellte mir die UNAM ein ausgewogenes und interessantes Programm zusammen. Nach dem Rundgang und einem ersten Kennenlernen mit den verantwortlichen Personen hatte ich die Ehre, an einem Professorenseminar teilzunehmen, um Ideen zu aktuellen Themen des Internationalen Rechts sowie zum Migrationsrecht auszutauschen. Auch konnte ich das Kulturzentrum der Universit\u00e4t kennenlernen. Des Weiteren durfte ich bei zwei Konferenzen der UNAM mit Partneruniversit\u00e4ten aus Spanien und Guatemala teilnehmen, in deren Rahmen ich Vortr\u00e4ge zum Migrationsrecht sowie zum Europarecht gehalten habe. Dar\u00fcber hinaus konnte ich das Thema meiner Doktorarbeit im Rahmen eines Doktorandenseminars vorstellen. Zum Programm geh\u00f6rte auch ein Besuch der rechtswissenschaftlichen und der allgemeinen Bibliothek sowie des Instituts f\u00fcr rechtswissenschaftliche Forschung. Der Aufenthalt sah zudem ein umfangreiches kulturelles Programm vor, so konnte ich etwa das ber\u00fchmte Antropologiemuseum in Mexiko-City besuchen. W\u00e4hrend der gesamten Woche wurde ich sehr gut betreut, alle Menschen die ich getroffen habe, waren \u00fcberaus freundlich und sehr interessiert an mir und einem (fachlichen) Austausch sowie an einer auch zuk\u00fcnftigen Kooperation mit mir und meiner Universit\u00e4t. Ich bin mir sicher, dass viele dieser Kontakte noch lange anhalten werden. Insgesamt war es in jeder Hinsicht ein sch\u00f6ner und lehrreicher Aufenthalt, den ich jedem nur empfehlen kann!<\/p>\r\n\r\n\r\n\r\n<p>Mehr Infos zur <a href=\"https:\/\/www.unam.mx\/\" target=\"_blank\" rel=\"noreferrer noopener\" data-type=\"URL\" data-id=\"https:\/\/www.unam.mx\/\">Universidad Nacional Aut\u00f3noma de M\u00e9xico<\/a>.<\/p>\r\n","protected":false},"excerpt":{"rendered":"<p>Universidad Nacional Aut\u00f3noma de M\u00e9xico (UNAM), Mexiko &#8211; Juli 2022 Nachdem ich mich bereits Ende 2020 beworben hatte, konnte mein Aufenthalt an der UNAM in Mexiko-City nach mehreren schwierigen Pandemiephasen im Juli 2022 endlich stattfinden. Nach meiner Ankunft bekam ich zun\u00e4chst einen Rundgang auf dem Hauptcampus der UNAM (wo sich auch die rechtswissenschaftliche Fakult\u00e4t befindet). &hellip; <a href=\"https:\/\/blogs.fu-berlin.de\/erasmusstaff\/2022\/07\/29\/lehraufenthalt-in-mexiko\/\" class=\"more-link\"><span class=\"screen-reader-text\">\u201eLehraufenthalt in Mexiko\u201c<\/span> weiterlesen<\/a><\/p>\n","protected":false},"author":8698,"featured_media":650,"comment_status":"open","ping_status":"open","sticky":false,"template":"","format":"standard","meta":{"footnotes":""},"categories":[307534],"tags":[580752,580741],"class_list":["post-274","post","type-post","status-publish","format-standard","has-post-thumbnail","hentry","category-erasmus-weltweit","tag-mexiko","tag-teaching"],"_links":{"self":[{"href":"https:\/\/blogs.fu-berlin.de\/erasmusstaff\/wp-json\/wp\/v2\/posts\/274","targetHints":{"allow":["GET"]}}],"collection":[{"href":"https:\/\/blogs.fu-berlin.de\/erasmusstaff\/wp-json\/wp\/v2\/posts"}],"about":[{"href":"https:\/\/blogs.fu-berlin.de\/erasmusstaff\/wp-json\/wp\/v2\/types\/post"}],"author":[{"embeddable":true,"href":"https:\/\/blogs.fu-berlin.de\/erasmusstaff\/wp-json\/wp\/v2\/users\/8698"}],"replies":[{"embeddable":true,"href":"https:\/\/blogs.fu-berlin.de\/erasmusstaff\/wp-json\/wp\/v2\/comments?post=274"}],"version-history":[{"count":7,"href":"https:\/\/blogs.fu-berlin.de\/erasmusstaff\/wp-json\/wp\/v2\/posts\/274\/revisions"}],"predecessor-version":[{"id":1071,"href":"https:\/\/blogs.fu-berlin.de\/erasmusstaff\/wp-json\/wp\/v2\/posts\/274\/revisions\/1071"}],"wp:featuredmedia":[{"embeddable":true,"href":"https:\/\/blogs.fu-berlin.de\/erasmusstaff\/wp-json\/wp\/v2\/media\/650"}],"wp:attachment":[{"href":"https:\/\/blogs.fu-berlin.de\/erasmusstaff\/wp-json\/wp\/v2\/media?parent=274"}],"wp:term":[{"taxonomy":"category","embeddable":true,"href":"https:\/\/blogs.fu-berlin.de\/erasmusstaff\/wp-json\/wp\/v2\/categories?post=274"},{"taxonomy":"post_tag","embeddable":true,"href":"https:\/\/blogs.fu-berlin.de\/erasmusstaff\/wp-json\/wp\/v2\/tags?post=274"}],"curies":[{"name":"wp","href":"https:\/\/api.w.org\/{rel}","templated":true}]}}