{"id":288,"date":"2022-10-30T13:34:00","date_gmt":"2022-10-30T12:34:00","guid":{"rendered":"https:\/\/blogs.fu-berlin.de\/erasmusstaff\/?p=288"},"modified":"2026-04-02T11:39:53","modified_gmt":"2026-04-02T09:39:53","slug":"lehraufenthalt-in-chile","status":"publish","type":"post","link":"https:\/\/blogs.fu-berlin.de\/erasmusstaff\/2022\/10\/30\/lehraufenthalt-in-chile\/","title":{"rendered":"Lehraufenthalt in Chile"},"content":{"rendered":"\r\n<p>Pontificia Universidad Cat\u00f3lica de Chile, Chile &#8211; September 2022<\/p>\r\n\r\n\r\n\r\n<p>Die Erasmus+ Lehrmobilit\u00e4t ist eine tolle Chance, das Wissenschaftssystem und den universit\u00e4ren Arbeitsalltag in einem anderen Land kennenzulernen. Mein einw\u00f6chiger Aufenthalt an der Universidad Catolica in Chile erm\u00f6glichte mir den fachlichen Austausch mit chilenischen Kolleg<em>innen <\/em>sowie Studierenden. In Vorbereitung auf den Aufenthalt hatte ich Spanischkurse belegt und konnte meine Sprachkenntnisse vor Ort noch einmal sehr ausbauen, was auch ein pers\u00f6nliches Erfolgserlebnis war. Die Kolleg<em>innen<\/em> am geographischen Institut der Universidad Catolica haben mich sehr herzlich aufgenommen, ich habe vor Ort einen Arbeitsplatz gestellt bekommen und hatte so die Gelegenheit viel vor Ort zu sein und den Alltag am Institut mitzubekommen. Gerade nach den Covid-19 Jahren gab es von allen Seiten reges Interesse.<\/p>\r\n\r\n\r\n\r\n<figure class=\"wp-block-image size-large\"><img loading=\"lazy\" decoding=\"async\" width=\"1024\" height=\"1024\" class=\"wp-image-289\" src=\"https:\/\/blogs.fu-berlin.de\/erasmusstaff\/files\/2023\/10\/b_orth-04-1024x1024.png\" alt=\"\" srcset=\"https:\/\/blogs.fu-berlin.de\/erasmusstaff\/files\/2023\/10\/b_orth-04-1024x1024.png 1024w, https:\/\/blogs.fu-berlin.de\/erasmusstaff\/files\/2023\/10\/b_orth-04-300x300.png 300w, https:\/\/blogs.fu-berlin.de\/erasmusstaff\/files\/2023\/10\/b_orth-04-150x150.png 150w, https:\/\/blogs.fu-berlin.de\/erasmusstaff\/files\/2023\/10\/b_orth-04-768x768.png 768w, https:\/\/blogs.fu-berlin.de\/erasmusstaff\/files\/2023\/10\/b_orth-04-1536x1536.png 1536w, https:\/\/blogs.fu-berlin.de\/erasmusstaff\/files\/2023\/10\/b_orth-04-2048x2048.png 2048w, https:\/\/blogs.fu-berlin.de\/erasmusstaff\/files\/2023\/10\/b_orth-04-1200x1199.png 1200w\" sizes=\"auto, (max-width: 709px) 85vw, (max-width: 909px) 67vw, (max-width: 1362px) 62vw, 840px\" \/><\/figure>\r\n\r\n\r\n\r\n<p>Mehr Infos zur <a href=\"https:\/\/www.uc.cl\/\" target=\"_blank\" rel=\"noreferrer noopener\" data-type=\"URL\" data-id=\"https:\/\/www.uc.cl\/\">Pontificia Universidad Cat\u00f3lica de Chile<\/a>.<\/p>\r\n","protected":false},"excerpt":{"rendered":"<p>Pontificia Universidad Cat\u00f3lica de Chile, Chile &#8211; September 2022 Die Erasmus+ Lehrmobilit\u00e4t ist eine tolle Chance, das Wissenschaftssystem und den universit\u00e4ren Arbeitsalltag in einem anderen Land kennenzulernen. Mein einw\u00f6chiger Aufenthalt an der Universidad Catolica in Chile erm\u00f6glichte mir den fachlichen Austausch mit chilenischen Kolleginnen sowie Studierenden. In Vorbereitung auf den Aufenthalt hatte ich Spanischkurse belegt &hellip; <a href=\"https:\/\/blogs.fu-berlin.de\/erasmusstaff\/2022\/10\/30\/lehraufenthalt-in-chile\/\" class=\"more-link\"><span class=\"screen-reader-text\">\u201eLehraufenthalt in Chile\u201c<\/span> weiterlesen<\/a><\/p>\n","protected":false},"author":8698,"featured_media":0,"comment_status":"open","ping_status":"open","sticky":false,"template":"","format":"standard","meta":{"footnotes":""},"categories":[307534],"tags":[580748,580741],"class_list":["post-288","post","type-post","status-publish","format-standard","hentry","category-erasmus-weltweit","tag-chile","tag-teaching"],"_links":{"self":[{"href":"https:\/\/blogs.fu-berlin.de\/erasmusstaff\/wp-json\/wp\/v2\/posts\/288","targetHints":{"allow":["GET"]}}],"collection":[{"href":"https:\/\/blogs.fu-berlin.de\/erasmusstaff\/wp-json\/wp\/v2\/posts"}],"about":[{"href":"https:\/\/blogs.fu-berlin.de\/erasmusstaff\/wp-json\/wp\/v2\/types\/post"}],"author":[{"embeddable":true,"href":"https:\/\/blogs.fu-berlin.de\/erasmusstaff\/wp-json\/wp\/v2\/users\/8698"}],"replies":[{"embeddable":true,"href":"https:\/\/blogs.fu-berlin.de\/erasmusstaff\/wp-json\/wp\/v2\/comments?post=288"}],"version-history":[{"count":6,"href":"https:\/\/blogs.fu-berlin.de\/erasmusstaff\/wp-json\/wp\/v2\/posts\/288\/revisions"}],"predecessor-version":[{"id":1077,"href":"https:\/\/blogs.fu-berlin.de\/erasmusstaff\/wp-json\/wp\/v2\/posts\/288\/revisions\/1077"}],"wp:attachment":[{"href":"https:\/\/blogs.fu-berlin.de\/erasmusstaff\/wp-json\/wp\/v2\/media?parent=288"}],"wp:term":[{"taxonomy":"category","embeddable":true,"href":"https:\/\/blogs.fu-berlin.de\/erasmusstaff\/wp-json\/wp\/v2\/categories?post=288"},{"taxonomy":"post_tag","embeddable":true,"href":"https:\/\/blogs.fu-berlin.de\/erasmusstaff\/wp-json\/wp\/v2\/tags?post=288"}],"curies":[{"name":"wp","href":"https:\/\/api.w.org\/{rel}","templated":true}]}}