{"id":33,"date":"2022-07-10T16:35:00","date_gmt":"2022-07-10T14:35:00","guid":{"rendered":"https:\/\/blogs.fu-berlin.de\/erasmusstaff\/?p=33"},"modified":"2026-04-02T11:04:35","modified_gmt":"2026-04-02T09:04:35","slug":"trainingsaufenthalt-in-argentinien","status":"publish","type":"post","link":"https:\/\/blogs.fu-berlin.de\/erasmusstaff\/2022\/07\/10\/trainingsaufenthalt-in-argentinien\/","title":{"rendered":"Trainingsaufenthalt in Argentinien"},"content":{"rendered":"\r\n<p>Universidad de C\u00f3rdoba (UNC), Argentinien &#8211; Juni 2022<\/p>\r\n\r\n\r\n\r\n\r\n\r\n<p>Im Juni 2022 halte ich die Gelegenheit, an einem Erasmus+ Austausch in C\u00f3rdoba, Argentinien, teilzunehmen und meine Kolleg<em>innen <\/em>an der Universidad de C\u00f3rdoba (UNC) zu besuchen. Mich erwartete ein gut ausgearbeiteter Arbeitsplan, der mich in verschiedene Bereiche der Uni f\u00fchrte. Ich habe vom 6.-10. Juni 2022 die Mitarbeiter<em>innen <\/em>des Internationalen B\u00fcros an der UNC besucht. Sie haben mich sehr freundlich aufgenommen und hatten einen einw\u00f6chigen Arbeitsplan f\u00fcr eine gleichzeitig hospitierende kolumbianische Kollegin und mich erarbeitet. Die Verst\u00e4ndigung funktionierte sehr gut auf Englisch. Nach dem gegenseitigen Kennenlernen besuchte ich in den darauffolgenden Tagen Kolleg<em>innen <\/em>verschiedener Fachbereiche. Ein sehr netter Mitarbeiter begleitete mich am ersten Tag zum Fachbereich Wirtschaftswissenschaften sowie dem Department of Graduate Studies. Die meisten Fachbereiche der UNC sind auf dem gro\u00dfen Campus angesiedelt. Einige Fachbereiche befinden sich jedoch im Stadtzentrum, u. A. auch auch der Fachbereich Rechtswissenschaften.<\/p>\r\n<p><!--more--><\/p>\r\n<p>Der Campus sowie die dezentralen Fachbereiche befanden sich in fu\u00dfl\u00e4ufiger Entfernung. Nach einem sehr informativen Museumsbesuch zur Geschichte der UNC lernte ich den Leiter des Internationalen B\u00fcros der Rechlswissenschaftgen sowie seine Mitarbeiterin kennen. Herr Dr. Jorge Barbara hatte vor vielen Jahren in Deutschland studiert und besa\u00df noch immer exzellente Deutschkenntnisse. Es haben sich an allen besuchten Fachbereichen interessante Gespr\u00e4che ergeben, und das Interesse an einer Steigerung der Mobilit\u00e4ten wurde von allen Gespr\u00e4chsteilnehmer<em>innen<\/em> unterstrichen. So konnte ich einige neue Kontakte herstellen, z. B. zum Internationalen B\u00fcro der Wirtschaftswissenschaften an der FU Berlin sowie zu einer Professorin der Spanischen Philologie. Zus\u00e4tzlich zu den Kolleginnen des Internationalen B\u00fcros der UNC lernte ich eine Kollegin des Programms PECLA (Programa de Espanol y Cultura Latinoamericana) kennen. Ich habe sowohl die Freie Universit\u00e4t Berlin vorgestellt als auch unser Auswahlverfahren f\u00fcr Austauschstudierende. Die Kolleg<em>innen<\/em> stellten ihrerseits die Universidad de C\u00f3rdoba vor, deren Geschichte und Entstehung sowie deren Auswahlprozess und Betreuung unserer Studierenden. Der gegenseitige Austausch erwies sich als sehr produktiv und n\u00fctzlich. Viele Fragen konnten ausf\u00fchrlich beantwortet werden. Am letzten Arbeitstag wurden die kolumbianische Kollegin und ich von den Kolleg<em>innen <\/em>des Internationalen B\u00fcros zum Essen eingeladen. Wir haben uns \u00fcber unterschiedliche kulturelle Gepflogenheiten ausgetauscht, was sehr am\u00fcsant war und zum gegenseitigen Verst\u00e4ndnis beitrug. Insgesamt habe ich einen sehr positiven Eindruck von der UNC erhalten und kann einen Austausch mit der Universit\u00e4t uneingeschr\u00e4nkt empfehlen. Die meisten Menschen in C\u00f3rdoba waren Ausl\u00e4nder<em>innen<\/em> sehr offen und interessiert eingestellt. Sie begegneten mir mit einer tiefen Herzlichkeit. Die Reaktionen auf mein Herkunftsland Deutschland waren durchweg positiv. Ich wurde von vielen Seiten ermahnt, bei Stadterkundungen auf meine Wertsachen zu achten. Mit dem obligatorischen Sicherheitsverhalten, wie man es in jeder Gro\u00dfstadt anwendet, kam ich gut \u00fcber die Runden.<\/p>\r\n\r\n\r\n\r\n<p>&nbsp;<\/p>\r\n\r\n\r\n\r\n<p>Mehr Infos zur <a href=\"https:\/\/www.unc.edu.ar\/\" data-type=\"URL\" data-id=\"https:\/\/www.unc.edu.ar\/\">Universidad de C\u00f3rdoba (UNC)<\/a>.<\/p>\r\n","protected":false},"excerpt":{"rendered":"<p>Universidad de C\u00f3rdoba (UNC), Argentinien &#8211; Juni 2022 Im Juni 2022 halte ich die Gelegenheit, an einem Erasmus+ Austausch in C\u00f3rdoba, Argentinien, teilzunehmen und meine Kolleginnen an der Universidad de C\u00f3rdoba (UNC) zu besuchen. Mich erwartete ein gut ausgearbeiteter Arbeitsplan, der mich in verschiedene Bereiche der Uni f\u00fchrte. Ich habe vom 6.-10. Juni 2022 die &hellip; <a href=\"https:\/\/blogs.fu-berlin.de\/erasmusstaff\/2022\/07\/10\/trainingsaufenthalt-in-argentinien\/\" class=\"more-link\"><span class=\"screen-reader-text\">\u201eTrainingsaufenthalt in Argentinien\u201c<\/span> weiterlesen<\/a><\/p>\n","protected":false},"author":8698,"featured_media":681,"comment_status":"open","ping_status":"open","sticky":false,"template":"","format":"standard","meta":{"footnotes":""},"categories":[307534],"tags":[580750,580747],"class_list":["post-33","post","type-post","status-publish","format-standard","has-post-thumbnail","hentry","category-erasmus-weltweit","tag-argentinien","tag-job-shadowing"],"_links":{"self":[{"href":"https:\/\/blogs.fu-berlin.de\/erasmusstaff\/wp-json\/wp\/v2\/posts\/33","targetHints":{"allow":["GET"]}}],"collection":[{"href":"https:\/\/blogs.fu-berlin.de\/erasmusstaff\/wp-json\/wp\/v2\/posts"}],"about":[{"href":"https:\/\/blogs.fu-berlin.de\/erasmusstaff\/wp-json\/wp\/v2\/types\/post"}],"author":[{"embeddable":true,"href":"https:\/\/blogs.fu-berlin.de\/erasmusstaff\/wp-json\/wp\/v2\/users\/8698"}],"replies":[{"embeddable":true,"href":"https:\/\/blogs.fu-berlin.de\/erasmusstaff\/wp-json\/wp\/v2\/comments?post=33"}],"version-history":[{"count":11,"href":"https:\/\/blogs.fu-berlin.de\/erasmusstaff\/wp-json\/wp\/v2\/posts\/33\/revisions"}],"predecessor-version":[{"id":1065,"href":"https:\/\/blogs.fu-berlin.de\/erasmusstaff\/wp-json\/wp\/v2\/posts\/33\/revisions\/1065"}],"wp:featuredmedia":[{"embeddable":true,"href":"https:\/\/blogs.fu-berlin.de\/erasmusstaff\/wp-json\/wp\/v2\/media\/681"}],"wp:attachment":[{"href":"https:\/\/blogs.fu-berlin.de\/erasmusstaff\/wp-json\/wp\/v2\/media?parent=33"}],"wp:term":[{"taxonomy":"category","embeddable":true,"href":"https:\/\/blogs.fu-berlin.de\/erasmusstaff\/wp-json\/wp\/v2\/categories?post=33"},{"taxonomy":"post_tag","embeddable":true,"href":"https:\/\/blogs.fu-berlin.de\/erasmusstaff\/wp-json\/wp\/v2\/tags?post=33"}],"curies":[{"name":"wp","href":"https:\/\/api.w.org\/{rel}","templated":true}]}}