{"id":353,"date":"2022-11-30T16:43:00","date_gmt":"2022-11-30T15:43:00","guid":{"rendered":"https:\/\/blogs.fu-berlin.de\/erasmusstaff\/?p=353"},"modified":"2026-04-02T13:49:42","modified_gmt":"2026-04-02T11:49:42","slug":"lehraufenthalt-in-tschechien","status":"publish","type":"post","link":"https:\/\/blogs.fu-berlin.de\/erasmusstaff\/2022\/11\/30\/lehraufenthalt-in-tschechien\/","title":{"rendered":"Lehraufenthalt in Tschechien"},"content":{"rendered":"\r\n<p>Martin Konvi\u010dka, Karls-Universit\u00e4t Prag, Tschechien &#8211; Oktober 2022<\/p>\r\n\r\n\r\n\r\n<figure class=\"wp-block-image size-large\"><img decoding=\"async\" class=\"wp-image-627\" src=\"https:\/\/blogs.fu-berlin.de\/erasmusstaff\/files\/2023\/10\/Foto-1-2-edited.jpg\" alt=\"\" \/><\/figure>\r\n\r\n\r\n\r\n<p>Ich habe eine Woche (23.-30. Oktober 2022) an der Karls-Universit\u00e4t in Prag verbracht. Der Aufenthalt gab mir einerseits die Gelegenheit, die Ergebnisse meiner Forschung einem neuen Publikum vorzustellen und so auch anschlie\u00dfend wertvolles Feedback zu erhalten. Andererseits bietet ein Erasmus+ Aufenthalt, anders als ein Vortrag auf einer Tagung, die Gelegenheit, sich intensiver mit den Kolleg:innen der Gastuniversit\u00e4t auszutauschen und daher wertvolle Kontakte f\u00fcr die zuk\u00fcnftige Zusammenarbeit anzukn\u00fcpfen. In der Zeit, in der mittlerweile Zoom-Calls und Webex-Meetings zum Mainstream geworden sind, sind pers\u00f6nliche Kontakte umso wichtiger. Daher kann ich einen solchen Erasmus+ Aufenthalt allen Interessierten herzlichst empfehlen.<\/p>\r\n\r\n\r\n\r\n<figure class=\"wp-block-image size-large\"><img loading=\"lazy\" decoding=\"async\" width=\"2560\" height=\"2560\" class=\"wp-image-491\" src=\"https:\/\/blogs.fu-berlin.de\/erasmusstaff\/files\/2023\/10\/Foto-2-2-edited-scaled.jpg\" alt=\"\" srcset=\"https:\/\/blogs.fu-berlin.de\/erasmusstaff\/files\/2023\/10\/Foto-2-2-edited-scaled.jpg 2560w, https:\/\/blogs.fu-berlin.de\/erasmusstaff\/files\/2023\/10\/Foto-2-2-edited-300x300.jpg 300w, https:\/\/blogs.fu-berlin.de\/erasmusstaff\/files\/2023\/10\/Foto-2-2-edited-1024x1024.jpg 1024w, https:\/\/blogs.fu-berlin.de\/erasmusstaff\/files\/2023\/10\/Foto-2-2-edited-150x150.jpg 150w, https:\/\/blogs.fu-berlin.de\/erasmusstaff\/files\/2023\/10\/Foto-2-2-edited-768x768.jpg 768w, https:\/\/blogs.fu-berlin.de\/erasmusstaff\/files\/2023\/10\/Foto-2-2-edited-1536x1536.jpg 1536w, https:\/\/blogs.fu-berlin.de\/erasmusstaff\/files\/2023\/10\/Foto-2-2-edited-2048x2048.jpg 2048w, https:\/\/blogs.fu-berlin.de\/erasmusstaff\/files\/2023\/10\/Foto-2-2-edited-1200x1200.jpg 1200w\" sizes=\"auto, (max-width: 709px) 85vw, (max-width: 909px) 67vw, (max-width: 1362px) 62vw, 840px\" \/><\/figure>\r\n\r\n\r\n\r\n<figure class=\"wp-block-image size-large\"><img loading=\"lazy\" decoding=\"async\" width=\"2560\" height=\"2560\" class=\"wp-image-492\" src=\"https:\/\/blogs.fu-berlin.de\/erasmusstaff\/files\/2023\/10\/Foto-3-2-edited-scaled.jpg\" alt=\"\" srcset=\"https:\/\/blogs.fu-berlin.de\/erasmusstaff\/files\/2023\/10\/Foto-3-2-edited-scaled.jpg 2560w, https:\/\/blogs.fu-berlin.de\/erasmusstaff\/files\/2023\/10\/Foto-3-2-edited-300x300.jpg 300w, https:\/\/blogs.fu-berlin.de\/erasmusstaff\/files\/2023\/10\/Foto-3-2-edited-1024x1024.jpg 1024w, https:\/\/blogs.fu-berlin.de\/erasmusstaff\/files\/2023\/10\/Foto-3-2-edited-150x150.jpg 150w, https:\/\/blogs.fu-berlin.de\/erasmusstaff\/files\/2023\/10\/Foto-3-2-edited-768x768.jpg 768w, https:\/\/blogs.fu-berlin.de\/erasmusstaff\/files\/2023\/10\/Foto-3-2-edited-1536x1536.jpg 1536w, https:\/\/blogs.fu-berlin.de\/erasmusstaff\/files\/2023\/10\/Foto-3-2-edited-2048x2048.jpg 2048w, https:\/\/blogs.fu-berlin.de\/erasmusstaff\/files\/2023\/10\/Foto-3-2-edited-1200x1200.jpg 1200w\" sizes=\"auto, (max-width: 709px) 85vw, (max-width: 909px) 67vw, (max-width: 1362px) 62vw, 840px\" \/><\/figure>\r\n\r\n\r\n\r\n<p>&nbsp;<\/p>\r\n\r\n\r\n\r\n<p>Mehr Infos zur <a href=\"https:\/\/cuni.cz\/uken-1.html\" target=\"_blank\" rel=\"noreferrer noopener\" data-type=\"URL\" data-id=\"https:\/\/cuni.cz\/uken-1.html\">Karls-Universit\u00e4t Prag<\/a>.<\/p>\r\n","protected":false},"excerpt":{"rendered":"<p>Martin Konvi\u010dka, Karls-Universit\u00e4t Prag, Tschechien &#8211; Oktober 2022 Ich habe eine Woche (23.-30. Oktober 2022) an der Karls-Universit\u00e4t in Prag verbracht. Der Aufenthalt gab mir einerseits die Gelegenheit, die Ergebnisse meiner Forschung einem neuen Publikum vorzustellen und so auch anschlie\u00dfend wertvolles Feedback zu erhalten. Andererseits bietet ein Erasmus+ Aufenthalt, anders als ein Vortrag auf einer &hellip; <a href=\"https:\/\/blogs.fu-berlin.de\/erasmusstaff\/2022\/11\/30\/lehraufenthalt-in-tschechien\/\" class=\"more-link\"><span class=\"screen-reader-text\">\u201eLehraufenthalt in Tschechien\u201c<\/span> weiterlesen<\/a><\/p>\n","protected":false},"author":8698,"featured_media":0,"comment_status":"open","ping_status":"open","sticky":false,"template":"","format":"standard","meta":{"footnotes":""},"categories":[487602],"tags":[580741,580757],"class_list":["post-353","post","type-post","status-publish","format-standard","hentry","category-erasmus-europa","tag-teaching","tag-tschechien"],"_links":{"self":[{"href":"https:\/\/blogs.fu-berlin.de\/erasmusstaff\/wp-json\/wp\/v2\/posts\/353","targetHints":{"allow":["GET"]}}],"collection":[{"href":"https:\/\/blogs.fu-berlin.de\/erasmusstaff\/wp-json\/wp\/v2\/posts"}],"about":[{"href":"https:\/\/blogs.fu-berlin.de\/erasmusstaff\/wp-json\/wp\/v2\/types\/post"}],"author":[{"embeddable":true,"href":"https:\/\/blogs.fu-berlin.de\/erasmusstaff\/wp-json\/wp\/v2\/users\/8698"}],"replies":[{"embeddable":true,"href":"https:\/\/blogs.fu-berlin.de\/erasmusstaff\/wp-json\/wp\/v2\/comments?post=353"}],"version-history":[{"count":7,"href":"https:\/\/blogs.fu-berlin.de\/erasmusstaff\/wp-json\/wp\/v2\/posts\/353\/revisions"}],"predecessor-version":[{"id":1088,"href":"https:\/\/blogs.fu-berlin.de\/erasmusstaff\/wp-json\/wp\/v2\/posts\/353\/revisions\/1088"}],"wp:attachment":[{"href":"https:\/\/blogs.fu-berlin.de\/erasmusstaff\/wp-json\/wp\/v2\/media?parent=353"}],"wp:term":[{"taxonomy":"category","embeddable":true,"href":"https:\/\/blogs.fu-berlin.de\/erasmusstaff\/wp-json\/wp\/v2\/categories?post=353"},{"taxonomy":"post_tag","embeddable":true,"href":"https:\/\/blogs.fu-berlin.de\/erasmusstaff\/wp-json\/wp\/v2\/tags?post=353"}],"curies":[{"name":"wp","href":"https:\/\/api.w.org\/{rel}","templated":true}]}}