{"id":36,"date":"2022-05-29T16:39:00","date_gmt":"2022-05-29T14:39:00","guid":{"rendered":"https:\/\/blogs.fu-berlin.de\/erasmusstaff\/?p=36"},"modified":"2026-04-02T10:31:08","modified_gmt":"2026-04-02T08:31:08","slug":"trainingsaufenthalt-in-kanada","status":"publish","type":"post","link":"https:\/\/blogs.fu-berlin.de\/erasmusstaff\/2022\/05\/29\/trainingsaufenthalt-in-kanada\/","title":{"rendered":"Trainingsaufenthalt in Kanada"},"content":{"rendered":"\r\n<p>University of British Columbia, Kanada &#8211; April 2022<\/p>\r\n\r\n\r\n\r\n\r\n\r\n<p>Ein gr\u00fcnen Campus k\u00f6nnen wir FUler ja unser Eigen nennen. Wer sich aber auf die weite Reise nach Vancouver macht, der erlebt gr\u00fcn in einer anderen Dimension. Schon oft hat es mich an die Pazifikk\u00fcste verschlagen, aber der Erasmus-Aufenthalt war mein erster Besuch des UBC Campus. Auf drei Seiten umgeben von Wasser, Klippen und Str\u00e4nden des Pacific Spirit Regional Parc, beheimatet dieser nicht nur wissenschaftliche Exzellenz, sondern auch eine reiche Flora und Fauna.<\/p>\r\n\r\n\r\n\r\n<p>Der eigentliche Grund meiner Reise war aber nat\u00fcrlich nicht die Landschaft, sondern mein Interesse an UBC&#8217;s innovativen Programmen im Bereich Entrepreneurship, Innovation und Professional Development und der zuk\u00fcnftige Ausbau unserer strategischen Partnerschaft in diesen Bereichen. Als Gast von Matthew Evernden, Associate Vice Presidents for Research and Innovation, habe ich die Woche genutzt, um mich mit vielen UBC Kollegen aus den Bereichen Research and Innovation (darunter Strategic Initiatives, Entrepreneurship@UBC, Innovation, Patenting &amp; Licencing) und International Affairs auszutauschen. Treffen mit Managern der Programme UBC Coop, Arts Amplifier und der Public Scholar Initiative sowie eine tolle F\u00fchrung durch den UBC Hatch Accelerator standen auch auf dem Programm. Mit zur\u00fcck nach Berlin nehme ich viele neue Kontakte und Ideen f\u00fcr die Zukunft, wie man \u00fcber die 8000km hinweg zusammenarbeiten kann.<\/p>\r\n\r\n\r\n\r\n<p>&nbsp;<\/p>\r\n\r\n\r\n\r\n<p>Mehr Infos zur <a href=\"https:\/\/www.ubc.ca\/\" target=\"_blank\" rel=\"noreferrer noopener\" data-type=\"URL\" data-id=\"https:\/\/www.ubc.ca\/\">University of British Columbia<\/a>.<\/p>\r\n","protected":false},"excerpt":{"rendered":"<p>University of British Columbia, Kanada &#8211; April 2022 Ein gr\u00fcnen Campus k\u00f6nnen wir FUler ja unser Eigen nennen. Wer sich aber auf die weite Reise nach Vancouver macht, der erlebt gr\u00fcn in einer anderen Dimension. Schon oft hat es mich an die Pazifikk\u00fcste verschlagen, aber der Erasmus-Aufenthalt war mein erster Besuch des UBC Campus. Auf &hellip; <a href=\"https:\/\/blogs.fu-berlin.de\/erasmusstaff\/2022\/05\/29\/trainingsaufenthalt-in-kanada\/\" class=\"more-link\"><span class=\"screen-reader-text\">\u201eTrainingsaufenthalt in Kanada\u201c<\/span> weiterlesen<\/a><\/p>\n","protected":false},"author":6917,"featured_media":39,"comment_status":"open","ping_status":"open","sticky":false,"template":"","format":"standard","meta":{"footnotes":""},"categories":[307534],"tags":[580747,580751],"class_list":["post-36","post","type-post","status-publish","format-standard","has-post-thumbnail","hentry","category-erasmus-weltweit","tag-job-shadowing","tag-kanada"],"_links":{"self":[{"href":"https:\/\/blogs.fu-berlin.de\/erasmusstaff\/wp-json\/wp\/v2\/posts\/36","targetHints":{"allow":["GET"]}}],"collection":[{"href":"https:\/\/blogs.fu-berlin.de\/erasmusstaff\/wp-json\/wp\/v2\/posts"}],"about":[{"href":"https:\/\/blogs.fu-berlin.de\/erasmusstaff\/wp-json\/wp\/v2\/types\/post"}],"author":[{"embeddable":true,"href":"https:\/\/blogs.fu-berlin.de\/erasmusstaff\/wp-json\/wp\/v2\/users\/6917"}],"replies":[{"embeddable":true,"href":"https:\/\/blogs.fu-berlin.de\/erasmusstaff\/wp-json\/wp\/v2\/comments?post=36"}],"version-history":[{"count":12,"href":"https:\/\/blogs.fu-berlin.de\/erasmusstaff\/wp-json\/wp\/v2\/posts\/36\/revisions"}],"predecessor-version":[{"id":1058,"href":"https:\/\/blogs.fu-berlin.de\/erasmusstaff\/wp-json\/wp\/v2\/posts\/36\/revisions\/1058"}],"wp:featuredmedia":[{"embeddable":true,"href":"https:\/\/blogs.fu-berlin.de\/erasmusstaff\/wp-json\/wp\/v2\/media\/39"}],"wp:attachment":[{"href":"https:\/\/blogs.fu-berlin.de\/erasmusstaff\/wp-json\/wp\/v2\/media?parent=36"}],"wp:term":[{"taxonomy":"category","embeddable":true,"href":"https:\/\/blogs.fu-berlin.de\/erasmusstaff\/wp-json\/wp\/v2\/categories?post=36"},{"taxonomy":"post_tag","embeddable":true,"href":"https:\/\/blogs.fu-berlin.de\/erasmusstaff\/wp-json\/wp\/v2\/tags?post=36"}],"curies":[{"name":"wp","href":"https:\/\/api.w.org\/{rel}","templated":true}]}}