{"id":411,"date":"2022-12-11T12:19:00","date_gmt":"2022-12-11T11:19:00","guid":{"rendered":"https:\/\/blogs.fu-berlin.de\/erasmusstaff\/?p=411"},"modified":"2026-04-23T12:33:25","modified_gmt":"2026-04-23T10:33:25","slug":"trainingsaufenthalt-in-portugal","status":"publish","type":"post","link":"https:\/\/blogs.fu-berlin.de\/erasmusstaff\/2022\/12\/11\/trainingsaufenthalt-in-portugal\/","title":{"rendered":"Trainingsaufenthalt in Portugal"},"content":{"rendered":"\r\n<p>Selina Blatter, Universit\u00e4t Porto, Portugal &#8211; November 2022<\/p>\r\n\r\n\r\n\r\n<p>Die Teilnahme an der ENAS Konferenz 2022 in Porto war f\u00fcr mich ein voller Erfolg und hat all meine Erwartungen \u00fcbertroffen. Es war super, so viele Kolleg*innen aus vielen unterschiedlichen Hochschulsport-Einrichtungen innerhalb Europas kennenzulernen. Ich konnte dadurch mein Netzwerk extrem erweitern und internationalisieren. Die Inhalte der Konferenz zum Thema \u201eKommunikation\u201c haben mich bereichert und ich konnte einige neue Ideen generieren und Gedankenanst\u00f6\u00dfe f\u00fcr mich mitnehmen. Gleichzeitig war die Teilnahme f\u00fcr mich pers\u00f6nlich sehr erfolgreich. Ich durfte das erste Mal eine Pr\u00e4senation vor internationalem Publikum halten und unser Projekt (UniSport-O-Mat) vorstellen. Zus\u00e4tzlich haben wir den ENAS Award 2022 f\u00fcr das Projekt gewonnen. Diese internationale Auszeichnung hat mich sehr motiviert das Projekt weiter zu pushen und das gro\u00dfe Interesse und die vielen Nachfragen haben mir gezeigt, wie viel Potenzial im Projekt und der Idee steckt. Zudem stellt der Award eine tolle Wertsch\u00e4tzung f\u00fcr die Idee und den deutschen Hochschulsport dar.<br \/>Ich durfte au\u00dferdem die herzliche Kultur Portos kennenlernen.<\/p>\r\n\r\n\r\n\r\n<figure class=\"wp-block-image size-large\"><img loading=\"lazy\" decoding=\"async\" width=\"1024\" height=\"768\" class=\"wp-image-514\" src=\"https:\/\/blogs.fu-berlin.de\/erasmusstaff\/files\/2023\/10\/fd511d73-01d3-472c-a71e-5ef45c0cc2e8-1024x768.jpg\" alt=\"\" srcset=\"https:\/\/blogs.fu-berlin.de\/erasmusstaff\/files\/2023\/10\/fd511d73-01d3-472c-a71e-5ef45c0cc2e8-1024x768.jpg 1024w, https:\/\/blogs.fu-berlin.de\/erasmusstaff\/files\/2023\/10\/fd511d73-01d3-472c-a71e-5ef45c0cc2e8-300x225.jpg 300w, https:\/\/blogs.fu-berlin.de\/erasmusstaff\/files\/2023\/10\/fd511d73-01d3-472c-a71e-5ef45c0cc2e8-768x576.jpg 768w, https:\/\/blogs.fu-berlin.de\/erasmusstaff\/files\/2023\/10\/fd511d73-01d3-472c-a71e-5ef45c0cc2e8-1536x1152.jpg 1536w, https:\/\/blogs.fu-berlin.de\/erasmusstaff\/files\/2023\/10\/fd511d73-01d3-472c-a71e-5ef45c0cc2e8-1200x900.jpg 1200w, https:\/\/blogs.fu-berlin.de\/erasmusstaff\/files\/2023\/10\/fd511d73-01d3-472c-a71e-5ef45c0cc2e8.jpg 2048w\" sizes=\"auto, (max-width: 709px) 85vw, (max-width: 909px) 67vw, (max-width: 1362px) 62vw, 840px\" \/><\/figure>\r\n\r\n\r\n\r\n<figure class=\"wp-block-image size-large\"><img loading=\"lazy\" decoding=\"async\" width=\"1024\" height=\"768\" class=\"wp-image-513\" src=\"https:\/\/blogs.fu-berlin.de\/erasmusstaff\/files\/2023\/10\/IMG_4028-1024x768.jpg\" alt=\"\" srcset=\"https:\/\/blogs.fu-berlin.de\/erasmusstaff\/files\/2023\/10\/IMG_4028-1024x768.jpg 1024w, https:\/\/blogs.fu-berlin.de\/erasmusstaff\/files\/2023\/10\/IMG_4028-300x225.jpg 300w, https:\/\/blogs.fu-berlin.de\/erasmusstaff\/files\/2023\/10\/IMG_4028-768x576.jpg 768w, https:\/\/blogs.fu-berlin.de\/erasmusstaff\/files\/2023\/10\/IMG_4028-1536x1152.jpg 1536w, https:\/\/blogs.fu-berlin.de\/erasmusstaff\/files\/2023\/10\/IMG_4028-2048x1536.jpg 2048w, https:\/\/blogs.fu-berlin.de\/erasmusstaff\/files\/2023\/10\/IMG_4028-1200x900.jpg 1200w\" sizes=\"auto, (max-width: 709px) 85vw, (max-width: 909px) 67vw, (max-width: 1362px) 62vw, 840px\" \/><\/figure>\r\n\r\n\r\n\r\n<p>&nbsp;<\/p>\r\n\r\n\r\n\r\n<p>Mehr Infos zur <a href=\"https:\/\/www.up.pt\/portal\/en\/\" target=\"_blank\" rel=\"noreferrer noopener\" data-type=\"URL\" data-id=\"https:\/\/www.up.pt\/portal\/en\/\">Universit\u00e4t Porto<\/a>.<\/p>\r\n","protected":false},"excerpt":{"rendered":"<p>Selina Blatter, Universit\u00e4t Porto, Portugal &#8211; November 2022 Die Teilnahme an der ENAS Konferenz 2022 in Porto war f\u00fcr mich ein voller Erfolg und hat all meine Erwartungen \u00fcbertroffen. Es war super, so viele Kolleg*innen aus vielen unterschiedlichen Hochschulsport-Einrichtungen innerhalb Europas kennenzulernen. Ich konnte dadurch mein Netzwerk extrem erweitern und internationalisieren. Die Inhalte der Konferenz &hellip; <a href=\"https:\/\/blogs.fu-berlin.de\/erasmusstaff\/2022\/12\/11\/trainingsaufenthalt-in-portugal\/\" class=\"more-link\"><span class=\"screen-reader-text\">\u201eTrainingsaufenthalt in Portugal\u201c<\/span> weiterlesen<\/a><\/p>\n","protected":false},"author":8698,"featured_media":513,"comment_status":"open","ping_status":"open","sticky":false,"template":"","format":"standard","meta":{"footnotes":""},"categories":[487602],"tags":[580747,580784],"class_list":["post-411","post","type-post","status-publish","format-standard","has-post-thumbnail","hentry","category-erasmus-europa","tag-job-shadowing","tag-portugal"],"_links":{"self":[{"href":"https:\/\/blogs.fu-berlin.de\/erasmusstaff\/wp-json\/wp\/v2\/posts\/411","targetHints":{"allow":["GET"]}}],"collection":[{"href":"https:\/\/blogs.fu-berlin.de\/erasmusstaff\/wp-json\/wp\/v2\/posts"}],"about":[{"href":"https:\/\/blogs.fu-berlin.de\/erasmusstaff\/wp-json\/wp\/v2\/types\/post"}],"author":[{"embeddable":true,"href":"https:\/\/blogs.fu-berlin.de\/erasmusstaff\/wp-json\/wp\/v2\/users\/8698"}],"replies":[{"embeddable":true,"href":"https:\/\/blogs.fu-berlin.de\/erasmusstaff\/wp-json\/wp\/v2\/comments?post=411"}],"version-history":[{"count":3,"href":"https:\/\/blogs.fu-berlin.de\/erasmusstaff\/wp-json\/wp\/v2\/posts\/411\/revisions"}],"predecessor-version":[{"id":1089,"href":"https:\/\/blogs.fu-berlin.de\/erasmusstaff\/wp-json\/wp\/v2\/posts\/411\/revisions\/1089"}],"wp:featuredmedia":[{"embeddable":true,"href":"https:\/\/blogs.fu-berlin.de\/erasmusstaff\/wp-json\/wp\/v2\/media\/513"}],"wp:attachment":[{"href":"https:\/\/blogs.fu-berlin.de\/erasmusstaff\/wp-json\/wp\/v2\/media?parent=411"}],"wp:term":[{"taxonomy":"category","embeddable":true,"href":"https:\/\/blogs.fu-berlin.de\/erasmusstaff\/wp-json\/wp\/v2\/categories?post=411"},{"taxonomy":"post_tag","embeddable":true,"href":"https:\/\/blogs.fu-berlin.de\/erasmusstaff\/wp-json\/wp\/v2\/tags?post=411"}],"curies":[{"name":"wp","href":"https:\/\/api.w.org\/{rel}","templated":true}]}}