{"id":413,"date":"2023-04-24T12:57:00","date_gmt":"2023-04-24T10:57:00","guid":{"rendered":"https:\/\/blogs.fu-berlin.de\/erasmusstaff\/?p=413"},"modified":"2026-04-23T12:31:40","modified_gmt":"2026-04-23T10:31:40","slug":"trainingsaufenthalt-in-spanien-3","status":"publish","type":"post","link":"https:\/\/blogs.fu-berlin.de\/erasmusstaff\/2023\/04\/24\/trainingsaufenthalt-in-spanien-3\/","title":{"rendered":"Trainingsaufenthalt in Spanien"},"content":{"rendered":"\r\n<p>Marta Gogluska-Obirek, Staff Week Universidad de Granada, Spanien &#8211; M\u00e4rz 2023<\/p>\r\n\r\n\r\n\r\n<p>Ich habe vom 20. bis zum 24. M\u00e4rz an einer Staff Week &#8218;Calidad en la Movilidad Internacional&#8216; (&#8218;Quality in International Mobility&#8216;) an der Universidad de Granada in Spanien teilgenommen. Das Programm umfasste Vortr\u00e4ge und Workshops sowie eine Campustour und eine kulturelle Aktivit\u00e4t (Besuch des Parque de las Ciencias).<\/p>\r\n\r\n\r\n\r\n\r\n\r\n<p>Die Hauptthemen waren Hochschulallianzen, diverse KA2-Projekte, z.B. Ticket, Digipass, Unisafe sowie zentrale Themen in der Erasmus-Arbeit, z.B. die Anerkennung der im Ausland erbrachten Studienleistungen, Beratungsangebote f\u00fcr Studierende, Anwendung der E-Learning Tools zur Unterst\u00fctzung der Mobilit\u00e4ten.<\/p>\r\n\r\n\r\n\r\n<p>Meine Gruppe bestand aus Koordinatorinnen und Koordinatoren aus Programm- und Partnerl\u00e4ndern mit vielen Teilnehmer:innen aus S\u00fcdamerika und Europa, sowie einigen aus Afrika.<\/p>\r\n\r\n\r\n\r\n<p>Da das Programm in Spanischer Sprache angeboten wurde, konnte ich die Sprache im beruflichen Kontext anwenden und meine Kenntnisse vertiefen und verbessern.<\/p>\r\n\r\n\r\n\r\n<figure class=\"wp-block-image size-large\"><img loading=\"lazy\" decoding=\"async\" width=\"1532\" height=\"1532\" class=\"wp-image-603\" src=\"https:\/\/blogs.fu-berlin.de\/erasmusstaff\/files\/2023\/10\/338969229_203528522319852_4791390371926601388_n-edited.jpg\" alt=\"\" srcset=\"https:\/\/blogs.fu-berlin.de\/erasmusstaff\/files\/2023\/10\/338969229_203528522319852_4791390371926601388_n-edited.jpg 1532w, https:\/\/blogs.fu-berlin.de\/erasmusstaff\/files\/2023\/10\/338969229_203528522319852_4791390371926601388_n-edited-300x300.jpg 300w, https:\/\/blogs.fu-berlin.de\/erasmusstaff\/files\/2023\/10\/338969229_203528522319852_4791390371926601388_n-edited-1024x1024.jpg 1024w, https:\/\/blogs.fu-berlin.de\/erasmusstaff\/files\/2023\/10\/338969229_203528522319852_4791390371926601388_n-edited-150x150.jpg 150w, https:\/\/blogs.fu-berlin.de\/erasmusstaff\/files\/2023\/10\/338969229_203528522319852_4791390371926601388_n-edited-768x768.jpg 768w, https:\/\/blogs.fu-berlin.de\/erasmusstaff\/files\/2023\/10\/338969229_203528522319852_4791390371926601388_n-edited-1200x1200.jpg 1200w\" sizes=\"auto, (max-width: 709px) 85vw, (max-width: 909px) 67vw, (max-width: 1362px) 62vw, 840px\" \/><\/figure>\r\n\r\n\r\n\r\n<p>Ich konnte viele neue beruflichen Kontakte kn\u00fcpfen und meine sprachlichen und interkulturellen F\u00e4higkeiten verbessern. Au\u00dferdem habe ich viele neuen Einblicke in diverse Erasmus-Projekte erhalten.<\/p>\r\n\r\n\r\n\r\n<p>Der Austausch mit den Teilnehmer:innen aus den anderen L\u00e4ndern und Kulturen war sehr bereichernd und ich kann eine solche Erfahrung vom ganzen Herzen allen Kolleginnen und Kollegen empfehlen!<\/p>\r\n\r\n\r\n\r\n<p>&nbsp;<\/p>\r\n\r\n\r\n\r\n<p>Mehr Infos zur <a href=\"https:\/\/www.ugr.es\/\" target=\"_blank\" rel=\"noreferrer noopener\" data-type=\"URL\" data-id=\"https:\/\/www.ugr.es\/\">Universidad de Granada<\/a>.<\/p>\r\n","protected":false},"excerpt":{"rendered":"<p>Marta Gogluska-Obirek, Staff Week Universidad de Granada, Spanien &#8211; M\u00e4rz 2023 Ich habe vom 20. bis zum 24. M\u00e4rz an einer Staff Week &#8218;Calidad en la Movilidad Internacional&#8216; (&#8218;Quality in International Mobility&#8216;) an der Universidad de Granada in Spanien teilgenommen. Das Programm umfasste Vortr\u00e4ge und Workshops sowie eine Campustour und eine kulturelle Aktivit\u00e4t (Besuch des &hellip; <a href=\"https:\/\/blogs.fu-berlin.de\/erasmusstaff\/2023\/04\/24\/trainingsaufenthalt-in-spanien-3\/\" class=\"more-link\"><span class=\"screen-reader-text\">\u201eTrainingsaufenthalt in Spanien\u201c<\/span> weiterlesen<\/a><\/p>\n","protected":false},"author":8698,"featured_media":516,"comment_status":"open","ping_status":"open","sticky":false,"template":"","format":"standard","meta":{"footnotes":""},"categories":[487602],"tags":[580782,580780],"class_list":["post-413","post","type-post","status-publish","format-standard","has-post-thumbnail","hentry","category-erasmus-europa","tag-spanien","tag-staff-week"],"_links":{"self":[{"href":"https:\/\/blogs.fu-berlin.de\/erasmusstaff\/wp-json\/wp\/v2\/posts\/413","targetHints":{"allow":["GET"]}}],"collection":[{"href":"https:\/\/blogs.fu-berlin.de\/erasmusstaff\/wp-json\/wp\/v2\/posts"}],"about":[{"href":"https:\/\/blogs.fu-berlin.de\/erasmusstaff\/wp-json\/wp\/v2\/types\/post"}],"author":[{"embeddable":true,"href":"https:\/\/blogs.fu-berlin.de\/erasmusstaff\/wp-json\/wp\/v2\/users\/8698"}],"replies":[{"embeddable":true,"href":"https:\/\/blogs.fu-berlin.de\/erasmusstaff\/wp-json\/wp\/v2\/comments?post=413"}],"version-history":[{"count":6,"href":"https:\/\/blogs.fu-berlin.de\/erasmusstaff\/wp-json\/wp\/v2\/posts\/413\/revisions"}],"predecessor-version":[{"id":1112,"href":"https:\/\/blogs.fu-berlin.de\/erasmusstaff\/wp-json\/wp\/v2\/posts\/413\/revisions\/1112"}],"wp:featuredmedia":[{"embeddable":true,"href":"https:\/\/blogs.fu-berlin.de\/erasmusstaff\/wp-json\/wp\/v2\/media\/516"}],"wp:attachment":[{"href":"https:\/\/blogs.fu-berlin.de\/erasmusstaff\/wp-json\/wp\/v2\/media?parent=413"}],"wp:term":[{"taxonomy":"category","embeddable":true,"href":"https:\/\/blogs.fu-berlin.de\/erasmusstaff\/wp-json\/wp\/v2\/categories?post=413"},{"taxonomy":"post_tag","embeddable":true,"href":"https:\/\/blogs.fu-berlin.de\/erasmusstaff\/wp-json\/wp\/v2\/tags?post=413"}],"curies":[{"name":"wp","href":"https:\/\/api.w.org\/{rel}","templated":true}]}}