{"id":427,"date":"2023-05-28T14:07:00","date_gmt":"2023-05-28T12:07:00","guid":{"rendered":"https:\/\/blogs.fu-berlin.de\/erasmusstaff\/?p=427"},"modified":"2026-04-23T12:29:47","modified_gmt":"2026-04-23T10:29:47","slug":"trainingsaufenthalt-in-spanien-4","status":"publish","type":"post","link":"https:\/\/blogs.fu-berlin.de\/erasmusstaff\/2023\/05\/28\/trainingsaufenthalt-in-spanien-4\/","title":{"rendered":"Trainingsaufenthalt in Spanien"},"content":{"rendered":"\r\n<p>Universit\u00e4t Santiago de Compostela, Spanien &#8211; April 2023<\/p>\r\n\r\n\r\n\r\n<p>Im Mai 2022 wurde das Institut f\u00fcr Veterin\u00e4r-Anatomie in Berlin von Prof. Pablo S\u00e0nchez Quinteiro und seiner PhD Studentin Irene Ortiz Leal, beide aus dem Institut f\u00fcr Anatomie der veterin\u00e4rmedizinischen Fakult\u00e4t der Universidade de Santiago de Compostela in Lugo, besucht. Schon damals war der Kontakt zu den beiden herzlich und unbeschwert, sodass meine Kollegin, Ilka Slosarek, und ich den Gegenbesuch planten. In der Planungsphase war das Finden eines f\u00fcr beide Seiten geeigneten Termins am schwierigsten, als dieser jedoch stand, war der Rest nur noch Formsache und durch die gute Anleitung des Erasmus+ Teams einfach zu bew\u00e4ltigen. In Lugo angekommen, wurden wir von unseren Gastgebern herzlichst empfangen. Wir hatten die M\u00f6glichkeit, dem Unterricht vor Ort, wie praktischen Kursen in den F\u00e4chern Histologie, Anatomie und Biochemie, beizuwohnen und so neue Ideen f\u00fcr den eigenen Unterricht zu sammeln. Des Weiteren konnten wir die moderne Forschungseinrichtung, CACTUS, besichtigen und wurden vom Dekan der veterin\u00e4rmedizinischen Fakult\u00e4t, Prof. Gonzalo Fern\u00e1ndez \u00fcber den Campus in Lugo gef\u00fchrt. Am Mittwoch konnten wir au\u00dferdem einen interessanten Fachvortrag zu den Auswirkungen auf das olfaktorische System bei neurodegenerativen Krankheiten h\u00f6ren, der von Prof. Shin aus S\u00fcdkorea, seinerseits auch zu Besuch in Lugo, gehalten wurde. Kr\u00f6nender Abschluss des Aufenthalts war der gemeinsame Ausflug nach Santiago de Compostela mit Besuch der Kathedrale und abschlie\u00dfendem Mittagessen. Alles in allem eine gelungene Reise, die viele neue Eindr\u00fccke mit sich brachte, die Verbindung und Zusammenarbeit unserer Institute st\u00e4rkte und von der besonderen Gastfreundlichkeit Spaniens gepr\u00e4gt war.<\/p>\r\n\r\n\r\n\r\n<figure class=\"wp-block-image size-large\"><img loading=\"lazy\" decoding=\"async\" width=\"768\" height=\"1024\" class=\"wp-image-539\" src=\"https:\/\/blogs.fu-berlin.de\/erasmusstaff\/files\/2023\/10\/Bonack_Foto-Lugo-cathedral-768x1024.jpg\" alt=\"\" srcset=\"https:\/\/blogs.fu-berlin.de\/erasmusstaff\/files\/2023\/10\/Bonack_Foto-Lugo-cathedral-768x1024.jpg 768w, https:\/\/blogs.fu-berlin.de\/erasmusstaff\/files\/2023\/10\/Bonack_Foto-Lugo-cathedral-225x300.jpg 225w, https:\/\/blogs.fu-berlin.de\/erasmusstaff\/files\/2023\/10\/Bonack_Foto-Lugo-cathedral-1152x1536.jpg 1152w, https:\/\/blogs.fu-berlin.de\/erasmusstaff\/files\/2023\/10\/Bonack_Foto-Lugo-cathedral-1536x2048.jpg 1536w, https:\/\/blogs.fu-berlin.de\/erasmusstaff\/files\/2023\/10\/Bonack_Foto-Lugo-cathedral-1200x1600.jpg 1200w, https:\/\/blogs.fu-berlin.de\/erasmusstaff\/files\/2023\/10\/Bonack_Foto-Lugo-cathedral-scaled.jpg 1920w\" sizes=\"auto, (max-width: 709px) 85vw, (max-width: 909px) 67vw, (max-width: 984px) 61vw, (max-width: 1362px) 45vw, 600px\" \/><\/figure>\r\n\r\n\r\n\r\n<p>&nbsp;<\/p>\r\n\r\n\r\n\r\n<p>Mehr Infos zur <a href=\"https:\/\/www.usc.gal\/gl\" target=\"_blank\" rel=\"noreferrer noopener\" data-type=\"URL\" data-id=\"https:\/\/www.usc.gal\/gl\">Universit\u00e4t Santiago de Compostela<\/a>.<\/p>\r\n","protected":false},"excerpt":{"rendered":"<p>Universit\u00e4t Santiago de Compostela, Spanien &#8211; April 2023 Im Mai 2022 wurde das Institut f\u00fcr Veterin\u00e4r-Anatomie in Berlin von Prof. Pablo S\u00e0nchez Quinteiro und seiner PhD Studentin Irene Ortiz Leal, beide aus dem Institut f\u00fcr Anatomie der veterin\u00e4rmedizinischen Fakult\u00e4t der Universidade de Santiago de Compostela in Lugo, besucht. Schon damals war der Kontakt zu den &hellip; <a href=\"https:\/\/blogs.fu-berlin.de\/erasmusstaff\/2023\/05\/28\/trainingsaufenthalt-in-spanien-4\/\" class=\"more-link\"><span class=\"screen-reader-text\">\u201eTrainingsaufenthalt in Spanien\u201c<\/span> weiterlesen<\/a><\/p>\n","protected":false},"author":7833,"featured_media":0,"comment_status":"open","ping_status":"open","sticky":false,"template":"","format":"standard","meta":{"footnotes":""},"categories":[487602],"tags":[580747,580782],"class_list":["post-427","post","type-post","status-publish","format-standard","hentry","category-erasmus-europa","tag-job-shadowing","tag-spanien"],"_links":{"self":[{"href":"https:\/\/blogs.fu-berlin.de\/erasmusstaff\/wp-json\/wp\/v2\/posts\/427","targetHints":{"allow":["GET"]}}],"collection":[{"href":"https:\/\/blogs.fu-berlin.de\/erasmusstaff\/wp-json\/wp\/v2\/posts"}],"about":[{"href":"https:\/\/blogs.fu-berlin.de\/erasmusstaff\/wp-json\/wp\/v2\/types\/post"}],"author":[{"embeddable":true,"href":"https:\/\/blogs.fu-berlin.de\/erasmusstaff\/wp-json\/wp\/v2\/users\/7833"}],"replies":[{"embeddable":true,"href":"https:\/\/blogs.fu-berlin.de\/erasmusstaff\/wp-json\/wp\/v2\/comments?post=427"}],"version-history":[{"count":5,"href":"https:\/\/blogs.fu-berlin.de\/erasmusstaff\/wp-json\/wp\/v2\/posts\/427\/revisions"}],"predecessor-version":[{"id":1134,"href":"https:\/\/blogs.fu-berlin.de\/erasmusstaff\/wp-json\/wp\/v2\/posts\/427\/revisions\/1134"}],"wp:attachment":[{"href":"https:\/\/blogs.fu-berlin.de\/erasmusstaff\/wp-json\/wp\/v2\/media?parent=427"}],"wp:term":[{"taxonomy":"category","embeddable":true,"href":"https:\/\/blogs.fu-berlin.de\/erasmusstaff\/wp-json\/wp\/v2\/categories?post=427"},{"taxonomy":"post_tag","embeddable":true,"href":"https:\/\/blogs.fu-berlin.de\/erasmusstaff\/wp-json\/wp\/v2\/tags?post=427"}],"curies":[{"name":"wp","href":"https:\/\/api.w.org\/{rel}","templated":true}]}}