{"id":433,"date":"2023-06-26T14:37:00","date_gmt":"2023-06-26T12:37:00","guid":{"rendered":"https:\/\/blogs.fu-berlin.de\/erasmusstaff\/?p=433"},"modified":"2026-04-23T12:26:36","modified_gmt":"2026-04-23T10:26:36","slug":"trainigsaufenthalt-in-spanien","status":"publish","type":"post","link":"https:\/\/blogs.fu-berlin.de\/erasmusstaff\/2023\/06\/26\/trainigsaufenthalt-in-spanien\/","title":{"rendered":"Trainigsaufenthalt in Spanien"},"content":{"rendered":"\r\n<p>Polytechnische Universit\u00e4t Valencia, Spanien &#8211; Mai 2023<\/p>\r\n\r\n\r\n\r\n<p>Die ADM Staff Week ist eine gute M\u00f6glichkeit sich mit Kollegen und Kolleginnen aus der Verwaltung von zahlreichen anderen europ\u00e4ischen Universit\u00e4ten auszutauschen. Dar\u00fcber hinaus bekommt der Teilnehmer einen guten Eindruck im Hinblick auf die Arbeitsweisen und Prozesse au\u00dferhalb seiner Heimatuniversit\u00e4t.<br \/>Aufgrund der kurzen Dauer und der Vielzahl an Teilnehmern bleibt zwar zum Teil wenig Zeit Themen \/ Bereiche \/ Prozesse im Detail zu besprechen, dennoch sind die gewonnen Eindr\u00fccke und Erfahrungen hilfreich. Der Austausch mit internationalen Kollegen aus der gesamten EU ist sehr inspirierend und regt zum Reflektieren an. Als nicht zu vernachl\u00e4ssigenden Nebeneffekt, schult man seine Sprachkenntnisse und interkulturelle Kompetenz. Die Teilnahme an einer Staff Week ist daher absolut zu empfehlen.<\/p>\r\n\r\n\r\n\r\n<figure class=\"wp-block-image size-large\"><img loading=\"lazy\" decoding=\"async\" width=\"1024\" height=\"473\" class=\"wp-image-550\" src=\"https:\/\/blogs.fu-berlin.de\/erasmusstaff\/files\/2023\/10\/1685531073607-1024x473.jpg\" alt=\"\" srcset=\"https:\/\/blogs.fu-berlin.de\/erasmusstaff\/files\/2023\/10\/1685531073607-1024x473.jpg 1024w, https:\/\/blogs.fu-berlin.de\/erasmusstaff\/files\/2023\/10\/1685531073607-300x139.jpg 300w, https:\/\/blogs.fu-berlin.de\/erasmusstaff\/files\/2023\/10\/1685531073607-768x355.jpg 768w, https:\/\/blogs.fu-berlin.de\/erasmusstaff\/files\/2023\/10\/1685531073607-1536x710.jpg 1536w, https:\/\/blogs.fu-berlin.de\/erasmusstaff\/files\/2023\/10\/1685531073607-2048x946.jpg 2048w, https:\/\/blogs.fu-berlin.de\/erasmusstaff\/files\/2023\/10\/1685531073607-1200x554.jpg 1200w\" sizes=\"auto, (max-width: 709px) 85vw, (max-width: 909px) 67vw, (max-width: 1362px) 62vw, 840px\" \/><\/figure>\r\n\r\n\r\n\r\n\r\n\r\n<p>&nbsp;<\/p>\r\n\r\n\r\n\r\n<p>Mehr Infos zur <a href=\"https:\/\/www.upv.es\/\" target=\"_blank\" rel=\"noreferrer noopener\" data-type=\"URL\" data-id=\"https:\/\/www.upv.es\/\">Polytechnische<\/a><a href=\"https:\/\/www.upv.es\/\" target=\"_blank\" rel=\"noreferrer noopener\" data-type=\"URL\" data-id=\"https:\/\/www.upv.es\/\">n<\/a><a href=\"https:\/\/www.upv.es\/\" target=\"_blank\" rel=\"noreferrer noopener\" data-type=\"URL\" data-id=\"https:\/\/www.upv.es\/\"> Universit\u00e4t Valencia<\/a>.<\/p>\r\n","protected":false},"excerpt":{"rendered":"<p>Polytechnische Universit\u00e4t Valencia, Spanien &#8211; Mai 2023 Die ADM Staff Week ist eine gute M\u00f6glichkeit sich mit Kollegen und Kolleginnen aus der Verwaltung von zahlreichen anderen europ\u00e4ischen Universit\u00e4ten auszutauschen. Dar\u00fcber hinaus bekommt der Teilnehmer einen guten Eindruck im Hinblick auf die Arbeitsweisen und Prozesse au\u00dferhalb seiner Heimatuniversit\u00e4t.Aufgrund der kurzen Dauer und der Vielzahl an Teilnehmern &hellip; <a href=\"https:\/\/blogs.fu-berlin.de\/erasmusstaff\/2023\/06\/26\/trainigsaufenthalt-in-spanien\/\" class=\"more-link\"><span class=\"screen-reader-text\">\u201eTrainigsaufenthalt in Spanien\u201c<\/span> weiterlesen<\/a><\/p>\n","protected":false},"author":7833,"featured_media":551,"comment_status":"open","ping_status":"open","sticky":false,"template":"","format":"standard","meta":{"footnotes":""},"categories":[487602],"tags":[580782,580780],"class_list":["post-433","post","type-post","status-publish","format-standard","has-post-thumbnail","hentry","category-erasmus-europa","tag-spanien","tag-staff-week"],"_links":{"self":[{"href":"https:\/\/blogs.fu-berlin.de\/erasmusstaff\/wp-json\/wp\/v2\/posts\/433","targetHints":{"allow":["GET"]}}],"collection":[{"href":"https:\/\/blogs.fu-berlin.de\/erasmusstaff\/wp-json\/wp\/v2\/posts"}],"about":[{"href":"https:\/\/blogs.fu-berlin.de\/erasmusstaff\/wp-json\/wp\/v2\/types\/post"}],"author":[{"embeddable":true,"href":"https:\/\/blogs.fu-berlin.de\/erasmusstaff\/wp-json\/wp\/v2\/users\/7833"}],"replies":[{"embeddable":true,"href":"https:\/\/blogs.fu-berlin.de\/erasmusstaff\/wp-json\/wp\/v2\/comments?post=433"}],"version-history":[{"count":5,"href":"https:\/\/blogs.fu-berlin.de\/erasmusstaff\/wp-json\/wp\/v2\/posts\/433\/revisions"}],"predecessor-version":[{"id":1160,"href":"https:\/\/blogs.fu-berlin.de\/erasmusstaff\/wp-json\/wp\/v2\/posts\/433\/revisions\/1160"}],"wp:featuredmedia":[{"embeddable":true,"href":"https:\/\/blogs.fu-berlin.de\/erasmusstaff\/wp-json\/wp\/v2\/media\/551"}],"wp:attachment":[{"href":"https:\/\/blogs.fu-berlin.de\/erasmusstaff\/wp-json\/wp\/v2\/media?parent=433"}],"wp:term":[{"taxonomy":"category","embeddable":true,"href":"https:\/\/blogs.fu-berlin.de\/erasmusstaff\/wp-json\/wp\/v2\/categories?post=433"},{"taxonomy":"post_tag","embeddable":true,"href":"https:\/\/blogs.fu-berlin.de\/erasmusstaff\/wp-json\/wp\/v2\/tags?post=433"}],"curies":[{"name":"wp","href":"https:\/\/api.w.org\/{rel}","templated":true}]}}