{"id":439,"date":"2023-08-21T14:56:00","date_gmt":"2023-08-21T12:56:00","guid":{"rendered":"https:\/\/blogs.fu-berlin.de\/erasmusstaff\/?p=439"},"modified":"2026-04-23T12:25:30","modified_gmt":"2026-04-23T10:25:30","slug":"trainingsaufenthalt-in-irland-2","status":"publish","type":"post","link":"https:\/\/blogs.fu-berlin.de\/erasmusstaff\/2023\/08\/21\/trainingsaufenthalt-in-irland-2\/","title":{"rendered":"Trainingsaufenthalt in Irland"},"content":{"rendered":"\r\n<p>Atlantic Languange School Galway, Irland &#8211; Juli 2023<\/p>\r\n\r\n\r\n\r\n\r\n\r\n<p>Ich war vom 17.7 bis 21.07.2023 in Irland und habe dort an der Languange School in Galway einen Englischkurs besucht zum Thema &#8222;English for professional communication.&#8220; Jeden Tag hatten wir ein neues Thema (small talks, improving presentation, effective emails, key communications skills), sodass wir am Ende der Woche am Freitag jeder einzelne eine Pr\u00e4sentation \u00fcber ein selbst gew\u00e4hltes Thema vorstellten mussten. Der Kurs fand immer am Vormittag bis etwa 13 Uhr statt. An drei Nachmittagen wurden soziale Aktivit\u00e4ten organisiert, die wirklich sehr viel Spa\u00df machten. Einen Stadtrundgang, einen Ausflug zu den beeindruckenden &#8222;cliffs of mohor&#8220; und einen irischen Kulturnachmittag. Die anderen Nachmittage standen zu freien Verf\u00fcgung, in denen ich mit den anderen Kursteilnehmer*innen Galway entdeckten. Galway ist ein gem\u00fctliches St\u00e4dtchen (aus Sicht einer Gro\u00dfst\u00e4dterin) nicht so gro\u00df und es ist einfach sich zurechtzufinden.<\/p>\r\n\r\n\r\n\r\n<figure class=\"wp-block-image size-full\"><img loading=\"lazy\" decoding=\"async\" width=\"480\" height=\"480\" class=\"wp-image-577\" src=\"https:\/\/blogs.fu-berlin.de\/erasmusstaff\/files\/2023\/10\/IMG_1169-edited.jpg\" alt=\"\" srcset=\"https:\/\/blogs.fu-berlin.de\/erasmusstaff\/files\/2023\/10\/IMG_1169-edited.jpg 480w, https:\/\/blogs.fu-berlin.de\/erasmusstaff\/files\/2023\/10\/IMG_1169-edited-300x300.jpg 300w, https:\/\/blogs.fu-berlin.de\/erasmusstaff\/files\/2023\/10\/IMG_1169-edited-150x150.jpg 150w\" sizes=\"auto, (max-width: 480px) 85vw, 480px\" \/><\/figure>\r\n<p>&nbsp;<\/p>\r\n\r\n\r\n\r\n<p>Meine Sprachgruppe war relativ gro\u00df mit 15 Personen. F\u00fcr gew\u00f6hnlich sind diese Gruppen viel kleiner mit 5-6 Personen und somit w\u00e4re der Lerneffekt noch h\u00f6her. Daher ist es eher empfehlenswert den Aufenthalt lieber in das Fr\u00fchjahr oder den Herbst zu verlegen, da der Andrang nicht so gro\u00df ist, wie im Sommer. Aus dem Erasmus+Programm gab es in etwa 100 Personen. Dar\u00fcber hinaus gab es noch die normalen Sprachkurse f\u00fcr Sch\u00fcler*innen (ab 16 Jahre und aufw\u00e4rts )aus der ganzen Welt. Die Sprachschule teilte sich zwar in zwei sehr nah liegende Geb\u00e4ude auf, aber es war trotzdem immer noch voll. Technisch ist die Sprachschule sehr gut ausgestattet, helle Lernr\u00e4ume, Beamer, Smartboard und gratis WLAN. Auch die moderne M\u00f6blierung trug zu einem extremen Wohlf\u00fchlfaktor bei. Die angrenzenden Cafes bieten reichlich Essen und Trinken.<\/p>\r\n\r\n\r\n\r\n<p>Was ich sehr entt\u00e4uschend empfand, dass unser Sprachlehrer kein native-speaker war. Er konnte dennoch sehr gut englisch. Durch die vielen Materialien, die er uns zur Verf\u00fcgung stellte, konnte ich mein Vokabular sehr gut erweitern.<\/p>\r\n\r\n\r\n\r\n<figure class=\"wp-block-image size-full\"><img loading=\"lazy\" decoding=\"async\" width=\"480\" height=\"480\" class=\"wp-image-579\" src=\"https:\/\/blogs.fu-berlin.de\/erasmusstaff\/files\/2023\/10\/IMG_1163-edited.jpg\" alt=\"\" srcset=\"https:\/\/blogs.fu-berlin.de\/erasmusstaff\/files\/2023\/10\/IMG_1163-edited.jpg 480w, https:\/\/blogs.fu-berlin.de\/erasmusstaff\/files\/2023\/10\/IMG_1163-edited-300x300.jpg 300w, https:\/\/blogs.fu-berlin.de\/erasmusstaff\/files\/2023\/10\/IMG_1163-edited-150x150.jpg 150w\" sizes=\"auto, (max-width: 480px) 85vw, 480px\" \/><\/figure>\r\n\r\n\r\n\r\n<p>Au\u00dferdem bekamen wir alle einen Studentenausweis f\u00fcr die Zeit. Mit diesem bekamen wir 10% Rabatt in Gesch\u00e4ften, Cafes und Restaurants in der n\u00e4heren Umgebung.<\/p>\r\n\r\n\r\n\r\n<p>Es war insgesamt ein sehr sch\u00f6ner und ruhiger Aufenthalt, der den Zweck f\u00fcr Verbesserung der Sprache erf\u00fcllte. Die gr\u00fcne weite Landschaft war faszinierend, der Linksverkehr gew\u00f6hnungsbed\u00fcrftig und mit dem Wetter hatten wir teilweise Gl\u00fcck: Anfangs war es recht k\u00fchl, sonnig und windig, am Ende der Woche h\u00f6rte der Regen gar nicht mehr auf. Es ist also ratsam Regenkleidung mitzunehmen.<\/p>\r\n\r\n\r\n\r\n<p>Der Aufenthalt hat sich auf alle F\u00e4lle gelohnt und ich bin sehr froh dar\u00fcber, mich f\u00fcr Irland entschieden zu haben.<\/p>\r\n\r\n\r\n\r\n<p>&nbsp;<\/p>\r\n\r\n\r\n\r\n<p>Mehr Infos zur <a href=\"https:\/\/www.atlanticlanguage.com\/\" target=\"_blank\" rel=\"noreferrer noopener\" data-type=\"URL\" data-id=\"https:\/\/www.atlanticlanguage.com\/\">Atlantic Languange School Galway<\/a>.<\/p>\r\n","protected":false},"excerpt":{"rendered":"<p>Atlantic Languange School Galway, Irland &#8211; Juli 2023 Ich war vom 17.7 bis 21.07.2023 in Irland und habe dort an der Languange School in Galway einen Englischkurs besucht zum Thema &#8222;English for professional communication.&#8220; Jeden Tag hatten wir ein neues Thema (small talks, improving presentation, effective emails, key communications skills), sodass wir am Ende der &hellip; <a href=\"https:\/\/blogs.fu-berlin.de\/erasmusstaff\/2023\/08\/21\/trainingsaufenthalt-in-irland-2\/\" class=\"more-link\"><span class=\"screen-reader-text\">\u201eTrainingsaufenthalt in Irland\u201c<\/span> weiterlesen<\/a><\/p>\n","protected":false},"author":7833,"featured_media":578,"comment_status":"open","ping_status":"open","sticky":false,"template":"","format":"standard","meta":{"footnotes":""},"categories":[487602],"tags":[580781,580763],"class_list":["post-439","post","type-post","status-publish","format-standard","has-post-thumbnail","hentry","category-erasmus-europa","tag-irland","tag-sprachkurs"],"_links":{"self":[{"href":"https:\/\/blogs.fu-berlin.de\/erasmusstaff\/wp-json\/wp\/v2\/posts\/439","targetHints":{"allow":["GET"]}}],"collection":[{"href":"https:\/\/blogs.fu-berlin.de\/erasmusstaff\/wp-json\/wp\/v2\/posts"}],"about":[{"href":"https:\/\/blogs.fu-berlin.de\/erasmusstaff\/wp-json\/wp\/v2\/types\/post"}],"author":[{"embeddable":true,"href":"https:\/\/blogs.fu-berlin.de\/erasmusstaff\/wp-json\/wp\/v2\/users\/7833"}],"replies":[{"embeddable":true,"href":"https:\/\/blogs.fu-berlin.de\/erasmusstaff\/wp-json\/wp\/v2\/comments?post=439"}],"version-history":[{"count":5,"href":"https:\/\/blogs.fu-berlin.de\/erasmusstaff\/wp-json\/wp\/v2\/posts\/439\/revisions"}],"predecessor-version":[{"id":1185,"href":"https:\/\/blogs.fu-berlin.de\/erasmusstaff\/wp-json\/wp\/v2\/posts\/439\/revisions\/1185"}],"wp:featuredmedia":[{"embeddable":true,"href":"https:\/\/blogs.fu-berlin.de\/erasmusstaff\/wp-json\/wp\/v2\/media\/578"}],"wp:attachment":[{"href":"https:\/\/blogs.fu-berlin.de\/erasmusstaff\/wp-json\/wp\/v2\/media?parent=439"}],"wp:term":[{"taxonomy":"category","embeddable":true,"href":"https:\/\/blogs.fu-berlin.de\/erasmusstaff\/wp-json\/wp\/v2\/categories?post=439"},{"taxonomy":"post_tag","embeddable":true,"href":"https:\/\/blogs.fu-berlin.de\/erasmusstaff\/wp-json\/wp\/v2\/tags?post=439"}],"curies":[{"name":"wp","href":"https:\/\/api.w.org\/{rel}","templated":true}]}}