{"id":748,"date":"2023-12-18T16:14:03","date_gmt":"2023-12-18T15:14:03","guid":{"rendered":"https:\/\/blogs.fu-berlin.de\/erasmusstaff\/?p=748"},"modified":"2026-04-23T10:12:56","modified_gmt":"2026-04-23T08:12:56","slug":"trainingsaufenthalt-in-island","status":"publish","type":"post","link":"https:\/\/blogs.fu-berlin.de\/erasmusstaff\/2023\/12\/18\/trainingsaufenthalt-in-island\/","title":{"rendered":"Trainingsaufenthalt in Island"},"content":{"rendered":"\r\n<p>\u00a0University of Iceland (H\u00e1sk\u00f3li \u00cdslands), Island &#8211; November 2023<\/p>\r\n\r\n\r\n\r\n\r\n\r\n<p>Im November 2023 verbrachte ich eine Woche an der H\u00e1sk\u00f3li \u00cdslands (H\u00cd) in Reykjav\u00edk, Island. Nach einem Aufenthalt an Universit\u00e4ten in Kapstadt (2018) und Mexiko (2022) war dies meine dritte Personalmobilit\u00e4t und ich kann dies jeder und jedem nur w\u00e4rmstens empfehlen.<br \/>Mit der Universit\u00e4t in Reykjav\u00edk wollte ich mal eine andere europ\u00e4ische Universit\u00e4t kennenlernen, die im Vergleich zu meinen vorherigen Personalmobilit\u00e4ten kleiner ist und auch kleiner als die FU.<\/p>\r\n\r\n\r\n\r\n<p>Ich konnte verschiedene Bereiche der Universit\u00e4t kennenlernen und einen Einblick in die Arbeit, Schwierigkeiten und Probleml\u00f6sungen bekommen.<br \/>Neben interessanten Fachgespr\u00e4chen gab es aber auch Gelegenheit, einen Campuswalk inkl. Bibliotheksf\u00fchrung zu machen. Alles in Allem ein sehr abwechslungsreiches Programm.<br \/>All meine Kontakte waren sehr freundlich und ich wurde immer mit offenen Armen und interessierten Gespr\u00e4chen empfangen.<\/p>\r\n<p><img loading=\"lazy\" decoding=\"async\" width=\"1024\" height=\"1024\" class=\"wp-image-806\" src=\"https:\/\/blogs.fu-berlin.de\/erasmusstaff\/files\/2024\/01\/Island-Bild1-1024x1024.jpg\" alt=\"\" srcset=\"https:\/\/blogs.fu-berlin.de\/erasmusstaff\/files\/2024\/01\/Island-Bild1-1024x1024.jpg 1024w, https:\/\/blogs.fu-berlin.de\/erasmusstaff\/files\/2024\/01\/Island-Bild1-300x300.jpg 300w, https:\/\/blogs.fu-berlin.de\/erasmusstaff\/files\/2024\/01\/Island-Bild1-150x150.jpg 150w, https:\/\/blogs.fu-berlin.de\/erasmusstaff\/files\/2024\/01\/Island-Bild1-768x768.jpg 768w, https:\/\/blogs.fu-berlin.de\/erasmusstaff\/files\/2024\/01\/Island-Bild1-1536x1536.jpg 1536w, https:\/\/blogs.fu-berlin.de\/erasmusstaff\/files\/2024\/01\/Island-Bild1-2048x2048.jpg 2048w, https:\/\/blogs.fu-berlin.de\/erasmusstaff\/files\/2024\/01\/Island-Bild1-1200x1200.jpg 1200w\" sizes=\"auto, (max-width: 709px) 85vw, (max-width: 909px) 67vw, (max-width: 1362px) 62vw, 840px\" \/><\/p>\r\n\r\n\r\n\r\n<p>Neben dem Einblick in die Universit\u00e4tsstruktur in einem anderen Land erm\u00f6glicht die Personalmobilit\u00e4t nat\u00fcrlich auch einen Einblick in andere Kulturen. Das hat mich pers\u00f6nlich sehr gepr\u00e4gt und ich habe durchweg positive Erfahrungen mit nach Hause genommen. Mit meinem Kontakt an der Universit\u00e4t konnte ich mich auch \u00fcber Island und die Kultur und Geschichte unterhalten und war immer hilfsbereit. Ich wurde dort gut integriert und konnte dann auch am Fakult\u00e4ts-Freitags-Fr\u00fchst\u00fcck teilnehmen.<\/p>\r\n\r\n\r\n\r\n<p>Generell kann ich das nur empfehlen &#8211; auch wenn es ggf. herausfordernd erscheint, so ist es am Ende eine durchweg positive Erfahrung, die sowohl im Job als auch privat nur st\u00e4rken kann.<\/p>\r\n\r\n\r\n\r\n<figure class=\"wp-block-image size-large\"><img loading=\"lazy\" decoding=\"async\" width=\"1024\" height=\"1024\" class=\"wp-image-807\" src=\"https:\/\/blogs.fu-berlin.de\/erasmusstaff\/files\/2024\/01\/Island-Bild2-1024x1024.jpg\" alt=\"\" srcset=\"https:\/\/blogs.fu-berlin.de\/erasmusstaff\/files\/2024\/01\/Island-Bild2-1024x1024.jpg 1024w, https:\/\/blogs.fu-berlin.de\/erasmusstaff\/files\/2024\/01\/Island-Bild2-300x300.jpg 300w, https:\/\/blogs.fu-berlin.de\/erasmusstaff\/files\/2024\/01\/Island-Bild2-150x150.jpg 150w, https:\/\/blogs.fu-berlin.de\/erasmusstaff\/files\/2024\/01\/Island-Bild2-768x768.jpg 768w, https:\/\/blogs.fu-berlin.de\/erasmusstaff\/files\/2024\/01\/Island-Bild2-1536x1536.jpg 1536w, https:\/\/blogs.fu-berlin.de\/erasmusstaff\/files\/2024\/01\/Island-Bild2-2048x2048.jpg 2048w, https:\/\/blogs.fu-berlin.de\/erasmusstaff\/files\/2024\/01\/Island-Bild2-1200x1200.jpg 1200w\" sizes=\"auto, (max-width: 709px) 85vw, (max-width: 909px) 67vw, (max-width: 1362px) 62vw, 840px\" \/><\/figure>\r\n\r\n\r\n\r\n<figure class=\"wp-block-gallery has-nested-images columns-default is-cropped wp-block-gallery-1 is-layout-flex wp-block-gallery-is-layout-flex\">\r\n<figure class=\"wp-block-image size-large\"><img decoding=\"async\" data-id=\"804\" class=\"wp-image-804\" src=\"https:\/\/blogs.fu-berlin.de\/erasmusstaff\/files\/2024\/01\/Bild-Universitaet-Wegweiser-scaled.jpg\" alt=\"\" \/><\/figure>\r\n\r\n\r\n\r\n<figure class=\"wp-block-image size-large\"><img loading=\"lazy\" decoding=\"async\" width=\"1920\" height=\"2560\" data-id=\"803\" class=\"wp-image-803\" src=\"https:\/\/blogs.fu-berlin.de\/erasmusstaff\/files\/2024\/01\/Bild-DoreenKeilbar-scaled.jpg\" alt=\"\" srcset=\"https:\/\/blogs.fu-berlin.de\/erasmusstaff\/files\/2024\/01\/Bild-DoreenKeilbar-scaled.jpg 1920w, https:\/\/blogs.fu-berlin.de\/erasmusstaff\/files\/2024\/01\/Bild-DoreenKeilbar-225x300.jpg 225w, https:\/\/blogs.fu-berlin.de\/erasmusstaff\/files\/2024\/01\/Bild-DoreenKeilbar-768x1024.jpg 768w, https:\/\/blogs.fu-berlin.de\/erasmusstaff\/files\/2024\/01\/Bild-DoreenKeilbar-1152x1536.jpg 1152w, https:\/\/blogs.fu-berlin.de\/erasmusstaff\/files\/2024\/01\/Bild-DoreenKeilbar-1536x2048.jpg 1536w, https:\/\/blogs.fu-berlin.de\/erasmusstaff\/files\/2024\/01\/Bild-DoreenKeilbar-1200x1600.jpg 1200w\" sizes=\"auto, (max-width: 709px) 85vw, (max-width: 909px) 67vw, (max-width: 1362px) 62vw, 840px\" \/><\/figure>\r\n<\/figure>\r\n\r\n\r\n\r\n<p>&nbsp;<\/p>\r\n\r\n\r\n\r\n<p>F\u00fcr mehr Informationen zur <a href=\"https:\/\/www.hi.is\/\" target=\"_blank\" rel=\"noreferrer noopener\" data-type=\"URL\" data-id=\"https:\/\/www.hi.is\/\">University of Iceland<\/a> (H\u00e1sk\u00f3li \u00cdslands)<\/p>\r\n","protected":false},"excerpt":{"rendered":"<p>\u00a0University of Iceland (H\u00e1sk\u00f3li \u00cdslands), Island &#8211; November 2023 Im November 2023 verbrachte ich eine Woche an der H\u00e1sk\u00f3li \u00cdslands (H\u00cd) in Reykjav\u00edk, Island. Nach einem Aufenthalt an Universit\u00e4ten in Kapstadt (2018) und Mexiko (2022) war dies meine dritte Personalmobilit\u00e4t und ich kann dies jeder und jedem nur w\u00e4rmstens empfehlen.Mit der Universit\u00e4t in Reykjav\u00edk wollte &hellip; <a href=\"https:\/\/blogs.fu-berlin.de\/erasmusstaff\/2023\/12\/18\/trainingsaufenthalt-in-island\/\" class=\"more-link\"><span class=\"screen-reader-text\">\u201eTrainingsaufenthalt in Island\u201c<\/span> weiterlesen<\/a><\/p>\n","protected":false},"author":7833,"featured_media":804,"comment_status":"open","ping_status":"open","sticky":false,"template":"","format":"standard","meta":{"footnotes":""},"categories":[487602],"tags":[562555,580747],"class_list":["post-748","post","type-post","status-publish","format-standard","has-post-thumbnail","hentry","category-erasmus-europa","tag-island","tag-job-shadowing"],"_links":{"self":[{"href":"https:\/\/blogs.fu-berlin.de\/erasmusstaff\/wp-json\/wp\/v2\/posts\/748","targetHints":{"allow":["GET"]}}],"collection":[{"href":"https:\/\/blogs.fu-berlin.de\/erasmusstaff\/wp-json\/wp\/v2\/posts"}],"about":[{"href":"https:\/\/blogs.fu-berlin.de\/erasmusstaff\/wp-json\/wp\/v2\/types\/post"}],"author":[{"embeddable":true,"href":"https:\/\/blogs.fu-berlin.de\/erasmusstaff\/wp-json\/wp\/v2\/users\/7833"}],"replies":[{"embeddable":true,"href":"https:\/\/blogs.fu-berlin.de\/erasmusstaff\/wp-json\/wp\/v2\/comments?post=748"}],"version-history":[{"count":9,"href":"https:\/\/blogs.fu-berlin.de\/erasmusstaff\/wp-json\/wp\/v2\/posts\/748\/revisions"}],"predecessor-version":[{"id":1197,"href":"https:\/\/blogs.fu-berlin.de\/erasmusstaff\/wp-json\/wp\/v2\/posts\/748\/revisions\/1197"}],"wp:featuredmedia":[{"embeddable":true,"href":"https:\/\/blogs.fu-berlin.de\/erasmusstaff\/wp-json\/wp\/v2\/media\/804"}],"wp:attachment":[{"href":"https:\/\/blogs.fu-berlin.de\/erasmusstaff\/wp-json\/wp\/v2\/media?parent=748"}],"wp:term":[{"taxonomy":"category","embeddable":true,"href":"https:\/\/blogs.fu-berlin.de\/erasmusstaff\/wp-json\/wp\/v2\/categories?post=748"},{"taxonomy":"post_tag","embeddable":true,"href":"https:\/\/blogs.fu-berlin.de\/erasmusstaff\/wp-json\/wp\/v2\/tags?post=748"}],"curies":[{"name":"wp","href":"https:\/\/api.w.org\/{rel}","templated":true}]}}