{"id":750,"date":"2023-11-13T15:48:18","date_gmt":"2023-11-13T14:48:18","guid":{"rendered":"https:\/\/blogs.fu-berlin.de\/erasmusstaff\/?p=750"},"modified":"2026-04-23T12:25:15","modified_gmt":"2026-04-23T10:25:15","slug":"trainingsaufenthalt-in-irland-4","status":"publish","type":"post","link":"https:\/\/blogs.fu-berlin.de\/erasmusstaff\/2023\/11\/13\/trainingsaufenthalt-in-irland-4\/","title":{"rendered":"Trainingsaufenthalt in Irland"},"content":{"rendered":"\r\n<p>Dr. Tanja Laffan, Atlantic Languages Galway, Irland. 09.10.-13.10.2023<\/p>\r\n\r\n\r\n\r\n<p>Im Oktober 2023 habe ich einen \u00fcber Erasmus+ gef\u00f6rderten Englischkurs an der Sprachschule Atlantic Languages in Galway besucht. Ich habe den Kurs \u201eEnglish as a Medium of Instruction\u201c auf dem Niveau C1 ausgew\u00e4hlt, und dieser Kurs erwies sich als passend f\u00fcr meine Bed\u00fcrfnisse \u2013 obwohl ich als DaF-Lehrkraft am Sprachenzentrum nicht auf Englisch unterrichte. Mir ging es vielmehr darum, mehr Sicherheit im akademischen Englisch zu gewinnen, um Fragen des Spracherwerbs und der Sprachdidaktik mit internationalen Kolleg*innen (sprach\u00fcbergreifend) zu thematisieren und den Zugang zur englischsprachigen Fachliteratur zu erleichtern.<br \/>Der Unterricht fand von 9:00 \u2013 13:00 Uhr in einer kleinen Lerngruppe (3 TN) statt, die Dozentin war sehr erfahren und gut organisiert, sie hat selbst entwickeltes Unterrichtsmaterial verwendet, darunter einige wissenschaftliche Texte zu Fragen der Sprachdidaktik und Unterrichtskonzeption. Die unterschiedlichen (rezeptiven und produktiven) Arbeitsphasen boten Gelegenheit, unseren akademischen Wortschatz zu erweitern und zielgenau anzuwenden sowie Beispiele aus der eigenen Lehrpraxis vorzustellen und zu reflektieren. Ausgesprochen produktiv war dabei der Austausch mit den internationalen Kursteilnehmerinnen und der Vergleich verschiedener akademischer Standards und Konventionen.<br \/>Die Nachmittage waren unterrichtsfrei, doch wir waren aufgefordert, Texte und Fallstudien f\u00fcr den n\u00e4chsten Tag vorzubereiten und den neuen Wortschatz zu wiederholen. Am letzten Tag hat jede Teilnehmerin eine eigenentwickelte Unterrichtseinheit auf der Grundlage einer aktiven Lernstrategie vorgestellt und so in einem flipped-classroom-Szenario die Rolle der Lehrkraft \u00fcbernommen.<\/p>\r\n\r\n\r\n\r\n<p>Mehr Informationen zur <a href=\"https:\/\/www.atlanticlanguage.com\/\" target=\"_blank\" rel=\"noreferrer noopener\" data-type=\"URL\" data-id=\"https:\/\/www.atlanticlanguage.com\/\">Atlantic Language Galway<\/a><\/p>\r\n","protected":false},"excerpt":{"rendered":"<p>Dr. Tanja Laffan, Atlantic Languages Galway, Irland. 09.10.-13.10.2023 Im Oktober 2023 habe ich einen \u00fcber Erasmus+ gef\u00f6rderten Englischkurs an der Sprachschule Atlantic Languages in Galway besucht. Ich habe den Kurs \u201eEnglish as a Medium of Instruction\u201c auf dem Niveau C1 ausgew\u00e4hlt, und dieser Kurs erwies sich als passend f\u00fcr meine Bed\u00fcrfnisse \u2013 obwohl ich als &hellip; <a href=\"https:\/\/blogs.fu-berlin.de\/erasmusstaff\/2023\/11\/13\/trainingsaufenthalt-in-irland-4\/\" class=\"more-link\"><span class=\"screen-reader-text\">\u201eTrainingsaufenthalt in Irland\u201c<\/span> weiterlesen<\/a><\/p>\n","protected":false},"author":7833,"featured_media":0,"comment_status":"open","ping_status":"open","sticky":false,"template":"","format":"standard","meta":{"footnotes":""},"categories":[487602],"tags":[580781,580763],"class_list":["post-750","post","type-post","status-publish","format-standard","hentry","category-erasmus-europa","tag-irland","tag-sprachkurs"],"_links":{"self":[{"href":"https:\/\/blogs.fu-berlin.de\/erasmusstaff\/wp-json\/wp\/v2\/posts\/750","targetHints":{"allow":["GET"]}}],"collection":[{"href":"https:\/\/blogs.fu-berlin.de\/erasmusstaff\/wp-json\/wp\/v2\/posts"}],"about":[{"href":"https:\/\/blogs.fu-berlin.de\/erasmusstaff\/wp-json\/wp\/v2\/types\/post"}],"author":[{"embeddable":true,"href":"https:\/\/blogs.fu-berlin.de\/erasmusstaff\/wp-json\/wp\/v2\/users\/7833"}],"replies":[{"embeddable":true,"href":"https:\/\/blogs.fu-berlin.de\/erasmusstaff\/wp-json\/wp\/v2\/comments?post=750"}],"version-history":[{"count":6,"href":"https:\/\/blogs.fu-berlin.de\/erasmusstaff\/wp-json\/wp\/v2\/posts\/750\/revisions"}],"predecessor-version":[{"id":1189,"href":"https:\/\/blogs.fu-berlin.de\/erasmusstaff\/wp-json\/wp\/v2\/posts\/750\/revisions\/1189"}],"wp:attachment":[{"href":"https:\/\/blogs.fu-berlin.de\/erasmusstaff\/wp-json\/wp\/v2\/media?parent=750"}],"wp:term":[{"taxonomy":"category","embeddable":true,"href":"https:\/\/blogs.fu-berlin.de\/erasmusstaff\/wp-json\/wp\/v2\/categories?post=750"},{"taxonomy":"post_tag","embeddable":true,"href":"https:\/\/blogs.fu-berlin.de\/erasmusstaff\/wp-json\/wp\/v2\/tags?post=750"}],"curies":[{"name":"wp","href":"https:\/\/api.w.org\/{rel}","templated":true}]}}