{"id":752,"date":"2023-11-20T15:55:37","date_gmt":"2023-11-20T14:55:37","guid":{"rendered":"https:\/\/blogs.fu-berlin.de\/erasmusstaff\/?p=752"},"modified":"2026-04-23T12:24:48","modified_gmt":"2026-04-23T10:24:48","slug":"trainingsaufenthalt-in-italien-3","status":"publish","type":"post","link":"https:\/\/blogs.fu-berlin.de\/erasmusstaff\/2023\/11\/20\/trainingsaufenthalt-in-italien-3\/","title":{"rendered":"Trainingsaufenthalt in Italien"},"content":{"rendered":"\r\n<p>Universit\u00e0 di Bologna, Italien &#8211; Oktober 2023\u00a0<\/p>\r\n\r\n\r\n\r\n\r\n\r\n<p>Die Una Europa Staff Week 2023 mit dem Schwerpunkt &#8222;Diversity and Inclusion&#8220; hat zwischen dem 16. und dem 20. Oktober an der Universit\u00e0 di Bologna stattgefunden. Teil genommen haben ca. 60 Mitarbeitende der Student Services und Human Ressources von Universit\u00e4ten aus acht europ\u00e4ischen L\u00e4ndern (z.B. Italien, Finnland, Irland, Spanien u.a.). Das englischsprachige Programm war reichhaltig: Vortr\u00e4ge, Workshops, Key-Note-Speeches, Diskussionsrunden, Museumsbesuch, gemeinsame Mahlzeiten. Dabei hatte ich die Gelegenheit, einerseits meine Kenntnisse \u00fcber die Universit\u00e4tsallianz Una Europa und andererseits \u00fcber das Thema &#8222;Diversity und Inklusion&#8220; zu erweitern. Sehr wertvoll fand ich den Austausch mit den europ\u00e4ischen Kolleg<em>innen<\/em> und die Feststellung, dass wir viele Gemeinsamkeiten haben, gemeinsame Themen und Herausforderungen. Wir haben gute Ideen bzw. Good practices miteinander geteilt und uns gegenseitig ermutigt,uns f\u00fcr Diversity gekonnt einzusetzen. Das hat bei mir Gef\u00fchle von Zugeh\u00f6rigkeit (sense of belonging) und von Empowerment hervorgerufen. Vorschl\u00e4ge f\u00fcr zuk\u00fcnftige Programme: Kennenlern-Workshop gleich zu Beginn, gemeinsames Essen am ersten Abend, weniger Folien und Vortr\u00e4ge, daf\u00fcr mehr Workshops, mehr Interaktion und Austausch in kleinen Gruppen. Au\u00dferhalb der Veranstaltungen hatte ich noch die Gelegenheit, die wundersch\u00f6ne Stadt Bologna mit all ihren Arkaden, Piazzen und Museen, mit all Ihren Menschen und Farben zu entdecken. Eine wirklich passende Location f\u00fcr das Thema Diversity! Zusammen mit Kolleg<em>innen<\/em> sind wir durch die mittelalterliche Altstadt gelaufen, haben uns angeregt unterhalten und leckere italienische Spezialit\u00e4ten genossen.<br \/>Alles in allem war die Staff Week eine wertvolle und bereichernde Erfahrung. Ich bin dankbar f\u00fcr die M\u00f6glichkeit, daran teilgenommen zu haben und danke all denjenigen, die dies erm\u00f6glicht haben!<\/p>\r\n\r\n\r\n\r\n<figure class=\"wp-block-image size-large\"><img loading=\"lazy\" decoding=\"async\" width=\"1024\" height=\"768\" class=\"wp-image-756\" src=\"https:\/\/blogs.fu-berlin.de\/erasmusstaff\/files\/2023\/12\/Piazza-Maggiore-1024x768.jpg\" alt=\"\" srcset=\"https:\/\/blogs.fu-berlin.de\/erasmusstaff\/files\/2023\/12\/Piazza-Maggiore-1024x768.jpg 1024w, https:\/\/blogs.fu-berlin.de\/erasmusstaff\/files\/2023\/12\/Piazza-Maggiore-300x225.jpg 300w, https:\/\/blogs.fu-berlin.de\/erasmusstaff\/files\/2023\/12\/Piazza-Maggiore-768x576.jpg 768w, https:\/\/blogs.fu-berlin.de\/erasmusstaff\/files\/2023\/12\/Piazza-Maggiore-1536x1152.jpg 1536w, https:\/\/blogs.fu-berlin.de\/erasmusstaff\/files\/2023\/12\/Piazza-Maggiore-1200x900.jpg 1200w, https:\/\/blogs.fu-berlin.de\/erasmusstaff\/files\/2023\/12\/Piazza-Maggiore.jpg 2048w\" sizes=\"auto, (max-width: 709px) 85vw, (max-width: 909px) 67vw, (max-width: 1362px) 62vw, 840px\" \/><\/figure>\r\n\r\n\r\n\r\n<figure class=\"wp-block-gallery has-nested-images columns-default is-cropped wp-block-gallery-1 is-layout-flex wp-block-gallery-is-layout-flex\">\r\n<figure class=\"wp-block-image size-large\"><img loading=\"lazy\" decoding=\"async\" width=\"2048\" height=\"1536\" data-id=\"812\" class=\"wp-image-812\" src=\"https:\/\/blogs.fu-berlin.de\/erasmusstaff\/files\/2024\/01\/Alte-Universitaetsbibliothek.jpg\" alt=\"\" srcset=\"https:\/\/blogs.fu-berlin.de\/erasmusstaff\/files\/2024\/01\/Alte-Universitaetsbibliothek.jpg 2048w, https:\/\/blogs.fu-berlin.de\/erasmusstaff\/files\/2024\/01\/Alte-Universitaetsbibliothek-300x225.jpg 300w, https:\/\/blogs.fu-berlin.de\/erasmusstaff\/files\/2024\/01\/Alte-Universitaetsbibliothek-1024x768.jpg 1024w, https:\/\/blogs.fu-berlin.de\/erasmusstaff\/files\/2024\/01\/Alte-Universitaetsbibliothek-768x576.jpg 768w, https:\/\/blogs.fu-berlin.de\/erasmusstaff\/files\/2024\/01\/Alte-Universitaetsbibliothek-1536x1152.jpg 1536w, https:\/\/blogs.fu-berlin.de\/erasmusstaff\/files\/2024\/01\/Alte-Universitaetsbibliothek-1200x900.jpg 1200w\" sizes=\"auto, (max-width: 709px) 85vw, (max-width: 909px) 67vw, (max-width: 1362px) 62vw, 840px\" \/><\/figure>\r\n\r\n\r\n\r\n<figure class=\"wp-block-image size-large\"><img loading=\"lazy\" decoding=\"async\" width=\"2048\" height=\"1536\" data-id=\"811\" class=\"wp-image-811\" src=\"https:\/\/blogs.fu-berlin.de\/erasmusstaff\/files\/2024\/01\/Key-note-speech-Jordao.jpg\" alt=\"\" srcset=\"https:\/\/blogs.fu-berlin.de\/erasmusstaff\/files\/2024\/01\/Key-note-speech-Jordao.jpg 2048w, https:\/\/blogs.fu-berlin.de\/erasmusstaff\/files\/2024\/01\/Key-note-speech-Jordao-300x225.jpg 300w, https:\/\/blogs.fu-berlin.de\/erasmusstaff\/files\/2024\/01\/Key-note-speech-Jordao-1024x768.jpg 1024w, https:\/\/blogs.fu-berlin.de\/erasmusstaff\/files\/2024\/01\/Key-note-speech-Jordao-768x576.jpg 768w, https:\/\/blogs.fu-berlin.de\/erasmusstaff\/files\/2024\/01\/Key-note-speech-Jordao-1536x1152.jpg 1536w, https:\/\/blogs.fu-berlin.de\/erasmusstaff\/files\/2024\/01\/Key-note-speech-Jordao-1200x900.jpg 1200w\" sizes=\"auto, (max-width: 709px) 85vw, (max-width: 909px) 67vw, (max-width: 1362px) 62vw, 840px\" \/><\/figure>\r\n<\/figure>\r\n\r\n\r\n\r\n<p>Mehr Informationen zur <a href=\"https:\/\/www.unibo.it\/it\" target=\"_blank\" rel=\"noreferrer noopener\" data-type=\"URL\" data-id=\"https:\/\/www.unibo.it\/it\">Universit\u00e0 di Bologna<\/a><\/p>\r\n","protected":false},"excerpt":{"rendered":"<p>Universit\u00e0 di Bologna, Italien &#8211; Oktober 2023\u00a0 Die Una Europa Staff Week 2023 mit dem Schwerpunkt &#8222;Diversity and Inclusion&#8220; hat zwischen dem 16. und dem 20. Oktober an der Universit\u00e0 di Bologna stattgefunden. Teil genommen haben ca. 60 Mitarbeitende der Student Services und Human Ressources von Universit\u00e4ten aus acht europ\u00e4ischen L\u00e4ndern (z.B. Italien, Finnland, Irland, &hellip; <a href=\"https:\/\/blogs.fu-berlin.de\/erasmusstaff\/2023\/11\/20\/trainingsaufenthalt-in-italien-3\/\" class=\"more-link\"><span class=\"screen-reader-text\">\u201eTrainingsaufenthalt in Italien\u201c<\/span> weiterlesen<\/a><\/p>\n","protected":false},"author":7833,"featured_media":755,"comment_status":"open","ping_status":"open","sticky":false,"template":"","format":"standard","meta":{"footnotes":""},"categories":[487602],"tags":[580779,580780],"class_list":["post-752","post","type-post","status-publish","format-standard","has-post-thumbnail","hentry","category-erasmus-europa","tag-italien","tag-staff-week"],"_links":{"self":[{"href":"https:\/\/blogs.fu-berlin.de\/erasmusstaff\/wp-json\/wp\/v2\/posts\/752","targetHints":{"allow":["GET"]}}],"collection":[{"href":"https:\/\/blogs.fu-berlin.de\/erasmusstaff\/wp-json\/wp\/v2\/posts"}],"about":[{"href":"https:\/\/blogs.fu-berlin.de\/erasmusstaff\/wp-json\/wp\/v2\/types\/post"}],"author":[{"embeddable":true,"href":"https:\/\/blogs.fu-berlin.de\/erasmusstaff\/wp-json\/wp\/v2\/users\/7833"}],"replies":[{"embeddable":true,"href":"https:\/\/blogs.fu-berlin.de\/erasmusstaff\/wp-json\/wp\/v2\/comments?post=752"}],"version-history":[{"count":6,"href":"https:\/\/blogs.fu-berlin.de\/erasmusstaff\/wp-json\/wp\/v2\/posts\/752\/revisions"}],"predecessor-version":[{"id":1190,"href":"https:\/\/blogs.fu-berlin.de\/erasmusstaff\/wp-json\/wp\/v2\/posts\/752\/revisions\/1190"}],"wp:featuredmedia":[{"embeddable":true,"href":"https:\/\/blogs.fu-berlin.de\/erasmusstaff\/wp-json\/wp\/v2\/media\/755"}],"wp:attachment":[{"href":"https:\/\/blogs.fu-berlin.de\/erasmusstaff\/wp-json\/wp\/v2\/media?parent=752"}],"wp:term":[{"taxonomy":"category","embeddable":true,"href":"https:\/\/blogs.fu-berlin.de\/erasmusstaff\/wp-json\/wp\/v2\/categories?post=752"},{"taxonomy":"post_tag","embeddable":true,"href":"https:\/\/blogs.fu-berlin.de\/erasmusstaff\/wp-json\/wp\/v2\/tags?post=752"}],"curies":[{"name":"wp","href":"https:\/\/api.w.org\/{rel}","templated":true}]}}