{"id":970,"date":"2024-10-25T12:40:13","date_gmt":"2024-10-25T10:40:13","guid":{"rendered":"https:\/\/blogs.fu-berlin.de\/erasmusstaff\/?p=970"},"modified":"2026-04-23T10:10:07","modified_gmt":"2026-04-23T08:10:07","slug":"weiterbildungsaufenthalt-in-vancouver-kanada","status":"publish","type":"post","link":"https:\/\/blogs.fu-berlin.de\/erasmusstaff\/2024\/10\/25\/weiterbildungsaufenthalt-in-vancouver-kanada\/","title":{"rendered":"Trainingsaufenthalt in Vancouver, Kanada"},"content":{"rendered":"\r\n<p>University of British Columbia, Kanada &#8211; Mai 2024<\/p>\r\n\r\n\r\n\r\n<p>Vom 13. \u2013 17.05.2024 durfte ich einen Erasmus+ Aufenthalt an der University of British Columbia (UBC) in Vancouver, Kanada, absolvieren. Die UBC befindet sich auf dem Gebiet der x\u02b7m\u0259\u03b8k\u02b7\u0259y\u0313\u0259m (Musqueam) First Nation. Da ich in Kanada bereits gelebt habe und dadurch unbedingt Land und Leute erneut erleben wollte, fiel mir die Wahl f\u00fcr mein Reiseziel leicht. Au\u00dferdem ist die UBC ein strategischer Partner der FU.<\/p>\r\n\r\n\r\n\r\n<figure class=\"wp-block-image size-large\"><img loading=\"lazy\" decoding=\"async\" width=\"1024\" height=\"768\" class=\"wp-image-974\" src=\"https:\/\/blogs.fu-berlin.de\/erasmusstaff\/files\/2024\/10\/View-1024x768.jpg\" alt=\"\" srcset=\"https:\/\/blogs.fu-berlin.de\/erasmusstaff\/files\/2024\/10\/View-1024x768.jpg 1024w, https:\/\/blogs.fu-berlin.de\/erasmusstaff\/files\/2024\/10\/View-300x225.jpg 300w, https:\/\/blogs.fu-berlin.de\/erasmusstaff\/files\/2024\/10\/View-768x576.jpg 768w, https:\/\/blogs.fu-berlin.de\/erasmusstaff\/files\/2024\/10\/View-1536x1152.jpg 1536w, https:\/\/blogs.fu-berlin.de\/erasmusstaff\/files\/2024\/10\/View-1200x900.jpg 1200w, https:\/\/blogs.fu-berlin.de\/erasmusstaff\/files\/2024\/10\/View.jpg 2048w\" sizes=\"auto, (max-width: 709px) 85vw, (max-width: 909px) 67vw, (max-width: 1362px) 62vw, 840px\" \/><\/figure>\r\n\r\n\r\n\r\n<p><br \/>In Vancouver und insbesondere auf dem UBC Campus habe ich mich direkt wohl gef\u00fchlt. Wer w\u00fcrde das auch nicht umgeben von Sonnenschein, Str\u00e4nden, Bergen und unglaublich gut riechenden Pflanzen und W\u00e4ldern? In Berlin koordiniere ich das COIL (Collaborative Online International Learning) Projekt an der FU und konnte mich dazu an der UBC mit einigen Kolleginnen vernetzen, die \u00e4hnliche Projekte schon durchgef\u00fchrt haben bzw. daran interessiert sind. Nat\u00fcrlich haben wir uns auch ganz allgemein \u00fcber unsere Institutionen ausgetauscht und versucht herauszufinden, wie wir enger miteinander kooperieren k\u00f6nnen. Spannend war zu sehen, wie unterschiedlich unsere internationalen Abteilungen aufgebaut sind. Beim Vernetzungstreffen mit Vertreterinnen des DAAD, der DFG und der AvH-Stiftung sowie anderen Deutschland-Interessierten konnte ich zudem nette neue Kontakte kn\u00fcpfen. Allgemein waren alle Menschen, die ich getroffen habe, \u00e4u\u00dferst zuvorkommend, wodurch ich meine Zeit in vollen Z\u00fcgen genie\u00dfen konnte.<br \/>Insgesamt war mein Aufenthalt eine sehr bereichernde Erfahrung und ich kann nur empfehlen, einen Staff Exchange auf die ein oder andere Art und Weise durchzuf\u00fchren. Die neu gewonnenen Erkenntnisse und Inspirationen sind es allemal wert.<\/p>\r\n\r\n\r\n\r\n<p>F\u00fcr mehr Information zur <a href=\"https:\/\/www.ubc.ca\/\">University of British Columbia.<\/a><\/p>\r\n","protected":false},"excerpt":{"rendered":"<p>University of British Columbia, Kanada &#8211; Mai 2024 Vom 13. \u2013 17.05.2024 durfte ich einen Erasmus+ Aufenthalt an der University of British Columbia (UBC) in Vancouver, Kanada, absolvieren. Die UBC befindet sich auf dem Gebiet der x\u02b7m\u0259\u03b8k\u02b7\u0259y\u0313\u0259m (Musqueam) First Nation. Da ich in Kanada bereits gelebt habe und dadurch unbedingt Land und Leute erneut erleben &hellip; <a href=\"https:\/\/blogs.fu-berlin.de\/erasmusstaff\/2024\/10\/25\/weiterbildungsaufenthalt-in-vancouver-kanada\/\" class=\"more-link\"><span class=\"screen-reader-text\">\u201eTrainingsaufenthalt in Vancouver, Kanada\u201c<\/span> weiterlesen<\/a><\/p>\n","protected":false},"author":7833,"featured_media":0,"comment_status":"open","ping_status":"open","sticky":false,"template":"","format":"standard","meta":{"footnotes":""},"categories":[307534],"tags":[580747,580751],"class_list":["post-970","post","type-post","status-publish","format-standard","hentry","category-erasmus-weltweit","tag-job-shadowing","tag-kanada"],"_links":{"self":[{"href":"https:\/\/blogs.fu-berlin.de\/erasmusstaff\/wp-json\/wp\/v2\/posts\/970","targetHints":{"allow":["GET"]}}],"collection":[{"href":"https:\/\/blogs.fu-berlin.de\/erasmusstaff\/wp-json\/wp\/v2\/posts"}],"about":[{"href":"https:\/\/blogs.fu-berlin.de\/erasmusstaff\/wp-json\/wp\/v2\/types\/post"}],"author":[{"embeddable":true,"href":"https:\/\/blogs.fu-berlin.de\/erasmusstaff\/wp-json\/wp\/v2\/users\/7833"}],"replies":[{"embeddable":true,"href":"https:\/\/blogs.fu-berlin.de\/erasmusstaff\/wp-json\/wp\/v2\/comments?post=970"}],"version-history":[{"count":8,"href":"https:\/\/blogs.fu-berlin.de\/erasmusstaff\/wp-json\/wp\/v2\/posts\/970\/revisions"}],"predecessor-version":[{"id":1224,"href":"https:\/\/blogs.fu-berlin.de\/erasmusstaff\/wp-json\/wp\/v2\/posts\/970\/revisions\/1224"}],"wp:attachment":[{"href":"https:\/\/blogs.fu-berlin.de\/erasmusstaff\/wp-json\/wp\/v2\/media?parent=970"}],"wp:term":[{"taxonomy":"category","embeddable":true,"href":"https:\/\/blogs.fu-berlin.de\/erasmusstaff\/wp-json\/wp\/v2\/categories?post=970"},{"taxonomy":"post_tag","embeddable":true,"href":"https:\/\/blogs.fu-berlin.de\/erasmusstaff\/wp-json\/wp\/v2\/tags?post=970"}],"curies":[{"name":"wp","href":"https:\/\/api.w.org\/{rel}","templated":true}]}}