{"id":45,"date":"2010-04-14T10:33:08","date_gmt":"2010-04-14T09:33:08","guid":{"rendered":"https:\/\/blogs.fu-berlin.de\/et-community\/?p=45"},"modified":"2010-04-14T11:31:49","modified_gmt":"2010-04-14T10:31:49","slug":"veranstaltung-zu-prezi-am-05-05-2010","status":"publish","type":"post","link":"https:\/\/blogs.fu-berlin.de\/et-community\/2010\/04\/14\/veranstaltung-zu-prezi-am-05-05-2010\/","title":{"rendered":"Veranstaltung zu Prezi am 05.05.2010"},"content":{"rendered":"<p>Unter dem Motto &#8222;<a href=\"https:\/\/www.e-learning.fu-berlin.de\/schulungen\/lehrende\/trendwerkstatt\/praesentieren_ppt\/20100505.html\">Pr\u00e4sentieren jenseits von Powerpoint<\/a>&#8220; wird Stefan am 05.05.2010 von 10:00-14:30 Uhr\u00a0eine Einf\u00fchrung in die Software <a href=\"https:\/\/www.prezi.de\/\">Prezi<\/a> geben. Die E-Teacher des letzten Lehrgangs haben Prezi bereits in Aktion erlebt &#8211; in der Pr\u00e4sentation von Peter. Nun zeigt Stefan in einer vierst\u00fcndigen Einf\u00fchrung, wie eine solche Pr\u00e4sentation erstellt wird.\u00a0<\/p>\n<p>Wenn Ihr\u00a0mitmachen wollt, dann schickt bitte eine mail an <a href=\"mailto:fortbildung@cedis.fu-berlin.de\">fortbildung@cedis.fu-berlin.de<\/a> oder hinterlasst einen Kommentar.<\/p>\n","protected":false},"excerpt":{"rendered":"<p>Unter dem Motto &#8222;Pr\u00e4sentieren jenseits von Powerpoint&#8220; wird Stefan am 05.05.2010 von 10:00-14:30 Uhr\u00a0eine Einf\u00fchrung in die Software Prezi geben. Die E-Teacher des letzten Lehrgangs haben Prezi bereits in Aktion erlebt &#8211; in der Pr\u00e4sentation von Peter. Nun zeigt Stefan in einer vierst\u00fcndigen Einf\u00fchrung, wie eine solche Pr\u00e4sentation erstellt wird.\u00a0 Wenn Ihr\u00a0mitmachen wollt, dann schickt [&hellip;]<\/p>\n","protected":false},"author":108,"featured_media":0,"comment_status":"open","ping_status":"open","sticky":false,"template":"","format":"standard","meta":{"footnotes":""},"categories":[70],"tags":[1667,5077,1338],"class_list":["post-45","post","type-post","status-publish","format-standard","hentry","category-veranstaltungen","tag-prezi","tag-veranstaltungen","tag-web-2-0"],"_links":{"self":[{"href":"https:\/\/blogs.fu-berlin.de\/et-community\/wp-json\/wp\/v2\/posts\/45","targetHints":{"allow":["GET"]}}],"collection":[{"href":"https:\/\/blogs.fu-berlin.de\/et-community\/wp-json\/wp\/v2\/posts"}],"about":[{"href":"https:\/\/blogs.fu-berlin.de\/et-community\/wp-json\/wp\/v2\/types\/post"}],"author":[{"embeddable":true,"href":"https:\/\/blogs.fu-berlin.de\/et-community\/wp-json\/wp\/v2\/users\/108"}],"replies":[{"embeddable":true,"href":"https:\/\/blogs.fu-berlin.de\/et-community\/wp-json\/wp\/v2\/comments?post=45"}],"version-history":[{"count":4,"href":"https:\/\/blogs.fu-berlin.de\/et-community\/wp-json\/wp\/v2\/posts\/45\/revisions"}],"predecessor-version":[{"id":48,"href":"https:\/\/blogs.fu-berlin.de\/et-community\/wp-json\/wp\/v2\/posts\/45\/revisions\/48"}],"wp:attachment":[{"href":"https:\/\/blogs.fu-berlin.de\/et-community\/wp-json\/wp\/v2\/media?parent=45"}],"wp:term":[{"taxonomy":"category","embeddable":true,"href":"https:\/\/blogs.fu-berlin.de\/et-community\/wp-json\/wp\/v2\/categories?post=45"},{"taxonomy":"post_tag","embeddable":true,"href":"https:\/\/blogs.fu-berlin.de\/et-community\/wp-json\/wp\/v2\/tags?post=45"}],"curies":[{"name":"wp","href":"https:\/\/api.w.org\/{rel}","templated":true}]}}