{"id":105,"date":"2019-05-06T15:56:10","date_gmt":"2019-05-06T13:56:10","guid":{"rendered":"https:\/\/blogs.fu-berlin.de\/fairunbefristet\/?p=105"},"modified":"2019-05-08T16:10:51","modified_gmt":"2019-05-08T14:10:51","slug":"einigung-von-bund-und-laendern-ueber-die-wissenschaftsfinanzierung-in-den-20er-jahren","status":"publish","type":"post","link":"https:\/\/blogs.fu-berlin.de\/fairunbefristet\/2019\/05\/06\/einigung-von-bund-und-laendern-ueber-die-wissenschaftsfinanzierung-in-den-20er-jahren\/","title":{"rendered":"Einigung von Bund und L\u00e4ndern \u00fcber die Wissenschaftsfinanzierung in den 20er Jahren"},"content":{"rendered":"<h3><strong>Ausgangssituation<\/strong><\/h3>\n<ul>\n<li>Hochschulpakt 2020 ist ausgelaufen<\/li>\n<li>am 3. Mai wurden von der GWK von Bund und L\u00e4ndern\u00a0Verhandlungen zum Folgepakt gef\u00fchrt, im Vorfeld fanden Aushandlung des Bundesbildungsministeriums (BMBF) und der Wissenschaftsminister der L\u00e4nder statt<\/li>\n<li>BMBF forderte als weiteren Parameter der Mittelvergabe \u201eunbefristetes wissenschaftliches Personal\u201c<\/li>\n<\/ul>\n<h3>Zusammenfassung der Ergebnisse<\/h3>\n<ul>\n<li>Verstetigung des Hochschulpakts im Koalitionsvertrag zwischen Union und SPD, daher fordern GEW, Verdi und NGA Wiss:\n<ul>\n<li>die Mittel des Folgepakts sollen f\u00fcr Entfristung der Stellen verwendet werden<\/li>\n<li>Verpflichtung zur Dokumentation durch die L\u00e4nder<\/li>\n<\/ul>\n<\/li>\n<li>mehr Planungssicherheit f\u00fcr Forschungsinstitute und Hochschulen durch Steigerung der\u00a0Bundesfinanzierung beim\u00a0<strong>&#8222;<em>Zukunftsvertrag Studium und Lehre st\u00e4rken<\/em>&#8222;<\/strong> (vorher: Hochschulpakt) um 170 Millionen auf 2,05 Milliarden Euro<\/li>\n<li>mehr unbefristete Besch\u00e4ftigungsverh\u00e4ltnisse f\u00fcr die Lehre an den Hochschulen durch\u00a0dauerhafte F\u00f6rderung ab dem Jahr 2021<\/li>\n<li>keine K\u00fcrzung beim <strong>Pakt f\u00fcr Forschung und Innovation, <\/strong>3-prozentiger Aufwuchs f\u00fcr die au\u00dferuniversit\u00e4ren Forschungseinrichtungen und die Deutsche Forschungsgemeinschaft (DFG)<\/li>\n<li>K\u00fcrzungen beim <strong>Qualit\u00e4tspakt f\u00fcr Lehre<\/strong> (k\u00fcnftiger Name: <strong>&#8222;Innovation in der Hochschullehre&#8220;<\/strong>) um 50 Mio Euro<\/li>\n<li>Finanzierung von 2021 bis 2023 durch den Bund, ab 2024 gemeinsam, (Bund 110 Millionen Euro und die L\u00e4nder 40 Millionen Euro j\u00e4hrlich)<\/li>\n<\/ul>\n<h3>Reaktionen<\/h3>\n<h5>Deutscher Hochschulverband<\/h5>\n<p>Professor Bernhard Kempen, Pr\u00e4sident des DHV: &#8222;Die Erleichterung, dass sich Bund und L\u00e4nder bei den Wissenschaftspakten geeinigt haben, ist gro\u00df. Aber die Ergebnisse stellen nicht den Durchbruch dar, den sich die Wissenschaftlerinnen und Wissenschaftler von den Verhandlungen erhofft haben. Die Hochschulen werden auch in den n\u00e4chsten Jahren lediglich mit dem Allernotwendigsten versorgt werden.&#8220;<\/p>\n<h5>Gewerkschaft Erziehung und Wissenschaft (GEW)<\/h5>\n<p>Andreas Keller, stellvertretender GEW-Vorsitzender: &#8222;Neun von zehn wissenschaftlichen Mitarbeiterinnen und Mitarbeitern werden mit einem Zeitvertrag abgespeist, die H\u00e4lfte der Vertr\u00e4ge hat eine Laufzeit von weniger als einem Jahr. Dieses Befristungsunwesen fortzusetzen, w\u00e4re nicht nur ein Schlag ins Gesicht der hoch qualifizierten und motivierten Wissenschaftlerinnen und Wissenschaftler, auch Kontinuit\u00e4t und Qualit\u00e4t von Lehre und Studium w\u00fcrden gef\u00e4hrdet. Es ist zu begr\u00fc\u00dfen, dass der \u201eZukunftsvertrag\u201c ab 2021 auf unbefristete Zeit laufen wird. Absolut unverst\u00e4ndlich ist, dass die aus dem Pakt finanzierten Dozentinnen und Dozenten weiterhin semesterweise geheuert und gefeuert werden k\u00f6nnen. Pakt entfristet, Personal befristet \u2013 das passt \u00fcberhaupt nicht zusammen.&#8220;<\/p>\n<h3>Unser Fazit:<\/h3>\n<p>Nun m\u00fcssen wir auf Landesebene den Unileitungen auf die Finger schauen, was sie mit dem Geld tats\u00e4chlich tun. Wir fordern weiter: <strong>Finanzierung von Dauerstellen in Forschung und Lehre aus den Dauergeldern<\/strong>!<\/p>\n<h3>Mehr dazu<\/h3>\n<p><a href=\"https:\/\/www.forschung-und-lehre.de\/politik\/bund-und-laender-einigen-sich-auf-zukunftsvertrag-1733\/\">https:\/\/www.forschung-und-lehre.de\/politik\/bund-und-laender-einigen-sich-auf-zukunftsvertrag-1733\/<\/a><\/p>\n<p><a href=\"https:\/\/www.freitag.de\/autoren\/martina-mescher\/frist-frisst-seele-auf\">https:\/\/www.freitag.de\/autoren\/martina-mescher\/frist-frisst-seele-auf<\/a><\/p>\n<p><a href=\"https:\/\/www.jmwiarda.de\/2019\/05\/03\/planungssicherheit-bis-2030\/\">https:\/\/www.jmwiarda.de\/2019\/05\/03\/planungssicherheit-bis-2030\/<\/a><\/p>\n<p><a href=\"https:\/\/www.gew.de\/presse\/pressemitteilungen\/detailseite\/neuigkeiten\/gew-hochschulpakt-wird-entfristet-personal-bleibt-befristet\/\">https:\/\/www.gew.de\/presse\/pressemitteilungen\/detailseite\/neuigkeiten\/gew-hochschulpakt-wird-entfristet-personal-bleibt-befristet\/<\/a><\/p>\n","protected":false},"excerpt":{"rendered":"<p>Ausgangssituation Hochschulpakt 2020 ist ausgelaufen am 3. Mai wurden von der GWK von Bund und L\u00e4ndern\u00a0Verhandlungen zum Folgepakt gef\u00fchrt, im Vorfeld fanden Aushandlung des Bundesbildungsministeriums (BMBF) und der Wissenschaftsminister der L\u00e4nder statt BMBF forderte als weiteren Parameter der Mittelvergabe \u201eunbefristetes wissenschaftliches Personal\u201c Zusammenfassung der Ergebnisse Verstetigung des Hochschulpakts im Koalitionsvertrag zwischen Union und SPD, daher &hellip; <a href=\"https:\/\/blogs.fu-berlin.de\/fairunbefristet\/2019\/05\/06\/einigung-von-bund-und-laendern-ueber-die-wissenschaftsfinanzierung-in-den-20er-jahren\/\" class=\"more-link\"><span class=\"screen-reader-text\">\u201eEinigung von Bund und L\u00e4ndern \u00fcber die Wissenschaftsfinanzierung in den 20er Jahren\u201c<\/span> weiterlesen<\/a><\/p>\n","protected":false},"author":3529,"featured_media":0,"comment_status":"open","ping_status":"open","sticky":false,"template":"","format":"standard","meta":{"footnotes":""},"categories":[9],"tags":[],"class_list":["post-105","post","type-post","status-publish","format-standard","hentry","category-allgemein"],"_links":{"self":[{"href":"https:\/\/blogs.fu-berlin.de\/fairunbefristet\/wp-json\/wp\/v2\/posts\/105","targetHints":{"allow":["GET"]}}],"collection":[{"href":"https:\/\/blogs.fu-berlin.de\/fairunbefristet\/wp-json\/wp\/v2\/posts"}],"about":[{"href":"https:\/\/blogs.fu-berlin.de\/fairunbefristet\/wp-json\/wp\/v2\/types\/post"}],"author":[{"embeddable":true,"href":"https:\/\/blogs.fu-berlin.de\/fairunbefristet\/wp-json\/wp\/v2\/users\/3529"}],"replies":[{"embeddable":true,"href":"https:\/\/blogs.fu-berlin.de\/fairunbefristet\/wp-json\/wp\/v2\/comments?post=105"}],"version-history":[{"count":11,"href":"https:\/\/blogs.fu-berlin.de\/fairunbefristet\/wp-json\/wp\/v2\/posts\/105\/revisions"}],"predecessor-version":[{"id":116,"href":"https:\/\/blogs.fu-berlin.de\/fairunbefristet\/wp-json\/wp\/v2\/posts\/105\/revisions\/116"}],"wp:attachment":[{"href":"https:\/\/blogs.fu-berlin.de\/fairunbefristet\/wp-json\/wp\/v2\/media?parent=105"}],"wp:term":[{"taxonomy":"category","embeddable":true,"href":"https:\/\/blogs.fu-berlin.de\/fairunbefristet\/wp-json\/wp\/v2\/categories?post=105"},{"taxonomy":"post_tag","embeddable":true,"href":"https:\/\/blogs.fu-berlin.de\/fairunbefristet\/wp-json\/wp\/v2\/tags?post=105"}],"curies":[{"name":"wp","href":"https:\/\/api.w.org\/{rel}","templated":true}]}}