{"id":218,"date":"2019-08-22T14:42:28","date_gmt":"2019-08-22T12:42:28","guid":{"rendered":"https:\/\/blogs.fu-berlin.de\/fairunbefristet\/?p=218"},"modified":"2019-08-22T14:42:28","modified_gmt":"2019-08-22T12:42:28","slug":"solidaritaet-mit-den-beschaeftigten-bei-uni-assist-e-v","status":"publish","type":"post","link":"https:\/\/blogs.fu-berlin.de\/fairunbefristet\/2019\/08\/22\/solidaritaet-mit-den-beschaeftigten-bei-uni-assist-e-v\/","title":{"rendered":"Solidarit\u00e4t mit den Besch\u00e4ftigten bei uni-assist e.V."},"content":{"rendered":"<p>Am 19.8. sind die Besch\u00e4ftigten von uni-assist e.V. in den Warnstreik getreten. Wir unterst\u00fctzen den Arbeitskampf der Besch\u00e4ftigten von uni-assist und schlie\u00dfen uns dem Aufruf des<a href=\"https:\/\/www.fu-berlin.de\/sites\/gpr\/news\/20190806_uni-assist.html?fbclid=IwAR0vkaqeBZUedA1k3sIOM0jYjrGxm2altihzHath2uH8Dbi2h_mv67Wo4vA\"> Gesamtpersonalrats der FU<\/a> an:<\/p>\n<div class=\"debug page\">\n<div class=\"content-wrapper main horizontal-bg-container-main\">\n<div class=\"container\">\n<div class=\"row\">\n<div class=\"col-m-7 print-full-width\">\n<div class=\"fub-content fub-fu_news_dok\">\n<div class=\"box box-news-doc\">\n<div class=\"editor-content \">\n<p>Die Besch\u00e4ftigten von uni-assist e.V. brauchen jetzt unsere Unterst\u00fctzung f\u00fcr die Umsetzung eines Haustarifvertrages!<\/p>\n<p>Der Arbeitgeber uni-assist e.V. wurde im Jahr 2003 von 41 deutschen Hochschulen gegr\u00fcndet, um f\u00fcr die steigende Anzahl internationaler Studienbewerber*innen eine qualitativ hochwertige Bearbeitung sicherzustellen. Inzwischen sind \u00fcber 180 Hochschulen bei uni-assist e.V. Mitglied. uni-assist e.V. begutachtet ausl\u00e4ndische Zeugnisse und Sprachnachweise im Auftrag der Hochschulen und stellt den Hochschulen das Ergebnis der Vorpr\u00fcfung zur Verf\u00fcgung. Den Bewerber*innen steht uni-assist e.v. w\u00e4hrend des individuellen Bewerbungsprozesses mit seinem Serviceangebot f\u00fcr Fragen zur Verf\u00fcgung.<\/p>\n<p>Die Besch\u00e4ftigten bei uni-assist e.V. wollen einen Systemwandel in der Finanzierung und der Personalplanung erreichen. Aktuell arbeiten sie unter Bedingungen, die ungeregelte Befristungen, unterschiedliche Bezahlung f\u00fcr gleiche Arbeit, hohe Mitarbeiterfluktuation etc. beinhalten.<\/p>\n<p>Sie fordern u.a.:<\/p>\n<ul>\n<li>Fl\u00e4chendeckende Verg\u00fctung nach TV\u00f6D\/TV-L<\/li>\n<li>Klare Entfristungsregelung<\/li>\n<li>38,5 Stunden pro Woche bei Vollzeit<\/li>\n<li>Verbindliche Jahressonderzahlung<\/li>\n<\/ul>\n<p>Finanziert wird ihre Arbeit zurzeit vor allem \u00fcber das Bearbeitungsentgelt. Dies tragen zum gr\u00f6\u00dften Teil die Bewerber*innen. Das darf nicht so bleiben!<\/p>\n<p>Denn: uni-assist e.V. erf\u00fcllt eine \u00f6ffentliche Aufgabe der Hochschulen, doch es fehlt am finanziellen \u00f6ffentlichen Beitrag!<\/p>\n<p><strong>Auch die FU profitiert von der Arbeit der Besch\u00e4ftigten bei uni-assist e.V. Der Gesamtpersonalrat der FU Berlin fordert deshalb, dass die FU sich an der Finanzierung von uni-assist e.V. beteiligt!<\/strong><\/p>\n<p><strong>Aktuelle Infos unter <a href=\"https:\/\/verdi-uni-assist.de\/\">https:\/\/verdi-uni-assist.de\/<\/a><br \/>\n<\/strong><\/p>\n<\/div>\n<\/div>\n<\/div>\n<\/div>\n<\/div>\n<\/div>\n<\/div>\n<\/div>\n","protected":false},"excerpt":{"rendered":"<p>Am 19.8. sind die Besch\u00e4ftigten von uni-assist e.V. in den Warnstreik getreten. Wir unterst\u00fctzen den Arbeitskampf der Besch\u00e4ftigten von uni-assist und schlie\u00dfen uns dem Aufruf des Gesamtpersonalrats der FU an: Die Besch\u00e4ftigten von uni-assist e.V. brauchen jetzt unsere Unterst\u00fctzung f\u00fcr die Umsetzung eines Haustarifvertrages! Der Arbeitgeber uni-assist e.V. wurde im Jahr 2003 von 41 deutschen &hellip; <a href=\"https:\/\/blogs.fu-berlin.de\/fairunbefristet\/2019\/08\/22\/solidaritaet-mit-den-beschaeftigten-bei-uni-assist-e-v\/\" class=\"more-link\"><span class=\"screen-reader-text\">\u201eSolidarit\u00e4t mit den Besch\u00e4ftigten bei uni-assist e.V.\u201c<\/span> weiterlesen<\/a><\/p>\n","protected":false},"author":3536,"featured_media":0,"comment_status":"open","ping_status":"open","sticky":false,"template":"","format":"standard","meta":{"footnotes":""},"categories":[9],"tags":[],"class_list":["post-218","post","type-post","status-publish","format-standard","hentry","category-allgemein"],"_links":{"self":[{"href":"https:\/\/blogs.fu-berlin.de\/fairunbefristet\/wp-json\/wp\/v2\/posts\/218","targetHints":{"allow":["GET"]}}],"collection":[{"href":"https:\/\/blogs.fu-berlin.de\/fairunbefristet\/wp-json\/wp\/v2\/posts"}],"about":[{"href":"https:\/\/blogs.fu-berlin.de\/fairunbefristet\/wp-json\/wp\/v2\/types\/post"}],"author":[{"embeddable":true,"href":"https:\/\/blogs.fu-berlin.de\/fairunbefristet\/wp-json\/wp\/v2\/users\/3536"}],"replies":[{"embeddable":true,"href":"https:\/\/blogs.fu-berlin.de\/fairunbefristet\/wp-json\/wp\/v2\/comments?post=218"}],"version-history":[{"count":1,"href":"https:\/\/blogs.fu-berlin.de\/fairunbefristet\/wp-json\/wp\/v2\/posts\/218\/revisions"}],"predecessor-version":[{"id":219,"href":"https:\/\/blogs.fu-berlin.de\/fairunbefristet\/wp-json\/wp\/v2\/posts\/218\/revisions\/219"}],"wp:attachment":[{"href":"https:\/\/blogs.fu-berlin.de\/fairunbefristet\/wp-json\/wp\/v2\/media?parent=218"}],"wp:term":[{"taxonomy":"category","embeddable":true,"href":"https:\/\/blogs.fu-berlin.de\/fairunbefristet\/wp-json\/wp\/v2\/categories?post=218"},{"taxonomy":"post_tag","embeddable":true,"href":"https:\/\/blogs.fu-berlin.de\/fairunbefristet\/wp-json\/wp\/v2\/tags?post=218"}],"curies":[{"name":"wp","href":"https:\/\/api.w.org\/{rel}","templated":true}]}}