{"id":240,"date":"2019-10-14T12:01:25","date_gmt":"2019-10-14T10:01:25","guid":{"rendered":"https:\/\/blogs.fu-berlin.de\/fairunbefristet\/?p=240"},"modified":"2019-10-14T12:07:55","modified_gmt":"2019-10-14T10:07:55","slug":"240","status":"publish","type":"post","link":"https:\/\/blogs.fu-berlin.de\/fairunbefristet\/2019\/10\/14\/240\/","title":{"rendered":"Start der Petition f\u00fcr Entfristung an der FU"},"content":{"rendered":"<p>Am heutigen <strong>Montag, 14.10.2019<\/strong> starten wir die online Petition der Initiative FU:fair&amp;unbefristet. Die Unterschriftensammlung wird durch eine Reihe von Aktionen begleitet, um die Besch\u00e4ftigten der FU auf unsere Initiative aufmerksam zu machen und zum Mitmachen einzuladen.<\/p>\n<p>Als Auftakt der Aktionen im Rahmen der Petition veranstalten wir eine <b>Unterschriftensammlung<\/b> vor der Mensa II in der Otto-von-Simson-Stra\u00dfe am <b>kommenden Mittwoch, den 16.10. von 11-15 Uhr.<br \/>\n<\/b><\/p>\n<p>Die Petition kann man auch online unterzeichnen: <a id=\"LPlnk796761\" class=\"OWAAutoLink\" href=\"https:\/\/www.openpetition.de\/petition\/online\/fuer-entfristung-und-faire-arbeitsbedingungen-an-der-fu-berlin\"> https:\/\/www.openpetition.de\/petition\/online\/fuer-entfristung-und-faire-arbeitsbedingungen-an-der-fu-berlin<\/a><br \/>\nAuch Professor*innen sind herzlich zur Unterzeichnung aufgerufen! Wir sammeln das ganze Wintersemester und \u00fcbergeben die Petition dann am 14. Februar 2020 dem Pr\u00e4sidium. Und nat\u00fcrlich wird es dabei allein nicht bleiben&#8230;<\/p>\n","protected":false},"excerpt":{"rendered":"<p>Am heutigen Montag, 14.10.2019 starten wir die online Petition der Initiative FU:fair&amp;unbefristet. Die Unterschriftensammlung wird durch eine Reihe von Aktionen begleitet, um die Besch\u00e4ftigten der FU auf unsere Initiative aufmerksam zu machen und zum Mitmachen einzuladen. Als Auftakt der Aktionen im Rahmen der Petition veranstalten wir eine Unterschriftensammlung vor der Mensa II in der Otto-von-Simson-Stra\u00dfe &hellip; <a href=\"https:\/\/blogs.fu-berlin.de\/fairunbefristet\/2019\/10\/14\/240\/\" class=\"more-link\"><span class=\"screen-reader-text\">\u201eStart der Petition f\u00fcr Entfristung an der FU\u201c<\/span> weiterlesen<\/a><\/p>\n","protected":false},"author":3529,"featured_media":0,"comment_status":"open","ping_status":"open","sticky":false,"template":"","format":"standard","meta":{"footnotes":""},"categories":[9],"tags":[],"class_list":["post-240","post","type-post","status-publish","format-standard","hentry","category-allgemein"],"_links":{"self":[{"href":"https:\/\/blogs.fu-berlin.de\/fairunbefristet\/wp-json\/wp\/v2\/posts\/240","targetHints":{"allow":["GET"]}}],"collection":[{"href":"https:\/\/blogs.fu-berlin.de\/fairunbefristet\/wp-json\/wp\/v2\/posts"}],"about":[{"href":"https:\/\/blogs.fu-berlin.de\/fairunbefristet\/wp-json\/wp\/v2\/types\/post"}],"author":[{"embeddable":true,"href":"https:\/\/blogs.fu-berlin.de\/fairunbefristet\/wp-json\/wp\/v2\/users\/3529"}],"replies":[{"embeddable":true,"href":"https:\/\/blogs.fu-berlin.de\/fairunbefristet\/wp-json\/wp\/v2\/comments?post=240"}],"version-history":[{"count":5,"href":"https:\/\/blogs.fu-berlin.de\/fairunbefristet\/wp-json\/wp\/v2\/posts\/240\/revisions"}],"predecessor-version":[{"id":245,"href":"https:\/\/blogs.fu-berlin.de\/fairunbefristet\/wp-json\/wp\/v2\/posts\/240\/revisions\/245"}],"wp:attachment":[{"href":"https:\/\/blogs.fu-berlin.de\/fairunbefristet\/wp-json\/wp\/v2\/media?parent=240"}],"wp:term":[{"taxonomy":"category","embeddable":true,"href":"https:\/\/blogs.fu-berlin.de\/fairunbefristet\/wp-json\/wp\/v2\/categories?post=240"},{"taxonomy":"post_tag","embeddable":true,"href":"https:\/\/blogs.fu-berlin.de\/fairunbefristet\/wp-json\/wp\/v2\/tags?post=240"}],"curies":[{"name":"wp","href":"https:\/\/api.w.org\/{rel}","templated":true}]}}